{"id":93322,"date":"2022-02-26T10:03:31","date_gmt":"2022-02-26T13:03:31","guid":{"rendered":"https:\/\/www.cordobatimes.com\/showup\/?p=93322"},"modified":"2022-02-26T10:03:31","modified_gmt":"2022-02-26T13:03:31","slug":"el-mensaje-de-natalia-oreiro-en-medio-de-la-invasion-de-rusia-a-ucrania","status":"publish","type":"post","link":"https:\/\/www.cordobatimes.com\/showup\/famosos\/2022\/02\/26\/el-mensaje-de-natalia-oreiro-en-medio-de-la-invasion-de-rusia-a-ucrania\/","title":{"rendered":"El mensaje de Natalia Oreiro en medio de la invasi\u00f3n de Rusia a Ucrania"},"content":{"rendered":"<h3><strong>La actriz, que obtuvo la ciudadan\u00eda rusa hace poco tiempo, se expres\u00f3 sobre el conflicto internacional a trav\u00e9s de sus redes sociales<\/strong><\/h3>\n<p>La noticia del ataque de Rusia a Ucrania en la madrugada del jueves conmocion\u00f3 al mundo entero. Y fueron muchas las figuras del espect\u00e1culo que se expresaron a trav\u00e9s de las redes sociales. Sin embargo, la palabra de\u00a0Natalia Oreiro\u00a0era una de las m\u00e1s esperadas: de hecho, durante el d\u00eda de ayer su nombre fue tendencia en las redes sociales. Es que la actriz tiene una gran cercan\u00eda con el pa\u00eds que preside\u00a0Vladimir Putin, ya que all\u00ed es \u00eddola e incluso en noviembre pasado tanto ella como su hijo recibieron la ciudadan\u00eda.<\/p>\n<p>En este contexto, en las \u00faltimas horas la ex\u00a0Mu\u00f1eca Brava\u00a0decidi\u00f3 romper el silencio a trav\u00e9s de su cuenta de\u00a0Instagram. En sus stories, public\u00f3 una caricatura en la que se ven dos personas, una con los colores de la bandera de Rusia y otra con los de Ucrania, y ambas tratando de alcanzar dos palomas.\u00a0\u201cQueremos paz\u201d, se puede leer, tanto en idioma ruso como en espa\u00f1ol.<\/p>\n<p><img alt=\"\" loading=\"lazy\" decoding=\"async\" class=\"alignnone wp-image-93324 size-full\" src=\"https:\/\/www.cordobatimes.com\/showup\/wp-content\/uploads\/2022\/02\/natalia-oreiro.jpg\" alt=\"\" width=\"371\" height=\"650\" srcset=\"https:\/\/www.cordobatimes.com\/showup\/wp-content\/uploads\/2022\/02\/natalia-oreiro.jpg 371w, https:\/\/www.cordobatimes.com\/showup\/wp-content\/uploads\/2022\/02\/natalia-oreiro-240x420.jpg 240w\" sizes=\"auto, (max-width: 371px) 100vw, 371px\" \/><\/p>\n","protected":false},"excerpt":{"rendered":"<p>La actriz, que obtuvo la ciudadan\u00eda rusa hace poco tiempo, se expres\u00f3 sobre el conflicto internacional a trav\u00e9s de sus redes sociales La noticia del ataque de Rusia a Ucrania en la madrugada del jueves conmocion\u00f3 al mundo entero. Y fueron muchas las figuras del espect\u00e1culo que se expresaron a trav\u00e9s de las redes sociales. [&hellip;]<\/p>\n","protected":false},"author":1,"featured_media":93323,"comment_status":"closed","ping_status":"closed","sticky":false,"template":"","format":"standard","meta":{"_seopress_robots_primary_cat":"","_seopress_titles_title":"","_seopress_titles_desc":"","_seopress_robots_index":"","footnotes":""},"categories":[4],"tags":[34598,34622,34620,34621],"class_list":{"0":"post-93322","1":"post","2":"type-post","3":"status-publish","4":"format-standard","5":"has-post-thumbnail","7":"category-famosos","8":"tag-guerra-entre-ucrania-y-rusia","9":"tag-invasion-de-rusia-a-ucrania","10":"tag-mensaje-de-natalia-oreiro","11":"tag-natalia-oreiro-invasion-de-rusia-a-ucrania"},"_links":{"self":[{"href":"https:\/\/www.cordobatimes.com\/showup\/wp-json\/wp\/v2\/posts\/93322","targetHints":{"allow":["GET"]}}],"collection":[{"href":"https:\/\/www.cordobatimes.com\/showup\/wp-json\/wp\/v2\/posts"}],"about":[{"href":"https:\/\/www.cordobatimes.com\/showup\/wp-json\/wp\/v2\/types\/post"}],"author":[{"embeddable":true,"href":"https:\/\/www.cordobatimes.com\/showup\/wp-json\/wp\/v2\/users\/1"}],"replies":[{"embeddable":true,"href":"https:\/\/www.cordobatimes.com\/showup\/wp-json\/wp\/v2\/comments?post=93322"}],"version-history":[{"count":0,"href":"https:\/\/www.cordobatimes.com\/showup\/wp-json\/wp\/v2\/posts\/93322\/revisions"}],"wp:featuredmedia":[{"embeddable":true,"href":"https:\/\/www.cordobatimes.com\/showup\/wp-json\/wp\/v2\/media\/93323"}],"wp:attachment":[{"href":"https:\/\/www.cordobatimes.com\/showup\/wp-json\/wp\/v2\/media?parent=93322"}],"wp:term":[{"taxonomy":"category","embeddable":true,"href":"https:\/\/www.cordobatimes.com\/showup\/wp-json\/wp\/v2\/categories?post=93322"},{"taxonomy":"post_tag","embeddable":true,"href":"https:\/\/www.cordobatimes.com\/showup\/wp-json\/wp\/v2\/tags?post=93322"}],"curies":[{"name":"wp","href":"https:\/\/api.w.org\/{rel}","templated":true}]}}