{"id":93319,"date":"2022-02-26T09:39:41","date_gmt":"2022-02-26T12:39:41","guid":{"rendered":"https:\/\/www.cordobatimes.com\/showup\/?p=93319"},"modified":"2022-02-26T09:39:41","modified_gmt":"2022-02-26T12:39:41","slug":"soledad-pastorutti-y-natalie-perez-lanzaron-su-tema-lagrimas-y-flores","status":"publish","type":"post","link":"https:\/\/www.cordobatimes.com\/showup\/musica\/2022\/02\/26\/soledad-pastorutti-y-natalie-perez-lanzaron-su-tema-lagrimas-y-flores\/","title":{"rendered":"Soledad Pastorutti y Natalie P\u00e9rez lanzaron su tema \u201cL\u00e1grimas y Flores\u201d"},"content":{"rendered":"<h3><strong>\u00c9ste es un nuevo desaf\u00edo para la cantante folcl\u00f3rica, ya que es una cumbia con estilo pop, colorido y bien veraniego.<\/strong><\/h3>\n<p>Soledad Pastorutti lanz\u00f3 un nuevo tema en el que invit\u00f3 a Natalie P\u00e9rez a colaborar con ella. Se llama \u201cL\u00e1grimas y Flores\u201d y ya est\u00e1 disponible en todas las plataformas. \u00c9ste es un nuevo desaf\u00edo para la cantante folcl\u00f3rica, ya que es una cumbia con estilo pop, colorido y bien veraniego.<\/p>\n<p><iframe loading=\"lazy\" width=\"560\" height=\"315\" src=\"https:\/\/www.youtube.com\/embed\/vS95xIaGrPA\" title=\"YouTube video player\" frameborder=\"0\" allow=\"accelerometer; autoplay; clipboard-write; encrypted-media; gyroscope; picture-in-picture\" allowfullscreen><\/iframe><\/p>\n","protected":false},"excerpt":{"rendered":"<p>\u00c9ste es un nuevo desaf\u00edo para la cantante folcl\u00f3rica, ya que es una cumbia con estilo pop, colorido y bien veraniego. Soledad Pastorutti lanz\u00f3 un nuevo tema en el que invit\u00f3 a Natalie P\u00e9rez a colaborar con ella. Se llama \u201cL\u00e1grimas y Flores\u201d y ya est\u00e1 disponible en todas las plataformas. \u00c9ste es un nuevo [&hellip;]<\/p>\n","protected":false},"author":1,"featured_media":93320,"comment_status":"closed","ping_status":"closed","sticky":false,"template":"","format":"standard","meta":{"_seopress_robots_primary_cat":"","_seopress_titles_title":"","_seopress_titles_desc":"","_seopress_robots_index":"","footnotes":""},"categories":[5],"tags":[34618,34619],"class_list":{"0":"post-93319","1":"post","2":"type-post","3":"status-publish","4":"format-standard","5":"has-post-thumbnail","7":"category-musica","8":"tag-soledad-pastorutti-y-natalie-perez","9":"tag-soledad-pastorutti-y-natalie-perez-lagrimas-y-flores"},"_links":{"self":[{"href":"https:\/\/www.cordobatimes.com\/showup\/wp-json\/wp\/v2\/posts\/93319","targetHints":{"allow":["GET"]}}],"collection":[{"href":"https:\/\/www.cordobatimes.com\/showup\/wp-json\/wp\/v2\/posts"}],"about":[{"href":"https:\/\/www.cordobatimes.com\/showup\/wp-json\/wp\/v2\/types\/post"}],"author":[{"embeddable":true,"href":"https:\/\/www.cordobatimes.com\/showup\/wp-json\/wp\/v2\/users\/1"}],"replies":[{"embeddable":true,"href":"https:\/\/www.cordobatimes.com\/showup\/wp-json\/wp\/v2\/comments?post=93319"}],"version-history":[{"count":0,"href":"https:\/\/www.cordobatimes.com\/showup\/wp-json\/wp\/v2\/posts\/93319\/revisions"}],"wp:featuredmedia":[{"embeddable":true,"href":"https:\/\/www.cordobatimes.com\/showup\/wp-json\/wp\/v2\/media\/93320"}],"wp:attachment":[{"href":"https:\/\/www.cordobatimes.com\/showup\/wp-json\/wp\/v2\/media?parent=93319"}],"wp:term":[{"taxonomy":"category","embeddable":true,"href":"https:\/\/www.cordobatimes.com\/showup\/wp-json\/wp\/v2\/categories?post=93319"},{"taxonomy":"post_tag","embeddable":true,"href":"https:\/\/www.cordobatimes.com\/showup\/wp-json\/wp\/v2\/tags?post=93319"}],"curies":[{"name":"wp","href":"https:\/\/api.w.org\/{rel}","templated":true}]}}