{"id":93295,"date":"2022-02-24T10:20:47","date_gmt":"2022-02-24T13:20:47","guid":{"rendered":"https:\/\/www.cordobatimes.com\/showup\/?p=93295"},"modified":"2022-02-24T10:20:47","modified_gmt":"2022-02-24T13:20:47","slug":"benjamin-vicuna-manifesto-su-dolor-por-la-guerra-entre-ucrania-y-rusia","status":"publish","type":"post","link":"https:\/\/www.cordobatimes.com\/showup\/famosos\/2022\/02\/24\/benjamin-vicuna-manifesto-su-dolor-por-la-guerra-entre-ucrania-y-rusia\/","title":{"rendered":"Benjam\u00edn Vicu\u00f1a manifest\u00f3 su dolor por la guerra entre Ucrania y Rusia"},"content":{"rendered":"<h3><strong>El actor chileno utiliz\u00f3 las historias de Instagram para expresar su opini\u00f3n y su pena sobre el conflicto internacional que viene teniendo en vilo al mundo hace varias semanas.<\/strong><\/h3>\n<p>Este jueves, se desat\u00f3 la guerra entre Ucrania y Rusia tras varias semanas de rispideces y conflictos pol\u00edticos. Los bombardeos se convirtieron en los nuevos protagonistas de la noticia internacional que est\u00e1 en todos los medios de comunicaci\u00f3n del mundo. Por lo que, tambi\u00e9n, lleg\u00f3 al actor chileno, Benjam\u00edn Vicu\u00f1a. Y no pudo evitar expresarse al respecto.<\/p>\n<p><img alt=\"\" loading=\"lazy\" decoding=\"async\" class=\"alignnone wp-image-93297 size-full\" src=\"https:\/\/www.cordobatimes.com\/showup\/wp-content\/uploads\/2022\/02\/benjaminvicuna.ok_274574538_943502632969764_5811975449674038399_n.jpg\" alt=\"\" width=\"828\" height=\"1472\" srcset=\"https:\/\/www.cordobatimes.com\/showup\/wp-content\/uploads\/2022\/02\/benjaminvicuna.ok_274574538_943502632969764_5811975449674038399_n.jpg 828w, https:\/\/www.cordobatimes.com\/showup\/wp-content\/uploads\/2022\/02\/benjaminvicuna.ok_274574538_943502632969764_5811975449674038399_n-236x420.jpg 236w, https:\/\/www.cordobatimes.com\/showup\/wp-content\/uploads\/2022\/02\/benjaminvicuna.ok_274574538_943502632969764_5811975449674038399_n-576x1024.jpg 576w, https:\/\/www.cordobatimes.com\/showup\/wp-content\/uploads\/2022\/02\/benjaminvicuna.ok_274574538_943502632969764_5811975449674038399_n-768x1365.jpg 768w, https:\/\/www.cordobatimes.com\/showup\/wp-content\/uploads\/2022\/02\/benjaminvicuna.ok_274574538_943502632969764_5811975449674038399_n-696x1237.jpg 696w\" sizes=\"auto, (max-width: 828px) 100vw, 828px\" \/><\/p>\n<p>&nbsp;<\/p>\n","protected":false},"excerpt":{"rendered":"<p>El actor chileno utiliz\u00f3 las historias de Instagram para expresar su opini\u00f3n y su pena sobre el conflicto internacional que viene teniendo en vilo al mundo hace varias semanas. Este jueves, se desat\u00f3 la guerra entre Ucrania y Rusia tras varias semanas de rispideces y conflictos pol\u00edticos. Los bombardeos se convirtieron en los nuevos protagonistas [&hellip;]<\/p>\n","protected":false},"author":1,"featured_media":93296,"comment_status":"closed","ping_status":"closed","sticky":false,"template":"","format":"standard","meta":{"_seopress_robots_primary_cat":"","_seopress_titles_title":"","_seopress_titles_desc":"","_seopress_robots_index":"","footnotes":""},"categories":[4],"tags":[34600,34598,34599],"class_list":{"0":"post-93295","1":"post","2":"type-post","3":"status-publish","4":"format-standard","5":"has-post-thumbnail","7":"category-famosos","8":"tag-benjamin-vicuna-guerra-entre-ucrania-y-rusia","9":"tag-guerra-entre-ucrania-y-rusia","10":"tag-ucrania-y-rusia"},"_links":{"self":[{"href":"https:\/\/www.cordobatimes.com\/showup\/wp-json\/wp\/v2\/posts\/93295","targetHints":{"allow":["GET"]}}],"collection":[{"href":"https:\/\/www.cordobatimes.com\/showup\/wp-json\/wp\/v2\/posts"}],"about":[{"href":"https:\/\/www.cordobatimes.com\/showup\/wp-json\/wp\/v2\/types\/post"}],"author":[{"embeddable":true,"href":"https:\/\/www.cordobatimes.com\/showup\/wp-json\/wp\/v2\/users\/1"}],"replies":[{"embeddable":true,"href":"https:\/\/www.cordobatimes.com\/showup\/wp-json\/wp\/v2\/comments?post=93295"}],"version-history":[{"count":0,"href":"https:\/\/www.cordobatimes.com\/showup\/wp-json\/wp\/v2\/posts\/93295\/revisions"}],"wp:featuredmedia":[{"embeddable":true,"href":"https:\/\/www.cordobatimes.com\/showup\/wp-json\/wp\/v2\/media\/93296"}],"wp:attachment":[{"href":"https:\/\/www.cordobatimes.com\/showup\/wp-json\/wp\/v2\/media?parent=93295"}],"wp:term":[{"taxonomy":"category","embeddable":true,"href":"https:\/\/www.cordobatimes.com\/showup\/wp-json\/wp\/v2\/categories?post=93295"},{"taxonomy":"post_tag","embeddable":true,"href":"https:\/\/www.cordobatimes.com\/showup\/wp-json\/wp\/v2\/tags?post=93295"}],"curies":[{"name":"wp","href":"https:\/\/api.w.org\/{rel}","templated":true}]}}