{"id":93277,"date":"2022-02-23T10:36:09","date_gmt":"2022-02-23T13:36:09","guid":{"rendered":"https:\/\/www.cordobatimes.com\/showup\/?p=93277"},"modified":"2022-02-23T10:36:09","modified_gmt":"2022-02-23T13:36:09","slug":"los-palmeras-tocaran-en-el-teatro-colon-junto-a-axel","status":"publish","type":"post","link":"https:\/\/www.cordobatimes.com\/showup\/musica\/2022\/02\/23\/los-palmeras-tocaran-en-el-teatro-colon-junto-a-axel\/","title":{"rendered":"Los Palmeras tocar\u00e1n en el Teatro Col\u00f3n junto a Axel"},"content":{"rendered":"<h3><strong>La ic\u00f3nica banda de cumbia santafesina se subir\u00e1 a cantar en el show del compositor en el marco del Festival \u00danico.<\/strong><\/h3>\n<p>Son la banda de cumbia emblema de la Argentina. Sus canciones son coreadas hasta por las hinchadas, y despu\u00e9s de 45 a\u00f1os en la ruta, les llega un gran reconocimiento:\u00a0Los Palmeras\u00a0tocar\u00e1n por primera vez en el Teatro Col\u00f3n\u00a0este jueves como invitados del\u00a0show de Axel.<\/p>\n<p>\u201cEstamos muy contentos de poder acompa\u00f1arte en el Teatro Col\u00f3n, gracias por invitarnos, querido Axel\u201d, poste\u00f3 el grupo en sus redes sociales, dando lugar al festejo de sus fan\u00e1ticos por el logro.\u00a0\u201cSon los Rolling Stones de la cumbia\u201d, respondi\u00f3 el cantante.<\/p>\n<p>Esta ser\u00e1 la\u00a0primera vez que un grupo de cumbia\u00a0toque sus temas en el m\u00edtico teatro porte\u00f1o. Karina la Princesita y pis\u00f3 varias veces ese escenario, pero interpretando covers en Las Elegidas.<\/p>\n<h3><strong>\u201cOlv\u00eddala\u201d, la colaboraci\u00f3n de Los Palmeras con Axel<\/strong><\/h3>\n<p>Esta no va a ser la primera vez que el emblem\u00e1tico grupo de cumbia santafesina cruza su camino con el compositor. En 2019, y como motivo de la celebraci\u00f3n por su 45 aniversario, la banda grab\u00f3\u00a0Sean Eternos Los Palmeras, un disco de reversiones de sus grandes cl\u00e1sicos con cantantes invitados, como Andr\u00e9s Calamaro, Marcela Morelo, La Mona Jim\u00e9nez, Coti y La Sole, entre otros.\u00a0Axel dej\u00f3 su estampa en \u201cOlv\u00eddala\u201d, dotando al tema de su estirpe pop junto con un ritmo contagioso.<\/p>\n<p>\u201cQu\u00e9 lindo compartir esta canci\u00f3n con mis amigos. \u00a1Agradecido por la invitaci\u00f3n eternamente!\u00a0Espero que disfruten tanto como yo\u201d, escribi\u00f3 Axel en sus redes junto a un fragmento del clip. A casi tres a\u00f1os del lanzamiento, el tema ya acumula 60 millones de reproducciones en plataformas digitales.<\/p>\n<p><iframe loading=\"lazy\" title=\"YouTube video player\" src=\"https:\/\/www.youtube.com\/embed\/3CA82rIKQJE\" width=\"560\" height=\"315\" frameborder=\"0\" allowfullscreen=\"allowfullscreen\"><\/iframe><\/p>\n<h3><strong>Axel+, un concierto con voces invitadas<\/strong><\/h3>\n<p>El recital de Axel en el Teatro Col\u00f3n ser\u00e1 especial por distintos factores. El cantante ejecutar\u00e1 sus canciones en versiones sinf\u00f3nicas y estar\u00e1 acompa\u00f1ado por grandes cantantes invitados.<\/p>\n<p>Adem\u00e1s de Los Palmeras, estar\u00e1n\u00a0Rosana, India Mart\u00ednez, Destino San Javier, MyA y\u00a0Carlos Baute, que aterriz\u00f3 hace un par de horas en Buenos Aires y document\u00f3 su recorrida por la ciudad en las redes sociales.<\/p>\n","protected":false},"excerpt":{"rendered":"<p>La ic\u00f3nica banda de cumbia santafesina se subir\u00e1 a cantar en el show del compositor en el marco del Festival \u00danico. Son la banda de cumbia emblema de la Argentina. Sus canciones son coreadas hasta por las hinchadas, y despu\u00e9s de 45 a\u00f1os en la ruta, les llega un gran reconocimiento:\u00a0Los Palmeras\u00a0tocar\u00e1n por primera vez [&hellip;]<\/p>\n","protected":false},"author":1,"featured_media":93278,"comment_status":"closed","ping_status":"closed","sticky":false,"template":"","format":"standard","meta":{"_seopress_robots_primary_cat":"","_seopress_titles_title":"","_seopress_titles_desc":"","_seopress_robots_index":"","footnotes":""},"categories":[5],"tags":[34586,34587],"class_list":{"0":"post-93277","1":"post","2":"type-post","3":"status-publish","4":"format-standard","5":"has-post-thumbnail","7":"category-musica","8":"tag-los-palmeras-tocaran-en-el-teatro-colon","9":"tag-los-palmeras-y-axel"},"_links":{"self":[{"href":"https:\/\/www.cordobatimes.com\/showup\/wp-json\/wp\/v2\/posts\/93277","targetHints":{"allow":["GET"]}}],"collection":[{"href":"https:\/\/www.cordobatimes.com\/showup\/wp-json\/wp\/v2\/posts"}],"about":[{"href":"https:\/\/www.cordobatimes.com\/showup\/wp-json\/wp\/v2\/types\/post"}],"author":[{"embeddable":true,"href":"https:\/\/www.cordobatimes.com\/showup\/wp-json\/wp\/v2\/users\/1"}],"replies":[{"embeddable":true,"href":"https:\/\/www.cordobatimes.com\/showup\/wp-json\/wp\/v2\/comments?post=93277"}],"version-history":[{"count":0,"href":"https:\/\/www.cordobatimes.com\/showup\/wp-json\/wp\/v2\/posts\/93277\/revisions"}],"wp:featuredmedia":[{"embeddable":true,"href":"https:\/\/www.cordobatimes.com\/showup\/wp-json\/wp\/v2\/media\/93278"}],"wp:attachment":[{"href":"https:\/\/www.cordobatimes.com\/showup\/wp-json\/wp\/v2\/media?parent=93277"}],"wp:term":[{"taxonomy":"category","embeddable":true,"href":"https:\/\/www.cordobatimes.com\/showup\/wp-json\/wp\/v2\/categories?post=93277"},{"taxonomy":"post_tag","embeddable":true,"href":"https:\/\/www.cordobatimes.com\/showup\/wp-json\/wp\/v2\/tags?post=93277"}],"curies":[{"name":"wp","href":"https:\/\/api.w.org\/{rel}","templated":true}]}}