{"id":9327,"date":"2014-01-16T10:45:38","date_gmt":"2014-01-16T13:45:38","guid":{"rendered":"http:\/\/cordobatimes.com\/showup\/?p=9327"},"modified":"2019-11-09T19:13:44","modified_gmt":"2019-11-09T22:13:44","slug":"violetta-en-vivo-debuto-en-paris-en-teatro-cine-y-tv-en-simultaneo","status":"publish","type":"post","link":"https:\/\/www.cordobatimes.com\/showup\/musica\/2014\/01\/16\/violetta-en-vivo-debuto-en-paris-en-teatro-cine-y-tv-en-simultaneo\/","title":{"rendered":"\u201cVioletta en vivo\u201d debut\u00f3 en Paris en teatro, cine y tv en simult\u00e1neo"},"content":{"rendered":"<h3 style=\"text-align: justify;\"><strong>La joven actriz y cantante no deja de sorprender con su arrasante \u00e9xito con el publico adolescente.\u00a0<\/strong><\/h3>\n<p style=\"text-align: justify;\">\u201cLa serie argentina \u201cVioletta\u201d ha conquistado Francia. El \u00e9xito de la telenovela para ni\u00f1os y adolescentes de Disney Channel, protagonizada por\u00a0<strong>Martina \u201cTini\u201d Stoessel<\/strong>, hizo que las 22 mil localidades puestas a la venta para ocho conciertos en la capital gala, entre el 15 y el 19 de enero, volaran en pocas horas.\u201d, as\u00ed se habla del producto de Pol-ka en el exterior, con un \u00e9xito que sigue superando las expectativas.<\/p>\n<p style=\"text-align: justify;\">\u201cEl hurac\u00e1n Violetta, que ven\u00eda de arrasar en Espa\u00f1a, tambi\u00e9n se ha hecho sentir en Francia, un pa\u00eds en el que la serie argentina ha alcanzado un \u00e9xito inesperado, sobre todo entre ni\u00f1as entre 6 y 14 a\u00f1os, desde que se colara en los hogares galos el 1\u00b0 de octubre de 2012, cuando comenz\u00f3 a emitirse.<\/p>\n<p style=\"text-align: justify;\">Ante la avalancha de demanda de entradas para los siete primeros conciertos en el Grand Rex parisino, con precios que oscilaban entre \u20ac 42,9 y \u20ac 93,5, los productores decidieron hacer uno m\u00e1s (del 15 al 19 de enero), adem\u00e1s de retransmitir una de las actuaciones y llevarla a los cines franceses.<\/p>\n<p style=\"text-align: justify;\">Las 5 mil localidades puestas a la venta al precio de \u20ac 17 en decenas de salas de cine de toda Francia para la retransmisi\u00f3n en directo del concierto del s\u00e1bado 18 de enero tambi\u00e9n tuvieron una fuerte demanda.<\/p>\n","protected":false},"excerpt":{"rendered":"<p>La joven actriz y cantante no deja de sorprender con su arrasante \u00e9xito con el publico adolescente.\u00a0 \u201cLa serie argentina \u201cVioletta\u201d ha conquistado Francia. El \u00e9xito de la telenovela para ni\u00f1os y adolescentes de Disney Channel, protagonizada por\u00a0Martina \u201cTini\u201d Stoessel, hizo que las 22 mil localidades puestas a la venta para ocho conciertos en la [&hellip;]<\/p>\n","protected":false},"author":9,"featured_media":9328,"comment_status":"closed","ping_status":"closed","sticky":false,"template":"","format":"standard","meta":{"_seopress_robots_primary_cat":"","_seopress_titles_title":"","_seopress_titles_desc":"","_seopress_robots_index":"","footnotes":""},"categories":[5],"tags":[25458,25457],"class_list":{"0":"post-9327","1":"post","2":"type-post","3":"status-publish","4":"format-standard","5":"has-post-thumbnail","7":"category-musica","8":"tag-tini-stoessel-en-paris","9":"tag-violetta-en-vivo"},"_links":{"self":[{"href":"https:\/\/www.cordobatimes.com\/showup\/wp-json\/wp\/v2\/posts\/9327","targetHints":{"allow":["GET"]}}],"collection":[{"href":"https:\/\/www.cordobatimes.com\/showup\/wp-json\/wp\/v2\/posts"}],"about":[{"href":"https:\/\/www.cordobatimes.com\/showup\/wp-json\/wp\/v2\/types\/post"}],"author":[{"embeddable":true,"href":"https:\/\/www.cordobatimes.com\/showup\/wp-json\/wp\/v2\/users\/9"}],"replies":[{"embeddable":true,"href":"https:\/\/www.cordobatimes.com\/showup\/wp-json\/wp\/v2\/comments?post=9327"}],"version-history":[{"count":0,"href":"https:\/\/www.cordobatimes.com\/showup\/wp-json\/wp\/v2\/posts\/9327\/revisions"}],"wp:featuredmedia":[{"embeddable":true,"href":"https:\/\/www.cordobatimes.com\/showup\/wp-json\/wp\/v2\/media\/9328"}],"wp:attachment":[{"href":"https:\/\/www.cordobatimes.com\/showup\/wp-json\/wp\/v2\/media?parent=9327"}],"wp:term":[{"taxonomy":"category","embeddable":true,"href":"https:\/\/www.cordobatimes.com\/showup\/wp-json\/wp\/v2\/categories?post=9327"},{"taxonomy":"post_tag","embeddable":true,"href":"https:\/\/www.cordobatimes.com\/showup\/wp-json\/wp\/v2\/tags?post=9327"}],"curies":[{"name":"wp","href":"https:\/\/api.w.org\/{rel}","templated":true}]}}