{"id":93243,"date":"2022-02-18T20:34:09","date_gmt":"2022-02-18T23:34:09","guid":{"rendered":"https:\/\/www.cordobatimes.com\/showup\/?p=93243"},"modified":"2022-02-18T20:34:09","modified_gmt":"2022-02-18T23:34:09","slug":"netflix-anuncia-la-biopic-de-el-amor-despues-del-amor","status":"publish","type":"post","link":"https:\/\/www.cordobatimes.com\/showup\/cine-y-series\/2022\/02\/18\/netflix-anuncia-la-biopic-de-el-amor-despues-del-amor\/","title":{"rendered":"Netflix anuncia la biopic de \u00abEl amor despu\u00e9s del amor\u00bb"},"content":{"rendered":"<h3><strong>La plataforma de streaming anuncia el comienzo de producci\u00f3n de la serie de ficci\u00f3n biogr\u00e1fica de Fito P\u00e1ez.<\/strong><\/h3>\n<p>Netflix anuncia el comienzo del rodaje de\u00a0El amor despu\u00e9s del amor, la serie de ficci\u00f3n biogr\u00e1fica que se sumerge en el universo y la historia del reconocido m\u00fasico, cantautor, compositor y director de cine argentino Fito P\u00e1ez, con un emocionante video que presenta al peque\u00f1o Gaspar Offenhenden y a Iv\u00e1n Hochman, quienes en la serie personificar\u00e1n al m\u00fasico de peque\u00f1o y de adulto respectivamente.<\/p>\n<p>Bajo la producci\u00f3n del propio m\u00fasico rosarino, Juan Pablo Kolodziej y Mariano Chihade, la serie recorrer\u00e1 30 a\u00f1os de la vida de Fito P\u00e1ez, atravesada por la genialidad y la tragedia, \u00e9xitos, fracasos, excesos, amores y canciones.<\/p>\n<p>Adem\u00e1s, cuenta con la producci\u00f3n de Mandarina Contenidos y la direcci\u00f3n de Felipe G\u00f3mez Aparicio y Gonzalo Tobal.<\/p>\n<blockquote class=\"twitter-tweet\">\n<p dir=\"ltr\" lang=\"es\">Esto es \u201cEl amor despu\u00e9s del amor\u201d una biopic para Netflix.<br \/>\nGracias a todxs les profesionales que est\u00e1n y estuvieron trabajando en este proyecto con tanto amor y dedicaci\u00f3n.<br \/>\nFito Paez. <a href=\"https:\/\/t.co\/4oZ0ozbpNV\">pic.twitter.com\/4oZ0ozbpNV<\/a><\/p>\n<p>\u2014 Fito Paez (@FitoPaezMusica) <a href=\"https:\/\/twitter.com\/FitoPaezMusica\/status\/1494688452620730370?ref_src=twsrc%5Etfw\">February 18, 2022<\/a><\/p><\/blockquote>\n<p><script async src=\"https:\/\/platform.twitter.com\/widgets.js\" charset=\"utf-8\"><\/script><\/p>\n<p><iframe loading=\"lazy\" title=\"YouTube video player\" src=\"https:\/\/www.youtube.com\/embed\/vwflnN2b_mE\" width=\"560\" height=\"315\" frameborder=\"0\" allowfullscreen=\"allowfullscreen\"><\/iframe><\/p>\n","protected":false},"excerpt":{"rendered":"<p>La plataforma de streaming anuncia el comienzo de producci\u00f3n de la serie de ficci\u00f3n biogr\u00e1fica de Fito P\u00e1ez. Netflix anuncia el comienzo del rodaje de\u00a0El amor despu\u00e9s del amor, la serie de ficci\u00f3n biogr\u00e1fica que se sumerge en el universo y la historia del reconocido m\u00fasico, cantautor, compositor y director de cine argentino Fito P\u00e1ez, [&hellip;]<\/p>\n","protected":false},"author":1,"featured_media":93244,"comment_status":"closed","ping_status":"closed","sticky":false,"template":"","format":"standard","meta":{"_seopress_robots_primary_cat":"","_seopress_titles_title":"","_seopress_titles_desc":"","_seopress_robots_index":"","footnotes":""},"categories":[3],"tags":[34565,34566,34564,34567],"class_list":{"0":"post-93243","1":"post","2":"type-post","3":"status-publish","4":"format-standard","5":"has-post-thumbnail","7":"category-cine-y-series","8":"tag-biopic-de-el-amor-despues-del-amor","9":"tag-ficcion-biografica-de-fito-paez","10":"tag-la-biopic-de-el-amor-despues-del-amor","11":"tag-serie-de-fito-paez"},"_links":{"self":[{"href":"https:\/\/www.cordobatimes.com\/showup\/wp-json\/wp\/v2\/posts\/93243","targetHints":{"allow":["GET"]}}],"collection":[{"href":"https:\/\/www.cordobatimes.com\/showup\/wp-json\/wp\/v2\/posts"}],"about":[{"href":"https:\/\/www.cordobatimes.com\/showup\/wp-json\/wp\/v2\/types\/post"}],"author":[{"embeddable":true,"href":"https:\/\/www.cordobatimes.com\/showup\/wp-json\/wp\/v2\/users\/1"}],"replies":[{"embeddable":true,"href":"https:\/\/www.cordobatimes.com\/showup\/wp-json\/wp\/v2\/comments?post=93243"}],"version-history":[{"count":0,"href":"https:\/\/www.cordobatimes.com\/showup\/wp-json\/wp\/v2\/posts\/93243\/revisions"}],"wp:featuredmedia":[{"embeddable":true,"href":"https:\/\/www.cordobatimes.com\/showup\/wp-json\/wp\/v2\/media\/93244"}],"wp:attachment":[{"href":"https:\/\/www.cordobatimes.com\/showup\/wp-json\/wp\/v2\/media?parent=93243"}],"wp:term":[{"taxonomy":"category","embeddable":true,"href":"https:\/\/www.cordobatimes.com\/showup\/wp-json\/wp\/v2\/categories?post=93243"},{"taxonomy":"post_tag","embeddable":true,"href":"https:\/\/www.cordobatimes.com\/showup\/wp-json\/wp\/v2\/tags?post=93243"}],"curies":[{"name":"wp","href":"https:\/\/api.w.org\/{rel}","templated":true}]}}