{"id":93239,"date":"2022-02-18T17:22:50","date_gmt":"2022-02-18T20:22:50","guid":{"rendered":"https:\/\/www.cordobatimes.com\/showup\/?p=93239"},"modified":"2022-02-18T17:22:50","modified_gmt":"2022-02-18T20:22:50","slug":"publican-el-primer-adelanto-de-la-pelicula-de-elvis-presley","status":"publish","type":"post","link":"https:\/\/www.cordobatimes.com\/showup\/cine-y-series\/2022\/02\/18\/publican-el-primer-adelanto-de-la-pelicula-de-elvis-presley\/","title":{"rendered":"Publican el primer adelanto de la pel\u00edcula de Elvis Presley"},"content":{"rendered":"<h3><strong>La pel\u00edcula se estrenar\u00e1 en junio de este a\u00f1o y tendr\u00e1 como protagonistas a Austin Butler y Tom Hanks.<\/strong><\/h3>\n<p>El legado de\u00a0Elvis Presley, uno de los grandes \u00edconos de la m\u00fasica, ser\u00e1 retratado en una pel\u00edcula biogr\u00e1fica que tendr\u00e1 como protagonista al actor\u00a0Austin Butler, encargado de interpretar a \u00abEl rey del rock and roll\u00bb. El estreno de la cinta est\u00e1 previsto para el pr\u00f3ximo 24 de junio.<\/p>\n<p>Warner Bros. public\u00f3 el primer adelanto de esta producci\u00f3n cinematogr\u00e1fica que explorar\u00e1 la vida de\u00a0la leyenda del rock\u00a0y su dif\u00edcil relaci\u00f3n con su m\u00e1nager, el coronel Tom Parker, personaje que ser\u00e1 interpretado por\u00a0Tom Hanks.<\/p>\n<p>\u00abLa historia profundiza en la compleja din\u00e1mica entre Presley y Parker que abarca m\u00e1s de 20 a\u00f1os, desde el ascenso de Presley a la fama hasta su estrellato sin precedentes, en el contexto del panorama cultural en evoluci\u00f3n y la p\u00e9rdida de la inocencia en Estados Unidos\u00bb, dice un comunicado de prensa.<\/p>\n<p><iframe loading=\"lazy\" width=\"560\" height=\"315\" src=\"https:\/\/www.youtube.com\/embed\/JoqmHAr3fu8\" title=\"YouTube video player\" frameborder=\"0\" allow=\"accelerometer; autoplay; clipboard-write; encrypted-media; gyroscope; picture-in-picture\" allowfullscreen><\/iframe><\/p>\n","protected":false},"excerpt":{"rendered":"<p>La pel\u00edcula se estrenar\u00e1 en junio de este a\u00f1o y tendr\u00e1 como protagonistas a Austin Butler y Tom Hanks. El legado de\u00a0Elvis Presley, uno de los grandes \u00edconos de la m\u00fasica, ser\u00e1 retratado en una pel\u00edcula biogr\u00e1fica que tendr\u00e1 como protagonista al actor\u00a0Austin Butler, encargado de interpretar a \u00abEl rey del rock and roll\u00bb. El [&hellip;]<\/p>\n","protected":false},"author":1,"featured_media":93240,"comment_status":"closed","ping_status":"closed","sticky":false,"template":"","format":"standard","meta":{"_seopress_robots_primary_cat":"","_seopress_titles_title":"","_seopress_titles_desc":"","_seopress_robots_index":"","footnotes":""},"categories":[3],"tags":[34560,34544,34559],"class_list":{"0":"post-93239","1":"post","2":"type-post","3":"status-publish","4":"format-standard","5":"has-post-thumbnail","7":"category-cine-y-series","8":"tag-adelanto-de-la-pelicula-de-elvis-presley","9":"tag-pelicula-de-elvis-presley","10":"tag-primer-adelanto-de-la-pelicula-de-elvis-presley"},"_links":{"self":[{"href":"https:\/\/www.cordobatimes.com\/showup\/wp-json\/wp\/v2\/posts\/93239","targetHints":{"allow":["GET"]}}],"collection":[{"href":"https:\/\/www.cordobatimes.com\/showup\/wp-json\/wp\/v2\/posts"}],"about":[{"href":"https:\/\/www.cordobatimes.com\/showup\/wp-json\/wp\/v2\/types\/post"}],"author":[{"embeddable":true,"href":"https:\/\/www.cordobatimes.com\/showup\/wp-json\/wp\/v2\/users\/1"}],"replies":[{"embeddable":true,"href":"https:\/\/www.cordobatimes.com\/showup\/wp-json\/wp\/v2\/comments?post=93239"}],"version-history":[{"count":0,"href":"https:\/\/www.cordobatimes.com\/showup\/wp-json\/wp\/v2\/posts\/93239\/revisions"}],"wp:featuredmedia":[{"embeddable":true,"href":"https:\/\/www.cordobatimes.com\/showup\/wp-json\/wp\/v2\/media\/93240"}],"wp:attachment":[{"href":"https:\/\/www.cordobatimes.com\/showup\/wp-json\/wp\/v2\/media?parent=93239"}],"wp:term":[{"taxonomy":"category","embeddable":true,"href":"https:\/\/www.cordobatimes.com\/showup\/wp-json\/wp\/v2\/categories?post=93239"},{"taxonomy":"post_tag","embeddable":true,"href":"https:\/\/www.cordobatimes.com\/showup\/wp-json\/wp\/v2\/tags?post=93239"}],"curies":[{"name":"wp","href":"https:\/\/api.w.org\/{rel}","templated":true}]}}