{"id":93212,"date":"2022-02-17T11:20:10","date_gmt":"2022-02-17T14:20:10","guid":{"rendered":"https:\/\/www.cordobatimes.com\/showup\/?p=93212"},"modified":"2022-02-17T11:20:10","modified_gmt":"2022-02-17T14:20:10","slug":"elvis-presley-contara-con-su-pelicula-biografica","status":"publish","type":"post","link":"https:\/\/www.cordobatimes.com\/showup\/cine-y-series\/2022\/02\/17\/elvis-presley-contara-con-su-pelicula-biografica\/","title":{"rendered":"Elvis Presley contar\u00e1 con su pel\u00edcula biogr\u00e1fica"},"content":{"rendered":"<h3><strong>Ya son 45 a\u00f1os sin el Rey del Rock\u00a0\u2018n\u2019 Roll Elvis Presley y su legado contin\u00faa. Su vida ser\u00e1 retratada en la esperada pel\u00edcula biogr\u00e1fica para este 2022, donde conoceremos m\u00e1s sobre esta leyenda de la m\u00fasica<\/strong><\/h3>\n<p>Y ya est\u00e1 todo listo. El Filme cuenta con un adelanto que deja ver al actor Austin Butler meterse en la piel del reconocido icono de la m\u00fasica.<\/p>\n<blockquote class=\"instagram-media\" style=\"background: #FFF; border: 0; border-radius: 3px; box-shadow: 0 0 1px 0 rgba(0,0,0,0.5),0 1px 10px 0 rgba(0,0,0,0.15); margin: 1px; max-width: 540px; min-width: 326px; padding: 0; width: calc(100% - 2px);\" data-instgrm-captioned=\"\" data-instgrm-permalink=\"https:\/\/www.instagram.com\/p\/B3cq54eBmLy\/?utm_source=ig_embed&amp;utm_campaign=loading\" data-instgrm-version=\"14\">\n<div style=\"padding: 16px;\">\n<p>&nbsp;<\/p>\n<div style=\"display: flex; flex-direction: row; align-items: center;\">\n<div style=\"background-color: #f4f4f4; border-radius: 50%; flex-grow: 0; height: 40px; margin-right: 14px; width: 40px;\"><\/div>\n<div style=\"display: flex; flex-direction: column; flex-grow: 1; justify-content: center;\">\n<div style=\"background-color: #f4f4f4; border-radius: 4px; flex-grow: 0; height: 14px; margin-bottom: 6px; width: 100px;\"><\/div>\n<div style=\"background-color: #f4f4f4; border-radius: 4px; flex-grow: 0; height: 14px; width: 60px;\"><\/div>\n<\/div>\n<\/div>\n<div style=\"padding: 19% 0;\"><\/div>\n<div style=\"display: block; height: 50px; margin: 0 auto 12px; width: 50px;\"><\/div>\n<div style=\"padding-top: 8px;\">\n<div style=\"color: #3897f0; font-family: Arial,sans-serif; font-size: 14px; font-style: normal; font-weight: 550; line-height: 18px;\">Ver esta publicaci\u00f3n en Instagram<\/div>\n<\/div>\n<div style=\"padding: 12.5% 0;\"><\/div>\n<div style=\"display: flex; flex-direction: row; margin-bottom: 14px; align-items: center;\">\n<div>\n<div style=\"background-color: #f4f4f4; border-radius: 50%; height: 12.5px; width: 12.5px; transform: translateX(0px) translateY(7px);\"><\/div>\n<div style=\"background-color: #f4f4f4; height: 12.5px; transform: rotate(-45deg) translateX(3px) translateY(1px); width: 12.5px; flex-grow: 0; margin-right: 14px; margin-left: 2px;\"><\/div>\n<div style=\"background-color: #f4f4f4; border-radius: 50%; height: 12.5px; width: 12.5px; transform: translateX(9px) translateY(-18px);\"><\/div>\n<\/div>\n<div style=\"margin-left: 8px;\">\n<div style=\"background-color: #f4f4f4; border-radius: 50%; flex-grow: 0; height: 20px; width: 20px;\"><\/div>\n<div style=\"width: 0; height: 0; border-top: 2px solid transparent; border-left: 6px solid #f4f4f4; border-bottom: 2px solid transparent; transform: translateX(16px) translateY(-4px) rotate(30deg);\"><\/div>\n<\/div>\n<div style=\"margin-left: auto;\">\n<div style=\"width: 0px; border-top: 8px solid #F4F4F4; border-right: 8px solid transparent; transform: translateY(16px);\"><\/div>\n<div style=\"background-color: #f4f4f4; flex-grow: 0; height: 12px; width: 16px; transform: translateY(-4px);\"><\/div>\n<div style=\"width: 0; height: 0; border-top: 8px solid #F4F4F4; border-left: 8px solid transparent; transform: translateY(-4px) translateX(8px);\"><\/div>\n<\/div>\n<\/div>\n<div style=\"display: flex; flex-direction: column; flex-grow: 1; justify-content: center; margin-bottom: 24px;\">\n<div style=\"background-color: #f4f4f4; border-radius: 4px; flex-grow: 0; height: 14px; margin-bottom: 6px; width: 224px;\"><\/div>\n<div style=\"background-color: #f4f4f4; border-radius: 4px; flex-grow: 0; height: 14px; width: 144px;\"><\/div>\n<\/div>\n<p>&nbsp;<\/p>\n<p style=\"color: #c9c8cd; font-family: Arial,sans-serif; font-size: 14px; line-height: 17px; margin-bottom: 0; margin-top: 8px; overflow: hidden; padding: 8px 0 7px; text-align: center; text-overflow: ellipsis; white-space: nowrap;\"><a style=\"color: #c9c8cd; font-family: Arial,sans-serif; font-size: 14px; font-style: normal; font-weight: normal; line-height: 17px; text-decoration: none;\" href=\"https:\/\/www.instagram.com\/p\/B3cq54eBmLy\/?utm_source=ig_embed&amp;utm_campaign=loading\" target=\"_blank\" rel=\"noopener\">Una publicaci\u00f3n compartida por Austin Butler (@austinbutler)<\/a><\/p>\n<\/div>\n<\/blockquote>\n<p><script async src=\"\/\/www.instagram.com\/embed.js\"><\/script><\/p>\n<p>\u00abElvis\u00bb es el nombre de la pel\u00edcula dirigida por Baz Luhrmann. En cuanto a Butler, es conocido por sus papeles en series como \u00abZoey 101\u00bb y, m\u00e1s recientemente, en pel\u00edculas como \u00ab\u00c9rase una vez en Hollywood\u00bb de Quentin Tarantino.<\/p>\n<p>De acuerdo a la informaci\u00f3n, la historia transcurrir\u00e1 en los a\u00f1os de ascenso a la fama del artista. Tras el lanzamiento en 1956 del blues \u00abHeartbreak Hotel\u00bb, Presley consegu\u00eda una popularidad sin precedentes y se convert\u00eda en una de las mayores estrellas del mundo de la m\u00fasica.<\/p>\n<p>Otra de las sorpresas de \u00abElvis\u00bb es la participaci\u00f3n del actor Tom Hanks, quien dar\u00e1 vida a Tom Parker, el m\u00e1nager del cantante; Olivia DeJonge se suma como Priscilla Presley, as\u00ed como Kelvin Harrison Jr, quien interpretar\u00e1 a B.B King.<\/p>\n<p>No es la primera vez que hacen producciones sobre uno de las mayores influyentes de la historia de la m\u00fasica. Como se recordar\u00e1, el director John Carpenter se encarg\u00f3 en 1979 de meter al actor estadounidense Kurt Russel en la piel de Elvis Aaron Presley.<\/p>\n<p>Otra de las sorpresas de \u00abElvis\u00bb es la participaci\u00f3n del actor Tom Hanks, quien dar\u00e1 vida a Tom Parker, el m\u00e1nager del cantante; Olivia DeJonge se suma como Priscilla Presley, as\u00ed como Kelvin Harrison Jr, quien interpretar\u00e1 a B.B King.<\/p>\n<p>No es la primera vez que hacen producciones sobre uno de las mayores influyentes de la historia de la m\u00fasica. Como se recordar\u00e1, el director John Carpenter se encarg\u00f3 en 1979 de meter al actor estadounidense Kurt Russel en la piel de Elvis Aaron Presley.<\/p>\n<blockquote class=\"twitter-tweet\">\n<p dir=\"ltr\" lang=\"en\">Hey, it\u2019s time to TCB!\u26a1\ufe0f<\/p>\n<p>I\u2019ll have a trailer to share with you all on Thursday\u2026<a href=\"https:\/\/twitter.com\/hashtag\/Elvis?src=hash&amp;ref_src=twsrc%5Etfw\">#Elvis<\/a> <a href=\"https:\/\/twitter.com\/hashtag\/TCB?src=hash&amp;ref_src=twsrc%5Etfw\">#TCB<\/a> <a href=\"https:\/\/twitter.com\/hashtag\/ElvisMonday?src=hash&amp;ref_src=twsrc%5Etfw\">#ElvisMonday<\/a> <a href=\"https:\/\/t.co\/NETP7mk1eA\">pic.twitter.com\/NETP7mk1eA<\/a><\/p>\n<p>\u2014 Baz Luhrmann (@bazluhrmann) <a href=\"https:\/\/twitter.com\/bazluhrmann\/status\/1493312748914364417?ref_src=twsrc%5Etfw\">February 14, 2022<\/a><\/p><\/blockquote>\n<p><script async src=\"https:\/\/platform.twitter.com\/widgets.js\" charset=\"utf-8\"><\/script><\/p>\n","protected":false},"excerpt":{"rendered":"<p>Ya son 45 a\u00f1os sin el Rey del Rock\u00a0\u2018n\u2019 Roll Elvis Presley y su legado contin\u00faa. Su vida ser\u00e1 retratada en la esperada pel\u00edcula biogr\u00e1fica para este 2022, donde conoceremos m\u00e1s sobre esta leyenda de la m\u00fasica Y ya est\u00e1 todo listo. El Filme cuenta con un adelanto que deja ver al actor Austin Butler [&hellip;]<\/p>\n","protected":false},"author":1,"featured_media":93213,"comment_status":"closed","ping_status":"closed","sticky":false,"template":"","format":"standard","meta":{"_seopress_robots_primary_cat":"","_seopress_titles_title":"","_seopress_titles_desc":"","_seopress_robots_index":"","footnotes":""},"categories":[3],"tags":[34546,34545,34544],"class_list":{"0":"post-93212","1":"post","2":"type-post","3":"status-publish","4":"format-standard","5":"has-post-thumbnail","7":"category-cine-y-series","8":"tag-austin-butler-elvis-presley","9":"tag-pelicula-biografica-de-elvis-presley","10":"tag-pelicula-de-elvis-presley"},"_links":{"self":[{"href":"https:\/\/www.cordobatimes.com\/showup\/wp-json\/wp\/v2\/posts\/93212","targetHints":{"allow":["GET"]}}],"collection":[{"href":"https:\/\/www.cordobatimes.com\/showup\/wp-json\/wp\/v2\/posts"}],"about":[{"href":"https:\/\/www.cordobatimes.com\/showup\/wp-json\/wp\/v2\/types\/post"}],"author":[{"embeddable":true,"href":"https:\/\/www.cordobatimes.com\/showup\/wp-json\/wp\/v2\/users\/1"}],"replies":[{"embeddable":true,"href":"https:\/\/www.cordobatimes.com\/showup\/wp-json\/wp\/v2\/comments?post=93212"}],"version-history":[{"count":0,"href":"https:\/\/www.cordobatimes.com\/showup\/wp-json\/wp\/v2\/posts\/93212\/revisions"}],"wp:featuredmedia":[{"embeddable":true,"href":"https:\/\/www.cordobatimes.com\/showup\/wp-json\/wp\/v2\/media\/93213"}],"wp:attachment":[{"href":"https:\/\/www.cordobatimes.com\/showup\/wp-json\/wp\/v2\/media?parent=93212"}],"wp:term":[{"taxonomy":"category","embeddable":true,"href":"https:\/\/www.cordobatimes.com\/showup\/wp-json\/wp\/v2\/categories?post=93212"},{"taxonomy":"post_tag","embeddable":true,"href":"https:\/\/www.cordobatimes.com\/showup\/wp-json\/wp\/v2\/tags?post=93212"}],"curies":[{"name":"wp","href":"https:\/\/api.w.org\/{rel}","templated":true}]}}