{"id":93209,"date":"2022-02-17T10:45:21","date_gmt":"2022-02-17T13:45:21","guid":{"rendered":"https:\/\/www.cordobatimes.com\/showup\/?p=93209"},"modified":"2022-02-17T10:45:21","modified_gmt":"2022-02-17T13:45:21","slug":"tini-stoessel-lanzo-fantasi-junto-al-artista-urbano-beele","status":"publish","type":"post","link":"https:\/\/www.cordobatimes.com\/showup\/musica\/2022\/02\/17\/tini-stoessel-lanzo-fantasi-junto-al-artista-urbano-beele\/","title":{"rendered":"Tini Stoessel lanz\u00f3 \u201cFantasi\u201d junto al artista urbano Be\u00e9le"},"content":{"rendered":"<h3><strong>Tini Stoessel estren\u00f3 \u201cFantasi\u201d junto a Be\u00e9le con un video filmado en las Cataratas del Iguaz\u00fa<\/strong><\/h3>\n<p>Una combinaci\u00f3n musical perfecta entre\u00a0la artista argentina y el colombiano,\u00a0con un sonido tropical alegre y un pegadizo denbow, para que los fans no puedan parar de bailar.<\/p>\n<p>El video se film\u00f3 en\u00a0Las Cataratas del Iguaz\u00fa,\u00a0Misiones, y fue dirigido por Diego Peskins. Los cantantes se encuentran entre cascadas tropicales en una de las siete maravillas del mundo, bailando al ritmo vibrante de la canci\u00f3n.<\/p>\n<p>Tal como lo ha hecho con sus otros \u00e9xitos recientes,\u00a0Tini escribi\u00f3 el tema\u00a0junto a los reconocidos productores Andr\u00e9s Torres y Mauricio Rengifo, al igual que Be\u00e9le y su colaborador SuperDakis.<\/p>\n<p><iframe loading=\"lazy\" width=\"560\" height=\"315\" src=\"https:\/\/www.youtube.com\/embed\/OzvltnisQ88\" title=\"YouTube video player\" frameborder=\"0\" allow=\"accelerometer; autoplay; clipboard-write; encrypted-media; gyroscope; picture-in-picture\" allowfullscreen><\/iframe><\/p>\n","protected":false},"excerpt":{"rendered":"<p>Tini Stoessel estren\u00f3 \u201cFantasi\u201d junto a Be\u00e9le con un video filmado en las Cataratas del Iguaz\u00fa Una combinaci\u00f3n musical perfecta entre\u00a0la artista argentina y el colombiano,\u00a0con un sonido tropical alegre y un pegadizo denbow, para que los fans no puedan parar de bailar. El video se film\u00f3 en\u00a0Las Cataratas del Iguaz\u00fa,\u00a0Misiones, y fue dirigido por [&hellip;]<\/p>\n","protected":false},"author":1,"featured_media":93210,"comment_status":"closed","ping_status":"closed","sticky":false,"template":"","format":"standard","meta":{"_seopress_robots_primary_cat":"","_seopress_titles_title":"","_seopress_titles_desc":"","_seopress_robots_index":"","footnotes":""},"categories":[5],"tags":[34542,34543],"class_list":{"0":"post-93209","1":"post","2":"type-post","3":"status-publish","4":"format-standard","5":"has-post-thumbnail","7":"category-musica","8":"tag-tini-stoessel-fantasi","9":"tag-tini-stoessel-y-beele-fantasi"},"_links":{"self":[{"href":"https:\/\/www.cordobatimes.com\/showup\/wp-json\/wp\/v2\/posts\/93209","targetHints":{"allow":["GET"]}}],"collection":[{"href":"https:\/\/www.cordobatimes.com\/showup\/wp-json\/wp\/v2\/posts"}],"about":[{"href":"https:\/\/www.cordobatimes.com\/showup\/wp-json\/wp\/v2\/types\/post"}],"author":[{"embeddable":true,"href":"https:\/\/www.cordobatimes.com\/showup\/wp-json\/wp\/v2\/users\/1"}],"replies":[{"embeddable":true,"href":"https:\/\/www.cordobatimes.com\/showup\/wp-json\/wp\/v2\/comments?post=93209"}],"version-history":[{"count":0,"href":"https:\/\/www.cordobatimes.com\/showup\/wp-json\/wp\/v2\/posts\/93209\/revisions"}],"wp:featuredmedia":[{"embeddable":true,"href":"https:\/\/www.cordobatimes.com\/showup\/wp-json\/wp\/v2\/media\/93210"}],"wp:attachment":[{"href":"https:\/\/www.cordobatimes.com\/showup\/wp-json\/wp\/v2\/media?parent=93209"}],"wp:term":[{"taxonomy":"category","embeddable":true,"href":"https:\/\/www.cordobatimes.com\/showup\/wp-json\/wp\/v2\/categories?post=93209"},{"taxonomy":"post_tag","embeddable":true,"href":"https:\/\/www.cordobatimes.com\/showup\/wp-json\/wp\/v2\/tags?post=93209"}],"curies":[{"name":"wp","href":"https:\/\/api.w.org\/{rel}","templated":true}]}}