{"id":93194,"date":"2022-02-16T12:51:38","date_gmt":"2022-02-16T15:51:38","guid":{"rendered":"https:\/\/www.cordobatimes.com\/showup\/?p=93194"},"modified":"2022-02-16T12:51:54","modified_gmt":"2022-02-16T15:51:54","slug":"karina-la-princesita-en-uno-de-los-momentos-mas-dificiles-de-su-carrera-no-la-estoy-pasando-bien","status":"publish","type":"post","link":"https:\/\/www.cordobatimes.com\/showup\/famosos\/2022\/02\/16\/karina-la-princesita-en-uno-de-los-momentos-mas-dificiles-de-su-carrera-no-la-estoy-pasando-bien\/","title":{"rendered":"Karina La Princesita, en uno de los momentos m\u00e1s dif\u00edciles de su carrera: \u201cNo la estoy pasando bien\u201d"},"content":{"rendered":"<h3><strong>Karina La Princesita atraviesa actualmente uno de los momentos m\u00e1s dif\u00edciles de su carrera, seg\u00fan dej\u00f3 entrever en sus redes sociales luego de publicar en una story de Instagram los detalles de su contexto econ\u00f3mico.<\/strong><\/h3>\n<p>La cantante de cumbia debi\u00f3 enfrentar durante el 2021 juicios con ex m\u00fasicos de su banda, algunos de los cuales perdi\u00f3 y le implicaron graves problemas financieros. De la misma manera, a comienzos del 2022 la ex del Polaco tuvo que suspender un show que ten\u00eda previsto en Uruguay, ya que el equipo que la trasladaba no ten\u00eda el PCR para cruzar la frontera.<\/p>\n<p>En ese sentido, en medio de la gira que protagoniza, decidi\u00f3 hacer p\u00fablica su situaci\u00f3n en las redes sociales: \u201cCreo que no soy de abrirme demasiado, pero a m\u00ed me cuesta estar bien a veces. Soy una persona que me siento por momentos muy triste y\u00a0<strong>en este momento no la estoy pasando para nada bien<\/strong>. Pero mi hija y cantar me salvaron la vida\u201d, comenz\u00f3 escribiendo en Instagram, lo que gener\u00f3 preocupaci\u00f3n entre sus seguidores.<\/p>\n<p><img alt=\"\" loading=\"lazy\" decoding=\"async\" class=\"alignnone size-full wp-image-93196\" src=\"https:\/\/www.cordobatimes.com\/showup\/wp-content\/uploads\/2022\/02\/karina-la-princesita.jpg\" alt=\"\" width=\"714\" height=\"568\" srcset=\"https:\/\/www.cordobatimes.com\/showup\/wp-content\/uploads\/2022\/02\/karina-la-princesita.jpg 714w, https:\/\/www.cordobatimes.com\/showup\/wp-content\/uploads\/2022\/02\/karina-la-princesita-528x420.jpg 528w, https:\/\/www.cordobatimes.com\/showup\/wp-content\/uploads\/2022\/02\/karina-la-princesita-696x554.jpg 696w\" sizes=\"auto, (max-width: 714px) 100vw, 714px\" \/><\/p>\n<p><strong>\u201cY no vengan con que hay gente que est\u00e1 peor, porque la mente de cada uno es un mundo y yo siento que muchas cosas que viv\u00ed son injustas<\/strong>. Y por ende, me cuesta mucho a veces sentirme bien\u201d, continu\u00f3 en su descargo.<\/p>\n<p>Y cerr\u00f3, contundente: \u201cPero<strong>\u00a0quiero que sepan que verles la cara al cantar me hace sentir especial por un instante,<\/strong>\u00a0cosa que no siempre pasa; gracias por eso. Y a quienes me hacen tanto da\u00f1o, ojal\u00e1 que la vida se encargue de ustedes tambi\u00e9n\u201d.<\/p>\n","protected":false},"excerpt":{"rendered":"<p>Karina La Princesita atraviesa actualmente uno de los momentos m\u00e1s dif\u00edciles de su carrera, seg\u00fan dej\u00f3 entrever en sus redes sociales luego de publicar en una story de Instagram los detalles de su contexto econ\u00f3mico. La cantante de cumbia debi\u00f3 enfrentar durante el 2021 juicios con ex m\u00fasicos de su banda, algunos de los cuales [&hellip;]<\/p>\n","protected":false},"author":1,"featured_media":93195,"comment_status":"closed","ping_status":"closed","sticky":false,"template":"","format":"standard","meta":{"_seopress_robots_primary_cat":"","_seopress_titles_title":"","_seopress_titles_desc":"","_seopress_robots_index":"","footnotes":""},"categories":[4],"tags":[34538],"class_list":{"0":"post-93194","1":"post","2":"type-post","3":"status-publish","4":"format-standard","5":"has-post-thumbnail","7":"category-famosos","8":"tag-karina-la-princesita-ahora"},"_links":{"self":[{"href":"https:\/\/www.cordobatimes.com\/showup\/wp-json\/wp\/v2\/posts\/93194","targetHints":{"allow":["GET"]}}],"collection":[{"href":"https:\/\/www.cordobatimes.com\/showup\/wp-json\/wp\/v2\/posts"}],"about":[{"href":"https:\/\/www.cordobatimes.com\/showup\/wp-json\/wp\/v2\/types\/post"}],"author":[{"embeddable":true,"href":"https:\/\/www.cordobatimes.com\/showup\/wp-json\/wp\/v2\/users\/1"}],"replies":[{"embeddable":true,"href":"https:\/\/www.cordobatimes.com\/showup\/wp-json\/wp\/v2\/comments?post=93194"}],"version-history":[{"count":0,"href":"https:\/\/www.cordobatimes.com\/showup\/wp-json\/wp\/v2\/posts\/93194\/revisions"}],"wp:featuredmedia":[{"embeddable":true,"href":"https:\/\/www.cordobatimes.com\/showup\/wp-json\/wp\/v2\/media\/93195"}],"wp:attachment":[{"href":"https:\/\/www.cordobatimes.com\/showup\/wp-json\/wp\/v2\/media?parent=93194"}],"wp:term":[{"taxonomy":"category","embeddable":true,"href":"https:\/\/www.cordobatimes.com\/showup\/wp-json\/wp\/v2\/categories?post=93194"},{"taxonomy":"post_tag","embeddable":true,"href":"https:\/\/www.cordobatimes.com\/showup\/wp-json\/wp\/v2\/tags?post=93194"}],"curies":[{"name":"wp","href":"https:\/\/api.w.org\/{rel}","templated":true}]}}