{"id":93147,"date":"2022-02-11T10:48:20","date_gmt":"2022-02-11T13:48:20","guid":{"rendered":"https:\/\/www.cordobatimes.com\/showup\/?p=93147"},"modified":"2022-02-11T10:48:20","modified_gmt":"2022-02-11T13:48:20","slug":"chano-y-natalie-perez-publicaron-un-tema-juntos","status":"publish","type":"post","link":"https:\/\/www.cordobatimes.com\/showup\/musica\/2022\/02\/11\/chano-y-natalie-perez-publicaron-un-tema-juntos\/","title":{"rendered":"Chano y Natalie P\u00e9rez publicaron un tema juntos"},"content":{"rendered":"<h3><strong>Los cantantes editaron el videoclip de \u201cEl himno de nosotros\u201d<\/strong><\/h3>\n<p>\u201cYo no supe no escribir el himno de nosotros\u201d; canta\u00a0Chano Moreno Charpentier\u00a0reci\u00e9n amanecido, con el sol ingresando por la ventana de su habitaci\u00f3n y d\u00e1ndole la espalda a la compa\u00f1era. Cuando se da vuelta,\u00a0Natalie P\u00e9rez\u00a0abre los ojos y le regala una sonrisa de buenos d\u00edas. Pero en cuesti\u00f3n de segundos, la pareja se esfuma, y muta en otras que comparten diferentes espacios de la cotidianeidad, desde las tostadas del desayuno hasta la copa de vino previa a la cena.<\/p>\n<p>El fragmento inicial de \u201cEl himno de nosotros\u201d, el tema que estrenaron Chano y Natalie este jueves, puede funcionar como s\u00edntesis del v\u00ednculo entre ambos cantantes.<\/p>\n<p>En la previa, el m\u00fasico anticip\u00f3 el lanzamiento en sus redes sociales, con una serie de im\u00e1genes del backstage de la grabaci\u00f3n del tema y de la filmaci\u00f3n del videoclip. E invit\u00f3 a sus seguidores a escucharla, destacando particularmente el aporte de su invitada.\u00a0\u201cEs una canci\u00f3n que Natalie P\u00e9rez llen\u00f3 de amor y de luz como nadie podr\u00eda haber hecho\u201d, escribi\u00f3 a modo de adelanto.<\/p>\n<p><iframe loading=\"lazy\" title=\"YouTube video player\" src=\"https:\/\/www.youtube.com\/embed\/Slu-blE28ao\" width=\"560\" height=\"315\" frameborder=\"0\" allowfullscreen=\"allowfullscreen\"><\/iframe><\/p>\n","protected":false},"excerpt":{"rendered":"<p>Los cantantes editaron el videoclip de \u201cEl himno de nosotros\u201d \u201cYo no supe no escribir el himno de nosotros\u201d; canta\u00a0Chano Moreno Charpentier\u00a0reci\u00e9n amanecido, con el sol ingresando por la ventana de su habitaci\u00f3n y d\u00e1ndole la espalda a la compa\u00f1era. Cuando se da vuelta,\u00a0Natalie P\u00e9rez\u00a0abre los ojos y le regala una sonrisa de buenos d\u00edas. [&hellip;]<\/p>\n","protected":false},"author":1,"featured_media":93148,"comment_status":"closed","ping_status":"closed","sticky":false,"template":"","format":"standard","meta":{"_seopress_robots_primary_cat":"","_seopress_titles_title":"","_seopress_titles_desc":"","_seopress_robots_index":"","footnotes":""},"categories":[5],"tags":[34528,34529],"class_list":{"0":"post-93147","1":"post","2":"type-post","3":"status-publish","4":"format-standard","5":"has-post-thumbnail","7":"category-musica","8":"tag-chano-y-natalie-perez","9":"tag-chano-y-natalie-perez-el-himno-de-nosotros"},"_links":{"self":[{"href":"https:\/\/www.cordobatimes.com\/showup\/wp-json\/wp\/v2\/posts\/93147","targetHints":{"allow":["GET"]}}],"collection":[{"href":"https:\/\/www.cordobatimes.com\/showup\/wp-json\/wp\/v2\/posts"}],"about":[{"href":"https:\/\/www.cordobatimes.com\/showup\/wp-json\/wp\/v2\/types\/post"}],"author":[{"embeddable":true,"href":"https:\/\/www.cordobatimes.com\/showup\/wp-json\/wp\/v2\/users\/1"}],"replies":[{"embeddable":true,"href":"https:\/\/www.cordobatimes.com\/showup\/wp-json\/wp\/v2\/comments?post=93147"}],"version-history":[{"count":0,"href":"https:\/\/www.cordobatimes.com\/showup\/wp-json\/wp\/v2\/posts\/93147\/revisions"}],"wp:featuredmedia":[{"embeddable":true,"href":"https:\/\/www.cordobatimes.com\/showup\/wp-json\/wp\/v2\/media\/93148"}],"wp:attachment":[{"href":"https:\/\/www.cordobatimes.com\/showup\/wp-json\/wp\/v2\/media?parent=93147"}],"wp:term":[{"taxonomy":"category","embeddable":true,"href":"https:\/\/www.cordobatimes.com\/showup\/wp-json\/wp\/v2\/categories?post=93147"},{"taxonomy":"post_tag","embeddable":true,"href":"https:\/\/www.cordobatimes.com\/showup\/wp-json\/wp\/v2\/tags?post=93147"}],"curies":[{"name":"wp","href":"https:\/\/api.w.org\/{rel}","templated":true}]}}