{"id":93116,"date":"2022-02-10T18:29:33","date_gmt":"2022-02-10T21:29:33","guid":{"rendered":"https:\/\/www.cordobatimes.com\/showup\/?p=93116"},"modified":"2022-02-10T18:29:33","modified_gmt":"2022-02-10T21:29:33","slug":"britney-spears-esta-de-regreso-la-princesa-del-pop-adelanto-un-nuevo-proyecto","status":"publish","type":"post","link":"https:\/\/www.cordobatimes.com\/showup\/musica\/2022\/02\/10\/britney-spears-esta-de-regreso-la-princesa-del-pop-adelanto-un-nuevo-proyecto\/","title":{"rendered":"Britney Spears est\u00e1 de regreso: la princesa del pop adelant\u00f3 un nuevo proyecto"},"content":{"rendered":"<h3><strong>Ser\u00e1 su primer trabajo en cinco a\u00f1os. La cantante se liber\u00f3 a fines de 2021 de la tutela de su padre y no ha pa<\/strong><strong>rado de festejar su libertad y autonom\u00eda.<\/strong><\/h3>\n<p>En un posteo en Instagram, la estrella de la m\u00fasica, recientemente liberada de la tutela de su padre luego de a\u00f1os y de una masiva campa\u00f1a de sus fan\u00e1ticos, mostr\u00f3 un clip de ella bailando en tacos con un body rojo y al son de Get Naked, una canci\u00f3n favorita de los fan\u00e1ticos de su \u00e1lbum de 2007, Blackout.<\/p>\n<p>\u201cEstos son 13 segundos de m\u00ed en tacos antes de te\u00f1irme el cabello de morado&#8230; \u00a1Esto es un adelanto de lo que est\u00e1 por venir! Mi canci\u00f3n Get Naked!!! Espero que est\u00e9n teniendo un gran d\u00eda!!!!!\u201d, escribi\u00f3 en Instagram la princesa del Pop.<\/p>\n<p>Este proyecto, que adelanta a trav\u00e9s del baile,\u00a0ser\u00eda su primer trabajo en cinco a\u00f1os.<\/p>\n<div style=\"width: 696px;\" class=\"wp-video\"><video class=\"wp-video-shortcode\" id=\"video-93116-1\" width=\"696\" height=\"1237\" preload=\"metadata\" controls=\"controls\"><source type=\"video\/mp4\" src=\"https:\/\/www.cordobatimes.com\/showup\/wp-content\/uploads\/2022\/02\/britneyspears_273338526_615504062885466_5862311585501946547_n.mp4?_=1\" \/><a href=\"https:\/\/www.cordobatimes.com\/showup\/wp-content\/uploads\/2022\/02\/britneyspears_273338526_615504062885466_5862311585501946547_n.mp4\">https:\/\/www.cordobatimes.com\/showup\/wp-content\/uploads\/2022\/02\/britneyspears_273338526_615504062885466_5862311585501946547_n.mp4<\/a><\/video><\/div>\n","protected":false},"excerpt":{"rendered":"<p>Ser\u00e1 su primer trabajo en cinco a\u00f1os. La cantante se liber\u00f3 a fines de 2021 de la tutela de su padre y no ha parado de festejar su libertad y autonom\u00eda. En un posteo en Instagram, la estrella de la m\u00fasica, recientemente liberada de la tutela de su padre luego de a\u00f1os y de una [&hellip;]<\/p>\n","protected":false},"author":1,"featured_media":93117,"comment_status":"closed","ping_status":"closed","sticky":false,"template":"","format":"standard","meta":{"_seopress_robots_primary_cat":"","_seopress_titles_title":"","_seopress_titles_desc":"","_seopress_robots_index":"","footnotes":""},"categories":[5],"tags":[34513,34512],"class_list":{"0":"post-93116","1":"post","2":"type-post","3":"status-publish","4":"format-standard","5":"has-post-thumbnail","7":"category-musica","8":"tag-britney-spears-bailando","9":"tag-britney-spears-get-naked"},"_links":{"self":[{"href":"https:\/\/www.cordobatimes.com\/showup\/wp-json\/wp\/v2\/posts\/93116","targetHints":{"allow":["GET"]}}],"collection":[{"href":"https:\/\/www.cordobatimes.com\/showup\/wp-json\/wp\/v2\/posts"}],"about":[{"href":"https:\/\/www.cordobatimes.com\/showup\/wp-json\/wp\/v2\/types\/post"}],"author":[{"embeddable":true,"href":"https:\/\/www.cordobatimes.com\/showup\/wp-json\/wp\/v2\/users\/1"}],"replies":[{"embeddable":true,"href":"https:\/\/www.cordobatimes.com\/showup\/wp-json\/wp\/v2\/comments?post=93116"}],"version-history":[{"count":0,"href":"https:\/\/www.cordobatimes.com\/showup\/wp-json\/wp\/v2\/posts\/93116\/revisions"}],"wp:featuredmedia":[{"embeddable":true,"href":"https:\/\/www.cordobatimes.com\/showup\/wp-json\/wp\/v2\/media\/93117"}],"wp:attachment":[{"href":"https:\/\/www.cordobatimes.com\/showup\/wp-json\/wp\/v2\/media?parent=93116"}],"wp:term":[{"taxonomy":"category","embeddable":true,"href":"https:\/\/www.cordobatimes.com\/showup\/wp-json\/wp\/v2\/categories?post=93116"},{"taxonomy":"post_tag","embeddable":true,"href":"https:\/\/www.cordobatimes.com\/showup\/wp-json\/wp\/v2\/tags?post=93116"}],"curies":[{"name":"wp","href":"https:\/\/api.w.org\/{rel}","templated":true}]}}