{"id":93088,"date":"2022-02-09T10:34:55","date_gmt":"2022-02-09T13:34:55","guid":{"rendered":"https:\/\/www.cordobatimes.com\/showup\/?p=93088"},"modified":"2022-02-09T10:34:55","modified_gmt":"2022-02-09T13:34:55","slug":"como-sera-la-biopic-sobre-michael-jackson","status":"publish","type":"post","link":"https:\/\/www.cordobatimes.com\/showup\/cine-y-series\/2022\/02\/09\/como-sera-la-biopic-sobre-michael-jackson\/","title":{"rendered":"C\u00f3mo ser\u00e1 la biopic sobre Michael Jackson"},"content":{"rendered":"<h3><strong>La har\u00e1 el productor de Bohemian Rhapsody<\/strong><\/h3>\n<p>En Hollywood, el rubro de los biopics siempre dio muy buenos resultados en taquilla. En varias oportunidades, las historias de vida de grandes personalidades se convirtieron en la materia prima de \u00e9picas pel\u00edculas. Y en muchos casos, no solo se trataron de \u00e9xitos de taquilla, sino tambi\u00e9n de largometrajes que recibieron numerosos premios. \u00bfEjemplos? Toro salvaje, Mank, Malcolm X, La chica danesa o Johnny y June: pasi\u00f3n y locura. Y a esa lista de prestigiosos films ahora se agregar\u00e1 una biopic sobre Michael Jackson.<\/p>\n<p>En las \u00faltimas horas se confirm\u00f3 que el productor\u00a0Graham King\u00a0ser\u00e1 el responsable de producir el proyecto.\u00a0King es principalmente conocido por haber sido el responsable de otro biopic musical de gran \u00e9xito:\u00a0Bohemian Rhapsody, basado en la historia de Freddie Mercury al frente de Queen. Por el momento,\u00a0el film lleva el t\u00edtulo provisorio de\u00a0Michael.<\/p>\n<p>En la producci\u00f3n de la pel\u00edcula, King trabajar\u00e1 junto a\u00a0John Branca\u00a0y a\u00a0John McClain, miembros del Michael Jackson Estate, la firma legal que se ocupa de controlar los ingresos y el correcto manejo de todas las propiedades intelectuales referidas al Rey del pop.\u00a0De ese modo, se desprende que la biopic tendr\u00e1 car\u00e1cter oficial y, por ende, que contar\u00e1 con la aprobaci\u00f3n de los familiares del m\u00fasico.<\/p>\n<p><img alt=\"\" loading=\"lazy\" decoding=\"async\" class=\"alignnone size-medium wp-image-93090\" src=\"https:\/\/www.cordobatimes.com\/showup\/wp-content\/uploads\/2022\/02\/01-4-651x420.jpg\" alt=\"\" width=\"651\" height=\"420\" srcset=\"https:\/\/www.cordobatimes.com\/showup\/wp-content\/uploads\/2022\/02\/01-4-651x420.jpg 651w, https:\/\/www.cordobatimes.com\/showup\/wp-content\/uploads\/2022\/02\/01-4-768x496.jpg 768w, https:\/\/www.cordobatimes.com\/showup\/wp-content\/uploads\/2022\/02\/01-4-696x449.jpg 696w, https:\/\/www.cordobatimes.com\/showup\/wp-content\/uploads\/2022\/02\/01-4.jpg 846w\" sizes=\"auto, (max-width: 651px) 100vw, 651px\" \/><\/p>\n<p>El elegido para escribir\u00a0Michael\u00a0es John Logan, guionista tres veces nominado al Oscar, y responsable de pel\u00edculas como\u00a0Skyfall, Gladiador, La invenci\u00f3n de Hugo\u00a0o\u00a0Un domingo cualquiera. Su t\u00edtulo m\u00e1s importante hasta el momento, casualmente otro biopic, fue\u00a0El aviador, dirigida por\u00a0Martin Scorsese\u00a0y basada en la vida del empresario y pionero de la aviaci\u00f3n, Howard Hughes.<\/p>\n<p>Con respecto al film, el productor expres\u00f3 con gratitud: \u201cEs un honor para m\u00ed llevar su legado a la pantalla grande. A 38 a\u00f1os de haberme sentado en el estadio Dodger a presenciar su tour llamado Victory, jam\u00e1s hubiera cre\u00eddo que iba a tener el privilegio de ser parte de este proyecto\u201d. En un comunicado de prensa, figura que \u201cMichael\u00a0le dar\u00e1 al p\u00fablico un retrato \u00edntimo del hombre complicado que era el Rey del pop. Devolver\u00e1 a la vida las performances m\u00e1s ic\u00f3nicas de Jackson y dar\u00e1 una profunda mirada al proceso creativo y a la vida personal del artista\u201d. Por su parte, la madre del m\u00fasico, Katherine Jackson, opin\u00f3 sobre el proyecto: \u201cDesde que Michael era muy peque\u00f1o, en la \u00e9poca en la que era miembro de Jackson 5, que \u00e9l amaba la magia del cine. Y como familia, nos honra que nuestra historia cobre vida en la pantalla grande\u201d.<\/p>\n<p><img alt=\"\" loading=\"lazy\" decoding=\"async\" class=\"alignnone size-medium wp-image-93091\" src=\"https:\/\/www.cordobatimes.com\/showup\/wp-content\/uploads\/2022\/02\/02-3-666x420.jpg\" alt=\"\" width=\"666\" height=\"420\" srcset=\"https:\/\/www.cordobatimes.com\/showup\/wp-content\/uploads\/2022\/02\/02-3-666x420.jpg 666w, https:\/\/www.cordobatimes.com\/showup\/wp-content\/uploads\/2022\/02\/02-3-768x484.jpg 768w, https:\/\/www.cordobatimes.com\/showup\/wp-content\/uploads\/2022\/02\/02-3-696x439.jpg 696w, https:\/\/www.cordobatimes.com\/showup\/wp-content\/uploads\/2022\/02\/02-3.jpg 907w\" sizes=\"auto, (max-width: 666px) 100vw, 666px\" \/><\/p>\n<p>De ese modo, se espera que la pel\u00edcula cuente la vida de Jackson, sus comienzos en la m\u00fasica, la importancia de Jackson 5 y su mete\u00f3rica carrera solista, hasta su muerte en 2009. Aunque la sinopsis se refiera a un \u201ccomplicado hombre\u201d, y\u00a0teniendo en cuenta que el proyecto ser\u00e1 una suerte de biograf\u00eda oficial (y que, por ende, quiz\u00e1 omita algunas pol\u00e9micas), el gran interrogante es si en la historia figurar\u00e1n las acusaciones que recibi\u00f3 Jackson por pedofilia no solo durante su vida sino incluso luego de su muerte.\u00a0En 1993, Michael Jackson enfrent\u00f3 una demanda por abuso infantil que se resolvi\u00f3 a trav\u00e9s de un acuerdo extrajudicial entre las partes. En 2005, un juicio lo encontr\u00f3 inocente en una causa que investig\u00f3 el presunto abuso de un menor de trece a\u00f1os.<\/p>\n<p>Esos casos siempre rodearon la vida del artista, aunque no impactaron en sus ventas ni en su popularidad.\u00a0Pero luego de su fallecimiento, el estreno en 2019 del documental\u00a0Leaving Neverland,\u00a0dispar\u00f3 nuevamente la pol\u00e9mica.\u00a0En ese film, dos hombres que presuntamente fueron abusados por Jackson durante su infancia, cuentan el v\u00ednculo que los uni\u00f3 al artista y de qu\u00e9 forma \u00e9l se ganaba la confianza de las familias, utilizando su fama como veh\u00edculo para conquistarlos y poder pasar tiempo a solas con esos ni\u00f1os.<\/p>\n<p>Michael\u00a0a\u00fan no cuenta con una fecha tentativa de estreno.<\/p>\n","protected":false},"excerpt":{"rendered":"<p>La har\u00e1 el productor de Bohemian Rhapsody En Hollywood, el rubro de los biopics siempre dio muy buenos resultados en taquilla. En varias oportunidades, las historias de vida de grandes personalidades se convirtieron en la materia prima de \u00e9picas pel\u00edculas. Y en muchos casos, no solo se trataron de \u00e9xitos de taquilla, sino tambi\u00e9n de [&hellip;]<\/p>\n","protected":false},"author":1,"featured_media":93089,"comment_status":"closed","ping_status":"closed","sticky":false,"template":"","format":"standard","meta":{"_seopress_robots_primary_cat":"","_seopress_titles_title":"","_seopress_titles_desc":"","_seopress_robots_index":"","footnotes":""},"categories":[3],"tags":[34399,34401,34400],"class_list":{"0":"post-93088","1":"post","2":"type-post","3":"status-publish","4":"format-standard","5":"has-post-thumbnail","7":"category-cine-y-series","8":"tag-biopic-sobre-michael-jackson","9":"tag-michael-pelicula-de-michael-jackson","10":"tag-pelicula-de-michael-jackson"},"_links":{"self":[{"href":"https:\/\/www.cordobatimes.com\/showup\/wp-json\/wp\/v2\/posts\/93088","targetHints":{"allow":["GET"]}}],"collection":[{"href":"https:\/\/www.cordobatimes.com\/showup\/wp-json\/wp\/v2\/posts"}],"about":[{"href":"https:\/\/www.cordobatimes.com\/showup\/wp-json\/wp\/v2\/types\/post"}],"author":[{"embeddable":true,"href":"https:\/\/www.cordobatimes.com\/showup\/wp-json\/wp\/v2\/users\/1"}],"replies":[{"embeddable":true,"href":"https:\/\/www.cordobatimes.com\/showup\/wp-json\/wp\/v2\/comments?post=93088"}],"version-history":[{"count":0,"href":"https:\/\/www.cordobatimes.com\/showup\/wp-json\/wp\/v2\/posts\/93088\/revisions"}],"wp:featuredmedia":[{"embeddable":true,"href":"https:\/\/www.cordobatimes.com\/showup\/wp-json\/wp\/v2\/media\/93089"}],"wp:attachment":[{"href":"https:\/\/www.cordobatimes.com\/showup\/wp-json\/wp\/v2\/media?parent=93088"}],"wp:term":[{"taxonomy":"category","embeddable":true,"href":"https:\/\/www.cordobatimes.com\/showup\/wp-json\/wp\/v2\/categories?post=93088"},{"taxonomy":"post_tag","embeddable":true,"href":"https:\/\/www.cordobatimes.com\/showup\/wp-json\/wp\/v2\/tags?post=93088"}],"curies":[{"name":"wp","href":"https:\/\/api.w.org\/{rel}","templated":true}]}}