{"id":93061,"date":"2022-02-08T11:44:00","date_gmt":"2022-02-08T14:44:00","guid":{"rendered":"https:\/\/www.cordobatimes.com\/showup\/?p=93061"},"modified":"2022-02-08T11:44:00","modified_gmt":"2022-02-08T14:44:00","slug":"la-felicidad-de-santi-maratea-tras-la-aprobacion-del-medicamento-para-madeleine","status":"publish","type":"post","link":"https:\/\/www.cordobatimes.com\/showup\/influencers\/2022\/02\/08\/la-felicidad-de-santi-maratea-tras-la-aprobacion-del-medicamento-para-madeleine\/","title":{"rendered":"La felicidad de Santi Maratea tras la aprobaci\u00f3n del medicamento para Madeleine"},"content":{"rendered":"<h3><strong>El influencer comunic\u00f3 en sus redes sociales la decisi\u00f3n de los jueces que respaldaron el pedido y autorizaron el ingreso de la vacuna.\u00a0<\/strong><\/h3>\n<p>Lo que empez\u00f3 siendo un mal d\u00eda para Santi Maratea, termin\u00f3 con la mejor noticia de todas. El influencer hab\u00eda realizado una serie de historias este lunes\u00a0 expresando su frustraci\u00f3n, por los constantes frenos y trabas en su campa\u00f1a para ayudar a Madeleine.<\/p>\n<p>La beba que fue diagnosticada con\u00a0Atrofia Muscular Espinal de tipo 1, necesita un medicamento llamado\u00a0Zolgensma el cual es una vacuna del laboratorio Novartis que tiene un valor de dos millones de d\u00f3lares.<\/p>\n<p>Sin embargo, el primer inconveniente que se present\u00f3 en esta causa, fue que el organismo IOMA, no autoriz\u00f3 la compra de la vacuna y luego de un mes de espera comunicaron la decisi\u00f3n.<\/p>\n<p>Por lo cual, la familia y Santi junto a\u00a0Fernando Burlando\u00a0presentaron un amparo en la justicia, para que se autorice la compra del Zolgensma y finalmente en el d\u00eda de hoy, el fallo de los jueces fue a favor de la ni\u00f1a y decidieron no solo la compra del medicamento, sino que la obra social deber\u00e1 hacerse cargo en un 100% del mismo.<\/p>\n<p>Con mucha felicidad Santi cont\u00f3 las buenas nuevas en sus redes y comparti\u00f3 la data de c\u00f3mo se fueron enterando tanto ellos, como los padres de Mady.<\/p>\n<div style=\"width: 480px;\" class=\"wp-video\"><video class=\"wp-video-shortcode\" id=\"video-93061-1\" width=\"480\" height=\"854\" preload=\"metadata\" controls=\"controls\"><source type=\"video\/mp4\" src=\"https:\/\/www.cordobatimes.com\/showup\/wp-content\/uploads\/2022\/02\/santimaratea_273690378_648301582954541_6606456719376420766_n.mp4?_=1\" \/><a href=\"https:\/\/www.cordobatimes.com\/showup\/wp-content\/uploads\/2022\/02\/santimaratea_273690378_648301582954541_6606456719376420766_n.mp4\">https:\/\/www.cordobatimes.com\/showup\/wp-content\/uploads\/2022\/02\/santimaratea_273690378_648301582954541_6606456719376420766_n.mp4<\/a><\/video><\/div>\n<div style=\"width: 480px;\" class=\"wp-video\"><video class=\"wp-video-shortcode\" id=\"video-93061-2\" width=\"480\" height=\"854\" preload=\"metadata\" controls=\"controls\"><source type=\"video\/mp4\" src=\"https:\/\/www.cordobatimes.com\/showup\/wp-content\/uploads\/2022\/02\/santimaratea_273654636_522958025716351_1910969583935828894_n.mp4?_=2\" \/><a href=\"https:\/\/www.cordobatimes.com\/showup\/wp-content\/uploads\/2022\/02\/santimaratea_273654636_522958025716351_1910969583935828894_n.mp4\">https:\/\/www.cordobatimes.com\/showup\/wp-content\/uploads\/2022\/02\/santimaratea_273654636_522958025716351_1910969583935828894_n.mp4<\/a><\/video><\/div>\n<p>&nbsp;<\/p>\n<p><img alt=\"\" loading=\"lazy\" decoding=\"async\" class=\"alignnone wp-image-93065 size-full\" src=\"https:\/\/www.cordobatimes.com\/showup\/wp-content\/uploads\/2022\/02\/santimaratea_273488681_959838111575774_4058308403415474990_n.jpg\" alt=\"\" width=\"828\" height=\"1472\" srcset=\"https:\/\/www.cordobatimes.com\/showup\/wp-content\/uploads\/2022\/02\/santimaratea_273488681_959838111575774_4058308403415474990_n.jpg 828w, https:\/\/www.cordobatimes.com\/showup\/wp-content\/uploads\/2022\/02\/santimaratea_273488681_959838111575774_4058308403415474990_n-236x420.jpg 236w, https:\/\/www.cordobatimes.com\/showup\/wp-content\/uploads\/2022\/02\/santimaratea_273488681_959838111575774_4058308403415474990_n-576x1024.jpg 576w, https:\/\/www.cordobatimes.com\/showup\/wp-content\/uploads\/2022\/02\/santimaratea_273488681_959838111575774_4058308403415474990_n-768x1365.jpg 768w, https:\/\/www.cordobatimes.com\/showup\/wp-content\/uploads\/2022\/02\/santimaratea_273488681_959838111575774_4058308403415474990_n-696x1237.jpg 696w\" sizes=\"auto, (max-width: 828px) 100vw, 828px\" \/><\/p>\n<p><img alt=\"\" loading=\"lazy\" decoding=\"async\" class=\"alignnone wp-image-93066 size-full\" src=\"https:\/\/www.cordobatimes.com\/showup\/wp-content\/uploads\/2022\/02\/santimaratea_273630781_1850984621779017_3537421872753647992_n.jpg\" alt=\"\" width=\"828\" height=\"1472\" srcset=\"https:\/\/www.cordobatimes.com\/showup\/wp-content\/uploads\/2022\/02\/santimaratea_273630781_1850984621779017_3537421872753647992_n.jpg 828w, https:\/\/www.cordobatimes.com\/showup\/wp-content\/uploads\/2022\/02\/santimaratea_273630781_1850984621779017_3537421872753647992_n-236x420.jpg 236w, https:\/\/www.cordobatimes.com\/showup\/wp-content\/uploads\/2022\/02\/santimaratea_273630781_1850984621779017_3537421872753647992_n-576x1024.jpg 576w, https:\/\/www.cordobatimes.com\/showup\/wp-content\/uploads\/2022\/02\/santimaratea_273630781_1850984621779017_3537421872753647992_n-768x1365.jpg 768w, https:\/\/www.cordobatimes.com\/showup\/wp-content\/uploads\/2022\/02\/santimaratea_273630781_1850984621779017_3537421872753647992_n-696x1237.jpg 696w\" sizes=\"auto, (max-width: 828px) 100vw, 828px\" \/><\/p>\n<p>Al tiempo que tambi\u00e9n hacia una reflexi\u00f3n en twitter y escrib\u00eda:\u00a0\u00abSi ves mis historias de hoy arranca con un problema que ya parece no tener soluci\u00f3n despu\u00e9s hay un momento de tensi\u00f3n, despu\u00e9s un momento motivador y despu\u00e9s la resoluci\u00f3n del problema del principio. Comunicador del a\u00f1o por?\u00bb.<\/p>\n<p><img alt=\"\" loading=\"lazy\" decoding=\"async\" class=\"alignnone wp-image-93067 size-full\" src=\"https:\/\/www.cordobatimes.com\/showup\/wp-content\/uploads\/2022\/02\/santimaratea_273442616_366489271570266_4698839074951408263_n.jpg\" alt=\"\" width=\"828\" height=\"1472\" srcset=\"https:\/\/www.cordobatimes.com\/showup\/wp-content\/uploads\/2022\/02\/santimaratea_273442616_366489271570266_4698839074951408263_n.jpg 828w, https:\/\/www.cordobatimes.com\/showup\/wp-content\/uploads\/2022\/02\/santimaratea_273442616_366489271570266_4698839074951408263_n-236x420.jpg 236w, https:\/\/www.cordobatimes.com\/showup\/wp-content\/uploads\/2022\/02\/santimaratea_273442616_366489271570266_4698839074951408263_n-576x1024.jpg 576w, https:\/\/www.cordobatimes.com\/showup\/wp-content\/uploads\/2022\/02\/santimaratea_273442616_366489271570266_4698839074951408263_n-768x1365.jpg 768w, https:\/\/www.cordobatimes.com\/showup\/wp-content\/uploads\/2022\/02\/santimaratea_273442616_366489271570266_4698839074951408263_n-696x1237.jpg 696w\" sizes=\"auto, (max-width: 828px) 100vw, 828px\" \/><\/p>\n","protected":false},"excerpt":{"rendered":"<p>El influencer comunic\u00f3 en sus redes sociales la decisi\u00f3n de los jueces que respaldaron el pedido y autorizaron el ingreso de la vacuna.\u00a0 Lo que empez\u00f3 siendo un mal d\u00eda para Santi Maratea, termin\u00f3 con la mejor noticia de todas. El influencer hab\u00eda realizado una serie de historias este lunes\u00a0 expresando su frustraci\u00f3n, por los [&hellip;]<\/p>\n","protected":false},"author":1,"featured_media":93062,"comment_status":"closed","ping_status":"closed","sticky":false,"template":"","format":"standard","meta":{"_seopress_robots_primary_cat":"","_seopress_titles_title":"","_seopress_titles_desc":"","_seopress_robots_index":"","footnotes":""},"categories":[23136],"tags":[34389,34390,34391],"class_list":{"0":"post-93061","1":"post","2":"type-post","3":"status-publish","4":"format-standard","5":"has-post-thumbnail","7":"category-influencers","8":"tag-aprobacion-del-medicamento-para-madeleine","9":"tag-medicamento-para-madeleine","10":"tag-santi-maratea-y-madeleine"},"_links":{"self":[{"href":"https:\/\/www.cordobatimes.com\/showup\/wp-json\/wp\/v2\/posts\/93061","targetHints":{"allow":["GET"]}}],"collection":[{"href":"https:\/\/www.cordobatimes.com\/showup\/wp-json\/wp\/v2\/posts"}],"about":[{"href":"https:\/\/www.cordobatimes.com\/showup\/wp-json\/wp\/v2\/types\/post"}],"author":[{"embeddable":true,"href":"https:\/\/www.cordobatimes.com\/showup\/wp-json\/wp\/v2\/users\/1"}],"replies":[{"embeddable":true,"href":"https:\/\/www.cordobatimes.com\/showup\/wp-json\/wp\/v2\/comments?post=93061"}],"version-history":[{"count":0,"href":"https:\/\/www.cordobatimes.com\/showup\/wp-json\/wp\/v2\/posts\/93061\/revisions"}],"wp:featuredmedia":[{"embeddable":true,"href":"https:\/\/www.cordobatimes.com\/showup\/wp-json\/wp\/v2\/media\/93062"}],"wp:attachment":[{"href":"https:\/\/www.cordobatimes.com\/showup\/wp-json\/wp\/v2\/media?parent=93061"}],"wp:term":[{"taxonomy":"category","embeddable":true,"href":"https:\/\/www.cordobatimes.com\/showup\/wp-json\/wp\/v2\/categories?post=93061"},{"taxonomy":"post_tag","embeddable":true,"href":"https:\/\/www.cordobatimes.com\/showup\/wp-json\/wp\/v2\/tags?post=93061"}],"curies":[{"name":"wp","href":"https:\/\/api.w.org\/{rel}","templated":true}]}}