{"id":93058,"date":"2022-02-08T11:00:18","date_gmt":"2022-02-08T14:00:18","guid":{"rendered":"https:\/\/www.cordobatimes.com\/showup\/?p=93058"},"modified":"2022-02-09T09:42:36","modified_gmt":"2022-02-09T12:42:36","slug":"las-nominaciones-a-los-premios-oscar-2022","status":"publish","type":"post","link":"https:\/\/www.cordobatimes.com\/showup\/cine-y-series\/2022\/02\/08\/las-nominaciones-a-los-premios-oscar-2022\/","title":{"rendered":"Las nominaciones a los Premios Oscar 2022"},"content":{"rendered":"<h3><strong>La entrega de galardones se desarrollar\u00e1 el 27 de marzo<\/strong><\/h3>\n<p>La Academia de Artes y Ciencias Cinematogr\u00e1ficas anuncia este martes las nominaciones a la 94\u00aa entrega anual de los Premios Oscar, que este a\u00f1o se realizar\u00e1n el\u00a027 de marzo, un poco m\u00e1s tarde de lo habitual. Y, por segundo a\u00f1o consecutivo, se desarrollar\u00e1n en contexto de pandemia.<\/p>\n<h3><strong>A continuaci\u00f3n, todos los nominados:<\/strong><\/h3>\n<h3><strong>Mejor pel\u00edcula<\/strong><\/h3>\n<ul>\n<li>Belfast<\/li>\n<li>CODA<\/li>\n<li>No miren arriba<\/li>\n<li>Drive My Car<\/li>\n<li>Duna<\/li>\n<li>Rey Richard<\/li>\n<li>Licorice Pizza<\/li>\n<li>El callej\u00f3n de las almas perdidas<\/li>\n<li>El poder del perro<\/li>\n<li>Amor sin barreras<\/li>\n<\/ul>\n<h3><strong>Mejor actor<\/strong><\/h3>\n<ul>\n<li>Javier Bardem (\u201cBeing the Ricardos\u201d)<\/li>\n<li>Benedict Cumberbatch (\u201cEl poder del perro\u201d)<\/li>\n<li>Andrew Garfield (\u201cTick, Tick \u2026 Boom!\u201d)<\/li>\n<li>Will Smith (\u201cRey\u00a0Richard\u201d)<\/li>\n<li>Denzel Washington (\u201cThe Tragedy of Macbeth\u201d)<\/li>\n<\/ul>\n<h3><strong>Mejor actriz<\/strong><\/h3>\n<ul>\n<li>Jessica Chastain (\u201cThe Eyes of Tammy Faye\u201d)<\/li>\n<li>Olivia Colman (\u201cLa hija oscura\u201d)<\/li>\n<li>Pen\u00e9lope Cruz (\u201cMadres paralelas\u201d)<\/li>\n<li>Nicole Kidman (\u201cBeing the Ricardos\u201d)<\/li>\n<li>Kristen Stewart (\u201cSpencer\u201d)<\/li>\n<\/ul>\n<h3><strong>Mejor direcci\u00f3n<\/strong><\/h3>\n<ul>\n<li>Kenneth Branagh (\u201cBelfast\u201d)<\/li>\n<li>Ry\u00fbsuke Hamaguchi (\u201cDrive My Car\u201d)<\/li>\n<li>Paul Thomas Anderson (\u201cLicorice Pizza\u201d)<\/li>\n<li>Jane Campion (\u201cEl poder del perro\u201d)<\/li>\n<li>Steven Spielberg (\u201cAmor sin barreras\u201d)<\/li>\n<\/ul>\n<h3><strong>Mejor pel\u00edcula animada<\/strong><\/h3>\n<ul>\n<li>\u201cEncanto\u201d<\/li>\n<li>\u201cFlee\u201d<\/li>\n<li>\u201cLuca\u201d<\/li>\n<li>\u201cThe Mitchells vs. the Machines\u201d<\/li>\n<li>\u201cRaya y el \u00faltimo drag\u00f3n\u201d<\/li>\n<\/ul>\n<h3><strong>Mejor pel\u00edcula internacional<\/strong><\/h3>\n<ul>\n<li>\u201cDrive My Car\u201d (Jap\u00f3n)<\/li>\n<li>\u201cFlee\u201d (Dinamarca)<\/li>\n<li>\u201cFue la mano de Dios\u201d (Italia)<\/li>\n<li>\u201cLunana: A Yak in the Classroom\u201d (But\u00e1n)<\/li>\n<li>\u201cThe Worst Person in the World\u201d (Noruega)<\/li>\n<\/ul>\n<h3><strong>Mejor direcci\u00f3n de fotograf\u00eda<\/strong><\/h3>\n<ul>\n<li>\u201cDuna\u201d, Greig Fraser<\/li>\n<li>\u201cEl callej\u00f3n de las almas perdidas\u201d, Dan Laustsen<\/li>\n<li>\u201cEl poder del perro\u201d, Ari Wegner<\/li>\n<li>\u201cThe Tragedy of Macbeth\u201d, Bruno Delbonnel<\/li>\n<li>\u201cAmor sin barreras\u201d, Janusz Kami\u0144ski<\/li>\n<\/ul>\n<h3><strong>Mejor edici\u00f3n<\/strong><\/h3>\n<ul>\n<li>\u201cNo miren arriba\u201d<\/li>\n<li>\u201cDuna\u201d<\/li>\n<li>\u201cRey Richard\u201d<\/li>\n<li>\u201cEl poder del perro\u201d<\/li>\n<li>\u201cTick, Tick \u2026 Boom!\u201d<\/li>\n<\/ul>\n<h3><strong>Mejor documental<\/strong><\/h3>\n<ul>\n<li>\u201cAscension\u201d<\/li>\n<li>\u201cAttica\u201d<\/li>\n<li>\u201cFlee\u201d<\/li>\n<li>\u201cSummer of Soul (\u2026Or, When The Revolution Could Not Be Televised)\u201d<\/li>\n<li>\u201cWriting With Fire\u201d<\/li>\n<\/ul>\n<h3><strong>Mejor corto documental<\/strong><\/h3>\n<ul>\n<li>\u201cAudible\u201d<\/li>\n<li>\u201cLead Me Home\u201d<\/li>\n<li>\u201cThe Queen of Basketball\u201d<\/li>\n<li>\u201cThree Songs for Benazir\u201d<\/li>\n<li>\u201cWhen We Were Bullies\u201d<\/li>\n<\/ul>\n<h3><strong>Mejor m\u00fasica original<\/strong><\/h3>\n<ul>\n<li>\u201cNo miren arriba\u201d, Nicholas Britell<\/li>\n<li>\u201cDuna\u201d, Hans Zimmer<\/li>\n<li>\u201cEncanto\u201d, Germaine Franco<\/li>\n<li>\u201cMadres paralelas\u00bb, Alberto Iglesias<\/li>\n<li>\u201cEl poder del perro\u201d, Jonny Greenwood<\/li>\n<\/ul>\n<h3><strong>Mejor canci\u00f3n original<\/strong><\/h3>\n<ul>\n<li>\u201cBe Alive\u201d (\u201cRey Richard\u201d), Beyonc\u00e9 Knowles-Carter, Dixson<\/li>\n<li>\u201cDos oruguitas\u201d (\u201cEncanto\u201d), Lin-Manuel Miranda<\/li>\n<li>\u201cDown to Joy\u201d (\u201cBelfast\u201d), Van Morrison<\/li>\n<li>\u201cSin tiempo para morir\u201d (\u201cSin tiempo para morir\u201d), Billie Eilish, Finneas O\u2019Connell<\/li>\n<li>\u201cSomehow You Do\u201d (\u201cFour Good Days\u201d), Diane Warren<\/li>\n<\/ul>\n<h3><strong>Mejor maquillaje y peinado<\/strong><\/h3>\n<ul>\n<li>\u201cComing 2 America\u201d<\/li>\n<li>\u201cCruella\u201d<\/li>\n<li>\u201cDuna\u201d<\/li>\n<li>\u201cThe Eyes of Tammy Faye\u201d<\/li>\n<li>\u201cLa casa Guccii\u201d<\/li>\n<\/ul>\n<h3><strong>Mejor dise\u00f1o de producci\u00f3n<\/strong><\/h3>\n<ul>\n<li>\u201cDuna\u201d<\/li>\n<li>\u201cEl callej\u00f3n de las almas perdidas\u201d<\/li>\n<li>\u201cEl poder del perro\u201d<\/li>\n<li>\u201cThe Tragedy of Macbeth\u201d<\/li>\n<li>\u201cAmor sin barreras\u201d<\/li>\n<\/ul>\n<h3><strong>Mejores efectos visuales<\/strong><\/h3>\n<div class=\"sp__Normal\">\n<div class=\"image-embeb image-trigger\"><picture><source srcset=\"https:\/\/www.clarin.com\/img\/2022\/01\/26\/bradley-cooper-deambulando-por-el___PWny2aZEe_720x0__1.jpg\" media=\"(min-width: 720px)\" \/><\/picture><\/div>\n<\/div>\n<ul>\n<li>\u201cDuna\u201d<\/li>\n<li>\u201cFree Guy\u201d<\/li>\n<li>\u201cSin tiempo para morir\u201d<\/li>\n<li>\u201cShang-Chi y la leyenda de los diez anillos\u201d<\/li>\n<li>\u201cSpider-Man: Sin camino a casa\u201d<\/li>\n<\/ul>\n<h3><strong>Mejor actor de reparto<\/strong><\/h3>\n<ul>\n<li>Ciar\u00e1n Hinds (\u201cBelfast\u201d)<\/li>\n<li>Troy Kotsur (\u201cCODA\u201d)<\/li>\n<li>Jesse Plemons (\u201cEl poder del perro\u201d)<\/li>\n<li>J.K. Simmons (\u201cBeing the Ricardos\u201d)<\/li>\n<li>Kodi Smit-McPhee (\u201cEl poder del perro\u201d)<\/li>\n<\/ul>\n<h3><strong>Mejor\u00a0actriz de reparto<\/strong><\/h3>\n<ul>\n<li>Jessie Buckley (\u201cLa hija oscura\u201d)<\/li>\n<li>Ariana DeBose (\u201cAmor sin barreras\u201d)<\/li>\n<li>Judy Dench (\u201cBelfast\u201d)<\/li>\n<li>Kirsten Dunst (\u201cEl poder del perro\u201d)<\/li>\n<li>Aunjanue Ellis (\u201cRey\u00a0Richard\u201d)<\/li>\n<\/ul>\n<h3><strong>Mejor guion original<\/strong><\/h3>\n<ul>\n<li>\u201cBelfast\u201d, Kenneth Branagh<\/li>\n<li>\u201cNo miren arriba\u201d, Adam McKay, David Sirota<\/li>\n<li>\u201cRey\u00a0Richard\u201d, Zach Baylin<\/li>\n<li>\u201cLicorice Pizza\u201d, Paul Thomas Anderson<\/li>\n<li>\u201cThe Worst Person in the World\u201d, Eskil Vogt, Joachim Troer<\/li>\n<\/ul>\n<h3><strong>Mejor guion adaptado<\/strong><\/h3>\n<ul>\n<li>CODA\u201d, Si\u00e2n Heder<\/li>\n<li>\u201cDrive My Car\u201d, Ry\u00fbsuke Hamaguchi, Takamasa Oe<\/li>\n<li>\u201cDuna\u201d, Jon Spaihts, Denis Villeneuve, Eric Roth<\/li>\n<li>\u201cLa hija oscura\u201d, Maggie Gyllenhaal<\/li>\n<li>\u201cEl poder del perro\u201d, Jane Campion<\/li>\n<\/ul>\n<h3><strong>Mejor dise\u00f1o de vestuario<\/strong><\/h3>\n<ul>\n<li>\u201cCruella\u201d<\/li>\n<li>\u201cCyrano\u201d<\/li>\n<li>\u201cDuna\u201d<\/li>\n<li>\u201cEl callej\u00f3n\u00a0de las almas perdidas\u201d<\/li>\n<li>\u201cAmor sin barreras\u201d<\/li>\n<\/ul>\n<h3><strong>Mejor sonido<\/strong><\/h3>\n<ul>\n<li>\u00abBelfast\u201d<\/li>\n<li>\u201cDuna\u201d<\/li>\n<li>\u201cSin tiempo para morir\u201d<\/li>\n<li>\u201cEl poder del perro\u201d<\/li>\n<li>\u201cAmor sin barreras\u201d<\/li>\n<\/ul>\n<h3><strong>Mejor cortometraje<\/strong><\/h3>\n<ul>\n<li>\u00a0\u201cAla Kachuu \u2013 Take and Run\u201d<\/li>\n<li>\u201cThe Dress\u201d<\/li>\n<li>\u201cThe Long Goodbye\u201d<\/li>\n<li>\u201cOn My Mind\u201d<\/li>\n<li>\u201cPlease Hold\u201d<\/li>\n<\/ul>\n<h3><strong>Mejor corto animado<\/strong><\/h3>\n<ul>\n<li>\u201cAffairs of the Art\u201d<\/li>\n<li>\u201cBestia\u201d<\/li>\n<li>\u201cBoxballet\u201d<\/li>\n<li>\u201cRobin Robin\u201d<\/li>\n<li>\u201cThe Windshield Wiper\u201d<\/li>\n<\/ul>\n","protected":false},"excerpt":{"rendered":"<p>La entrega de galardones se desarrollar\u00e1 el 27 de marzo La Academia de Artes y Ciencias Cinematogr\u00e1ficas anuncia este martes las nominaciones a la 94\u00aa entrega anual de los Premios Oscar, que este a\u00f1o se realizar\u00e1n el\u00a027 de marzo, un poco m\u00e1s tarde de lo habitual. Y, por segundo a\u00f1o consecutivo, se desarrollar\u00e1n en contexto [&hellip;]<\/p>\n","protected":false},"author":1,"featured_media":93059,"comment_status":"closed","ping_status":"closed","sticky":false,"template":"","format":"standard","meta":{"_seopress_robots_primary_cat":"","_seopress_titles_title":"","_seopress_titles_desc":"","_seopress_robots_index":"","footnotes":""},"categories":[3],"tags":[34387,34388],"class_list":{"0":"post-93058","1":"post","2":"type-post","3":"status-publish","4":"format-standard","5":"has-post-thumbnail","7":"category-cine-y-series","8":"tag-nominaciones-a-los-premios-oscar-2022","9":"tag-premios-oscar-2022"},"_links":{"self":[{"href":"https:\/\/www.cordobatimes.com\/showup\/wp-json\/wp\/v2\/posts\/93058","targetHints":{"allow":["GET"]}}],"collection":[{"href":"https:\/\/www.cordobatimes.com\/showup\/wp-json\/wp\/v2\/posts"}],"about":[{"href":"https:\/\/www.cordobatimes.com\/showup\/wp-json\/wp\/v2\/types\/post"}],"author":[{"embeddable":true,"href":"https:\/\/www.cordobatimes.com\/showup\/wp-json\/wp\/v2\/users\/1"}],"replies":[{"embeddable":true,"href":"https:\/\/www.cordobatimes.com\/showup\/wp-json\/wp\/v2\/comments?post=93058"}],"version-history":[{"count":0,"href":"https:\/\/www.cordobatimes.com\/showup\/wp-json\/wp\/v2\/posts\/93058\/revisions"}],"wp:featuredmedia":[{"embeddable":true,"href":"https:\/\/www.cordobatimes.com\/showup\/wp-json\/wp\/v2\/media\/93059"}],"wp:attachment":[{"href":"https:\/\/www.cordobatimes.com\/showup\/wp-json\/wp\/v2\/media?parent=93058"}],"wp:term":[{"taxonomy":"category","embeddable":true,"href":"https:\/\/www.cordobatimes.com\/showup\/wp-json\/wp\/v2\/categories?post=93058"},{"taxonomy":"post_tag","embeddable":true,"href":"https:\/\/www.cordobatimes.com\/showup\/wp-json\/wp\/v2\/tags?post=93058"}],"curies":[{"name":"wp","href":"https:\/\/api.w.org\/{rel}","templated":true}]}}