{"id":92988,"date":"2022-02-04T10:24:59","date_gmt":"2022-02-04T13:24:59","guid":{"rendered":"https:\/\/www.cordobatimes.com\/showup\/?p=92988"},"modified":"2022-02-04T10:24:59","modified_gmt":"2022-02-04T13:24:59","slug":"los-autenticos-decadentes-y-los-palmeras-revivieron-un-clasico-de-los-del-fuego","status":"publish","type":"post","link":"https:\/\/www.cordobatimes.com\/showup\/musica\/2022\/02\/04\/los-autenticos-decadentes-y-los-palmeras-revivieron-un-clasico-de-los-del-fuego\/","title":{"rendered":"Los Aut\u00e9nticos Decadentes y Los Palmeras revivieron un cl\u00e1sico de Los del Fuego"},"content":{"rendered":"<h3><strong>Como adelanto del segundo volumen de su disco triple de versiones, la banda liderada por Jorge Serrano y Cucho Parisi se uni\u00f3 a los santafesinos. El cantante \u201cdecadente\u201d y Cacho Deicas, de Los Palmeras.<\/strong><\/h3>\n<p>\u201cSiempre tu me dec\u00edas \/ que me amabas, que eras tu vida\u201d, cantaba y se desarmaba\u00a0Juan Carlos\u00a0Banana\u00a0Mascheroni\u00a0(1960-2019)\u00a0en un lamento \u00e1spero. Ese dramatismo que le imprimi\u00f3 a la canci\u00f3n \u201cJurabas tu\u201d -de autor\u00eda acreditada al bajista\u00a0Carlos Oscar\u00a0Chocha\u00a0C\u00e1ceres- hizo que se convirtiera en uno de los cl\u00e1sicos instant\u00e1neos de su banda\u00a0Los del Fuego, leyenda de la cumbia santafesina. \u201cDonde est\u00e1 \/ tu amor \/ Ese amor que me jurabas tu\u201d, explotaba despu\u00e9s en un inolvidable estribillo que invita a ahogar penas.<\/p>\n<p>El tema vio la luz en el disco\u00a025 A\u00f1os: Y s\u00edganla chupando!!! -mitad en estudio, mitad en vivo- editado en 2009. Y adem\u00e1s de explotar parlantes en cualquier baile, tambi\u00e9n se convirti\u00f3 en hit de cancha. De las docenas de versiones que existen, tanto en Argentina como en buena parte de Am\u00e9rica, una de las m\u00e1s contagiosas\u00a0es la de la hinchada de\u00a0Hurac\u00e1n. All\u00ed le responden a la que canta la parcialidad\u00a0cuerva, jact\u00e1ndose de haberles birlado una bandera gigante y hasta se dan el gusto de chicanear a quien hoy es el presidente de San Lorenzo: \u201c\u00bfDonde est\u00e1 el tel\u00f3n que una vez Tinelli te compr\u00f3? \/ \u00bfD\u00f3nde est\u00e1? No se ve \/ la que dice Plaza Butteler\u201d, delira el Duc\u00f3 cada vez que convoca a su p\u00fablico.<\/p>\n<p>Y ahora, cobra una nueva vida en la voz de Rub\u00e9n Cacho Deicas y Rub\u00e9n Cacho Deicas, los cantantes de Los Aut\u00e9nticos Decadentes y Los Palmeras, respectivamente. Es decir, dos de las voces m\u00e1s reconocibles de la m\u00fasica popular argentina. Es el adelanto del segundo volumen de ADN, disco triple de versiones que est\u00e1 lanzando la numerosa banda de car\u00e1cter rockero y que a lo largo de su historia no le esquiv\u00f3 a ning\u00fan estilo.<\/p>\n<p><iframe loading=\"lazy\" title=\"YouTube video player\" src=\"https:\/\/www.youtube.com\/embed\/CQmGAi5oKBo\" width=\"560\" height=\"315\" frameborder=\"0\" allowfullscreen=\"allowfullscreen\"><\/iframe><\/p>\n","protected":false},"excerpt":{"rendered":"<p>Como adelanto del segundo volumen de su disco triple de versiones, la banda liderada por Jorge Serrano y Cucho Parisi se uni\u00f3 a los santafesinos. El cantante \u201cdecadente\u201d y Cacho Deicas, de Los Palmeras. \u201cSiempre tu me dec\u00edas \/ que me amabas, que eras tu vida\u201d, cantaba y se desarmaba\u00a0Juan Carlos\u00a0Banana\u00a0Mascheroni\u00a0(1960-2019)\u00a0en un lamento \u00e1spero. Ese [&hellip;]<\/p>\n","protected":false},"author":1,"featured_media":92989,"comment_status":"closed","ping_status":"closed","sticky":false,"template":"","format":"standard","meta":{"_seopress_robots_primary_cat":"","_seopress_titles_title":"","_seopress_titles_desc":"","_seopress_robots_index":"","footnotes":""},"categories":[5],"tags":[34364,34362,34363],"class_list":{"0":"post-92988","1":"post","2":"type-post","3":"status-publish","4":"format-standard","5":"has-post-thumbnail","7":"category-musica","8":"tag-clasico-de-los-del-fuego","9":"tag-los-autenticos-decadentes-y-los-palmeras","10":"tag-los-autenticos-decadentes-y-los-palmeras-jurabas-tu"},"_links":{"self":[{"href":"https:\/\/www.cordobatimes.com\/showup\/wp-json\/wp\/v2\/posts\/92988","targetHints":{"allow":["GET"]}}],"collection":[{"href":"https:\/\/www.cordobatimes.com\/showup\/wp-json\/wp\/v2\/posts"}],"about":[{"href":"https:\/\/www.cordobatimes.com\/showup\/wp-json\/wp\/v2\/types\/post"}],"author":[{"embeddable":true,"href":"https:\/\/www.cordobatimes.com\/showup\/wp-json\/wp\/v2\/users\/1"}],"replies":[{"embeddable":true,"href":"https:\/\/www.cordobatimes.com\/showup\/wp-json\/wp\/v2\/comments?post=92988"}],"version-history":[{"count":0,"href":"https:\/\/www.cordobatimes.com\/showup\/wp-json\/wp\/v2\/posts\/92988\/revisions"}],"wp:featuredmedia":[{"embeddable":true,"href":"https:\/\/www.cordobatimes.com\/showup\/wp-json\/wp\/v2\/media\/92989"}],"wp:attachment":[{"href":"https:\/\/www.cordobatimes.com\/showup\/wp-json\/wp\/v2\/media?parent=92988"}],"wp:term":[{"taxonomy":"category","embeddable":true,"href":"https:\/\/www.cordobatimes.com\/showup\/wp-json\/wp\/v2\/categories?post=92988"},{"taxonomy":"post_tag","embeddable":true,"href":"https:\/\/www.cordobatimes.com\/showup\/wp-json\/wp\/v2\/tags?post=92988"}],"curies":[{"name":"wp","href":"https:\/\/api.w.org\/{rel}","templated":true}]}}