{"id":92972,"date":"2022-02-03T17:57:50","date_gmt":"2022-02-03T20:57:50","guid":{"rendered":"https:\/\/www.cordobatimes.com\/showup\/?p=92972"},"modified":"2022-02-03T17:57:50","modified_gmt":"2022-02-03T20:57:50","slug":"the-rings-of-power-la-serie-de-el-senor-de-los-anillos-mostro-nuevas-imagenes","status":"publish","type":"post","link":"https:\/\/www.cordobatimes.com\/showup\/cine-y-series\/2022\/02\/03\/the-rings-of-power-la-serie-de-el-senor-de-los-anillos-mostro-nuevas-imagenes\/","title":{"rendered":"\u201cThe Rings of Power\u201d: la serie de \u201cEl se\u00f1or de los anillos\u201d mostr\u00f3 nuevas im\u00e1genes"},"content":{"rendered":"<h3><strong>La producci\u00f3n de Amazon Prime Video se estrenar\u00e1 el pr\u00f3ximo 2 de septiembre.<\/strong><\/h3>\n<p>La saga de El se\u00f1or de los anillos ha sido una de las m\u00e1s vistas y queridas por los espectadores de todo el mundo. Por eso, varios se han mostrado bastante emocionados con el anuncio del lanzamiento de The Rings of Power (Los Anillos de Poder), la serie de Amazon Prime Video que volver\u00e1 a traer esta historia de fantas\u00eda \u00e9pica.<\/p>\n<p>Hace algunas semanas la plataforma de streaming dio a conocer un adelanto de la producci\u00f3n, aunque lo cierto es que no revel\u00f3 mayores detalles de la trama y los personajes.\u00a0Pero eso s\u00ed, asegur\u00f3 que la fecha de estreno ser\u00e1 el 2 de septiembre de este a\u00f1o.<\/p>\n<p>Ahora, Amazon Prime vuelve a emocionar a sus espectadores presentando afiches de la producci\u00f3n. Sin embargo, al igual que con el adelanto, no es mucho lo que se revela y simplemente se muestran las manos y accesorios de los diferentes personajes.<\/p>\n<p><iframe loading=\"lazy\" title=\"YouTube video player\" src=\"https:\/\/www.youtube.com\/embed\/QhqGCPMfkNM\" width=\"560\" height=\"315\" frameborder=\"0\" allowfullscreen=\"allowfullscreen\"><\/iframe><\/p>\n<p><img alt=\"\" loading=\"lazy\" decoding=\"async\" class=\"alignnone wp-image-92974 size-full\" src=\"https:\/\/www.cordobatimes.com\/showup\/wp-content\/uploads\/2022\/02\/01-1.jpg\" alt=\"\" width=\"668\" height=\"714\" srcset=\"https:\/\/www.cordobatimes.com\/showup\/wp-content\/uploads\/2022\/02\/01-1.jpg 668w, https:\/\/www.cordobatimes.com\/showup\/wp-content\/uploads\/2022\/02\/01-1-393x420.jpg 393w\" sizes=\"auto, (max-width: 668px) 100vw, 668px\" \/><\/p>\n<p>Por lo que se ha conocido hasta el momento,\u00a0The Rings of Power\u00a0se ambientar\u00e1 en la Segunda Edad de la Tierra Media, cuando Sauron forja los Anillos de Poder. Eso quiere decir que veremos la historia sucedida antes de\u00a0El Hobbit\u00a0y la trilog\u00eda cinematogr\u00e1fica.<\/p>\n<p>Esta es una de las grandes apuestas de Amazon Prime Video, que decidi\u00f3 invertir m\u00e1s de mil millones de d\u00f3lares en este proyecto. La serie se grab\u00f3 en Nueva Zelanda, pero se traslad\u00f3 a Reino Unido para otras escenas. Adem\u00e1s, se ha conocido que la producci\u00f3n viaj\u00f3 a otros lugares europeos con el objetivo de encontrar los paisajes m\u00e1s reales e ideales.<\/p>\n<p><img alt=\"\" loading=\"lazy\" decoding=\"async\" class=\"alignnone wp-image-92975 size-full\" src=\"https:\/\/www.cordobatimes.com\/showup\/wp-content\/uploads\/2022\/02\/02.jpg\" alt=\"\" width=\"662\" height=\"717\" srcset=\"https:\/\/www.cordobatimes.com\/showup\/wp-content\/uploads\/2022\/02\/02.jpg 662w, https:\/\/www.cordobatimes.com\/showup\/wp-content\/uploads\/2022\/02\/02-388x420.jpg 388w\" sizes=\"auto, (max-width: 662px) 100vw, 662px\" \/><\/p>\n<p><img alt=\"\" loading=\"lazy\" decoding=\"async\" class=\"alignnone wp-image-92976 size-full\" src=\"https:\/\/www.cordobatimes.com\/showup\/wp-content\/uploads\/2022\/02\/03-1.jpg\" alt=\"\" width=\"664\" height=\"718\" srcset=\"https:\/\/www.cordobatimes.com\/showup\/wp-content\/uploads\/2022\/02\/03-1.jpg 664w, https:\/\/www.cordobatimes.com\/showup\/wp-content\/uploads\/2022\/02\/03-1-388x420.jpg 388w\" sizes=\"auto, (max-width: 664px) 100vw, 664px\" \/><\/p>\n<p>&nbsp;<\/p>\n","protected":false},"excerpt":{"rendered":"<p>La producci\u00f3n de Amazon Prime Video se estrenar\u00e1 el pr\u00f3ximo 2 de septiembre. La saga de El se\u00f1or de los anillos ha sido una de las m\u00e1s vistas y queridas por los espectadores de todo el mundo. Por eso, varios se han mostrado bastante emocionados con el anuncio del lanzamiento de The Rings of Power [&hellip;]<\/p>\n","protected":false},"author":1,"featured_media":92973,"comment_status":"closed","ping_status":"closed","sticky":false,"template":"","format":"standard","meta":{"_seopress_robots_primary_cat":"","_seopress_titles_title":"","_seopress_titles_desc":"","_seopress_robots_index":"","footnotes":""},"categories":[3],"tags":[34355,24189,34356],"class_list":{"0":"post-92972","1":"post","2":"type-post","3":"status-publish","4":"format-standard","5":"has-post-thumbnail","7":"category-cine-y-series","8":"tag-the-rings-of-power-la-serie-de-el-senor-de-los-anillos","9":"tag-serie-de-el-senor-de-los-anillos","10":"tag-the-rings-of-power"},"_links":{"self":[{"href":"https:\/\/www.cordobatimes.com\/showup\/wp-json\/wp\/v2\/posts\/92972","targetHints":{"allow":["GET"]}}],"collection":[{"href":"https:\/\/www.cordobatimes.com\/showup\/wp-json\/wp\/v2\/posts"}],"about":[{"href":"https:\/\/www.cordobatimes.com\/showup\/wp-json\/wp\/v2\/types\/post"}],"author":[{"embeddable":true,"href":"https:\/\/www.cordobatimes.com\/showup\/wp-json\/wp\/v2\/users\/1"}],"replies":[{"embeddable":true,"href":"https:\/\/www.cordobatimes.com\/showup\/wp-json\/wp\/v2\/comments?post=92972"}],"version-history":[{"count":0,"href":"https:\/\/www.cordobatimes.com\/showup\/wp-json\/wp\/v2\/posts\/92972\/revisions"}],"wp:featuredmedia":[{"embeddable":true,"href":"https:\/\/www.cordobatimes.com\/showup\/wp-json\/wp\/v2\/media\/92973"}],"wp:attachment":[{"href":"https:\/\/www.cordobatimes.com\/showup\/wp-json\/wp\/v2\/media?parent=92972"}],"wp:term":[{"taxonomy":"category","embeddable":true,"href":"https:\/\/www.cordobatimes.com\/showup\/wp-json\/wp\/v2\/categories?post=92972"},{"taxonomy":"post_tag","embeddable":true,"href":"https:\/\/www.cordobatimes.com\/showup\/wp-json\/wp\/v2\/tags?post=92972"}],"curies":[{"name":"wp","href":"https:\/\/api.w.org\/{rel}","templated":true}]}}