{"id":92942,"date":"2022-01-31T12:04:34","date_gmt":"2022-01-31T15:04:34","guid":{"rendered":"https:\/\/www.cordobatimes.com\/showup\/?p=92942"},"modified":"2022-01-31T12:04:34","modified_gmt":"2022-01-31T15:04:34","slug":"cosquin-2022-nahuel-pennisi-se-llevo-el-premio-consagracion","status":"publish","type":"post","link":"https:\/\/www.cordobatimes.com\/showup\/musica\/2022\/01\/31\/cosquin-2022-nahuel-pennisi-se-llevo-el-premio-consagracion\/","title":{"rendered":"Cosqu\u00edn 2022: Nahuel Pennisi se llev\u00f3 el premio Consagraci\u00f3n"},"content":{"rendered":"<h3><strong>El cantautor se llev\u00f3 el m\u00e1ximo reconocimiento del festival a pocos d\u00edas de haber ganado el mismo galard\u00f3n en Jes\u00fas Mar\u00eda.<\/strong><\/h3>\n<p>Nahuel Pennisi\u00a0logr\u00f3 un doblete hist\u00f3rico al ganar el premio Consagraci\u00f3n del festival de Cosqu\u00edn 2022 y, de esta manera,\u00a0repetir lo hecho un par de semanas antes en Jes\u00fas Mar\u00eda, donde recibi\u00f3 el mismo galard\u00f3n.<\/p>\n<p>El m\u00fasico nacido en Buenos Aires en 1990 (tiene apenas 31 a\u00f1os) consigui\u00f3 un hecho poco com\u00fan para el \u00e1mbito de la m\u00fasica folkl\u00f3rica argentina. Los \u00faltimos en ser premiados el mismo a\u00f1o en los dos festivales m\u00e1s importantes de la provincia hab\u00edan sido los miembros de La Callejera, que en 2015 fueron elegidos por las comisiones de Jes\u00fas Mar\u00eda y Cosqu\u00edn como los artistas merecedores del mayor premio que otorgan ambos eventos.<\/p>\n<p>Aunque hab\u00eda varios nombres en carpeta para llevarse ese reconocimiento, la elecci\u00f3n de Pennisi son\u00f3 a cosa juzgada luego de su gran actuaci\u00f3n en la noche del martes (la m\u00e1s convocante de Cosqu\u00edn 2022), en la que adem\u00e1s comparti\u00f3 escenario con Abel Pintos. Adem\u00e1s, era candidato recurrente al premio en las \u00faltimas ediciones del festival.<\/p>\n<p>\u201cSe\u00f1oras y se\u00f1ores, es Consagraci\u00f3n Cosqu\u00edn 2022: Nahuel Pennisi\u201d, anunci\u00f3 el locutor Pablo Bauhoffer pasada la medianoche del domingo. Inmediatamente, el m\u00fasico entr\u00f3 al escenario y recibi\u00f3 la ovaci\u00f3n de pie de la platea. Sonriente y aplaudiendo, el artista mostr\u00f3 su alegr\u00eda por un premio de gran importancia simb\u00f3lico para la comunidad que rodea al festival de Cosqu\u00edn.<\/p>\n<p><iframe loading=\"lazy\" title=\"YouTube video player\" src=\"https:\/\/www.youtube.com\/embed\/1NtVYFotwRw\" width=\"560\" height=\"315\" frameborder=\"0\" allowfullscreen=\"allowfullscreen\"><\/iframe><\/p>\n","protected":false},"excerpt":{"rendered":"<p>El cantautor se llev\u00f3 el m\u00e1ximo reconocimiento del festival a pocos d\u00edas de haber ganado el mismo galard\u00f3n en Jes\u00fas Mar\u00eda. Nahuel Pennisi\u00a0logr\u00f3 un doblete hist\u00f3rico al ganar el premio Consagraci\u00f3n del festival de Cosqu\u00edn 2022 y, de esta manera,\u00a0repetir lo hecho un par de semanas antes en Jes\u00fas Mar\u00eda, donde recibi\u00f3 el mismo galard\u00f3n. [&hellip;]<\/p>\n","protected":false},"author":1,"featured_media":92943,"comment_status":"closed","ping_status":"closed","sticky":false,"template":"","format":"standard","meta":{"_seopress_robots_primary_cat":"","_seopress_titles_title":"","_seopress_titles_desc":"","_seopress_robots_index":"","footnotes":""},"categories":[5],"tags":[34341,34342],"class_list":{"0":"post-92942","1":"post","2":"type-post","3":"status-publish","4":"format-standard","5":"has-post-thumbnail","7":"category-musica","8":"tag-nahuel-pennisi-cosquin-2022","9":"tag-nahuel-pennisi-premio-consagracion-cosquin-2022"},"_links":{"self":[{"href":"https:\/\/www.cordobatimes.com\/showup\/wp-json\/wp\/v2\/posts\/92942","targetHints":{"allow":["GET"]}}],"collection":[{"href":"https:\/\/www.cordobatimes.com\/showup\/wp-json\/wp\/v2\/posts"}],"about":[{"href":"https:\/\/www.cordobatimes.com\/showup\/wp-json\/wp\/v2\/types\/post"}],"author":[{"embeddable":true,"href":"https:\/\/www.cordobatimes.com\/showup\/wp-json\/wp\/v2\/users\/1"}],"replies":[{"embeddable":true,"href":"https:\/\/www.cordobatimes.com\/showup\/wp-json\/wp\/v2\/comments?post=92942"}],"version-history":[{"count":0,"href":"https:\/\/www.cordobatimes.com\/showup\/wp-json\/wp\/v2\/posts\/92942\/revisions"}],"wp:featuredmedia":[{"embeddable":true,"href":"https:\/\/www.cordobatimes.com\/showup\/wp-json\/wp\/v2\/media\/92943"}],"wp:attachment":[{"href":"https:\/\/www.cordobatimes.com\/showup\/wp-json\/wp\/v2\/media?parent=92942"}],"wp:term":[{"taxonomy":"category","embeddable":true,"href":"https:\/\/www.cordobatimes.com\/showup\/wp-json\/wp\/v2\/categories?post=92942"},{"taxonomy":"post_tag","embeddable":true,"href":"https:\/\/www.cordobatimes.com\/showup\/wp-json\/wp\/v2\/tags?post=92942"}],"curies":[{"name":"wp","href":"https:\/\/api.w.org\/{rel}","templated":true}]}}