{"id":92914,"date":"2022-01-28T12:36:40","date_gmt":"2022-01-28T15:36:40","guid":{"rendered":"https:\/\/www.cordobatimes.com\/showup\/?p=92914"},"modified":"2022-01-28T12:36:40","modified_gmt":"2022-01-28T15:36:40","slug":"johnny-depp-volvera-al-cine-en-2022","status":"publish","type":"post","link":"https:\/\/www.cordobatimes.com\/showup\/cine-y-series\/2022\/01\/28\/johnny-depp-volvera-al-cine-en-2022\/","title":{"rendered":"Johnny Depp volver\u00e1 al cine en 2022"},"content":{"rendered":"<p><strong>Luego de dos a\u00f1os sin rodar, el actor de \u201cPiratas del Caribe\u201d se pondr\u00e1 bajo las \u00f3rdenes de la cineasta y actriz Ma\u00efwenn, en el film sobre \u00a0Luis XV de Francia<\/strong><\/p>\n<p>Johnny Depp\u00a0interpretar\u00e1 a\u00a0Luis XV\u00a0en una nueva pel\u00edcula sobre el rey que rigi\u00f3 el destino de Francia durante 59 a\u00f1os. El film ser\u00e1 dirigido por\u00a0Ma\u00efwenn, responsable de\u00a0Polisse\u00a0y\u00a0Mon Roi\u00a0(My King), quien tambi\u00e9n se reserv\u00f3 un papel: le dar\u00e1 vida a la condesa\u00a0Jeanne du Barry, la \u00faltima amante del monarca conocido como el\u00a0Bien-Aim\u00e9.<\/p>\n<p>Este film implica el regreso de Depp al cine desde 2020: su \u00faltimo trabajo fue\u00a0El fot\u00f3grafo de Minamata,\u00a0pel\u00edcula sobre la vida del reportero de guerra\u00a0W. Eugene Smith, que se estren\u00f3 en los Estados Unidos, en muy pocas salas, en diciembre de 2021.<\/p>\n<p><iframe loading=\"lazy\" title=\"YouTube video player\" src=\"https:\/\/www.youtube.com\/embed\/QEfGnm_72OQ\" width=\"560\" height=\"315\" frameborder=\"0\" allowfullscreen=\"allowfullscreen\"><\/iframe><\/p>\n<p>Luego de las denuncias de violencia de g\u00e9nero que realiz\u00f3 su exesposa, la tambi\u00e9n actriz Amber Heard, la carrera de Depp entr\u00f3 en una suerte de limbo, e incluso se cancel\u00f3 su papel en la franquicia de Animales fant\u00e1sticos (Fantastic Beasts) de Warner Bros., en la cual interpretaba a Gellert Grindelwald. Su papel pas\u00f3 al dan\u00e9s Mads Mikkelsen en la pr\u00f3xima entrega, Los secretos de Dumbledore. Con Hollywood d\u00e1ndole la espalda, Depp recurre a otras tierras para buscar nuevos proyectos, y as\u00ed llega esta propuesta desde Francia.<\/p>\n<p>Seg\u00fan Variety, la biopic sobre Luis XV no tiene t\u00edtulo a\u00fan y s\u00f3lo se difundieron algunos detalles sobre la filmaci\u00f3n que empezar\u00e1 en julio: \u201cSe llevar\u00e1 a cabo durante tres meses en lugares emblem\u00e1ticos de Par\u00eds, principalmente en el Palacio de Versalles\u201d. La publicaci\u00f3n especul\u00f3 tambi\u00e9n que Depp tendr\u00e1 que comenzar a tomar clases de franc\u00e9s para el papel, ya que \u201ca menos que la pel\u00edcula de Ma\u00efwenn se filme en ingl\u00e9s, lo cual es poco probable, este papel como Luis XV requerir\u00e1 que Depp trabaje en su franc\u00e9s\u201d.<\/p>\n<p>Luis XV pas\u00f3 de ser el rey Bien Amado por sus s\u00fabditos a perder su popularidad debido a la corrupci\u00f3n en los manejos p\u00fablicos y las intrigas de la cantidad de amantes que tuvo. Su reinado dur\u00f3 desde 1715 (ten\u00eda cinco a\u00f1os, y asumi\u00f3 con un regente) hasta 1774, cuando su muerte por viruela y provoc\u00f3 una celebraci\u00f3n en las calles de Par\u00eds. El film cuenta con la producci\u00f3n de Pascal Caucheteux y la compa\u00f1\u00eda originaria de Par\u00eds, Why Not Productions de Gregoire Sorlat.<\/p>\n<p>Poco antes del rodaje, en abril, Depp se presentar\u00e1 en los tribunales. En marzo de 2019 \u00e9l demand\u00f3 a su ex esposa por una publicaci\u00f3n en The Washington Post en la que afirm\u00f3 haber sufrido violencia de g\u00e9nero: Depp le exigi\u00f3 USD 50 millones en compensaci\u00f3n por los da\u00f1os morales y laborales que le implic\u00f3 esa denuncia. Pero Heard lo demand\u00f3 a su vez. Los dos casos se resolver\u00e1n en 2022.<\/p>\n<p>Mientras tanto, la se\u00f1al Discovery presentar\u00e1 un documental de dos episodios, Johnny vs. Amber, en el que los dos actores dar\u00e1n sus respectivas versiones de lo sucedido durante su relaci\u00f3n.<\/p>\n","protected":false},"excerpt":{"rendered":"<p>Luego de dos a\u00f1os sin rodar, el actor de \u201cPiratas del Caribe\u201d se pondr\u00e1 bajo las \u00f3rdenes de la cineasta y actriz Ma\u00efwenn, en el film sobre \u00a0Luis XV de Francia Johnny Depp\u00a0interpretar\u00e1 a\u00a0Luis XV\u00a0en una nueva pel\u00edcula sobre el rey que rigi\u00f3 el destino de Francia durante 59 a\u00f1os. El film ser\u00e1 dirigido por\u00a0Ma\u00efwenn, [&hellip;]<\/p>\n","protected":false},"author":1,"featured_media":92915,"comment_status":"closed","ping_status":"closed","sticky":false,"template":"","format":"standard","meta":{"_seopress_robots_primary_cat":"","_seopress_titles_title":"","_seopress_titles_desc":"","_seopress_robots_index":"","footnotes":""},"categories":[3],"tags":[34329,34328,34330],"class_list":{"0":"post-92914","1":"post","2":"type-post","3":"status-publish","4":"format-standard","5":"has-post-thumbnail","7":"category-cine-y-series","8":"tag-johnny-depp-luis-xv-de-francia","9":"tag-johnny-depp-film-sobre-luis-xv-de-francia","10":"tag-johnny-depp-interpretara-a-luis-xv"},"_links":{"self":[{"href":"https:\/\/www.cordobatimes.com\/showup\/wp-json\/wp\/v2\/posts\/92914","targetHints":{"allow":["GET"]}}],"collection":[{"href":"https:\/\/www.cordobatimes.com\/showup\/wp-json\/wp\/v2\/posts"}],"about":[{"href":"https:\/\/www.cordobatimes.com\/showup\/wp-json\/wp\/v2\/types\/post"}],"author":[{"embeddable":true,"href":"https:\/\/www.cordobatimes.com\/showup\/wp-json\/wp\/v2\/users\/1"}],"replies":[{"embeddable":true,"href":"https:\/\/www.cordobatimes.com\/showup\/wp-json\/wp\/v2\/comments?post=92914"}],"version-history":[{"count":0,"href":"https:\/\/www.cordobatimes.com\/showup\/wp-json\/wp\/v2\/posts\/92914\/revisions"}],"wp:featuredmedia":[{"embeddable":true,"href":"https:\/\/www.cordobatimes.com\/showup\/wp-json\/wp\/v2\/media\/92915"}],"wp:attachment":[{"href":"https:\/\/www.cordobatimes.com\/showup\/wp-json\/wp\/v2\/media?parent=92914"}],"wp:term":[{"taxonomy":"category","embeddable":true,"href":"https:\/\/www.cordobatimes.com\/showup\/wp-json\/wp\/v2\/categories?post=92914"},{"taxonomy":"post_tag","embeddable":true,"href":"https:\/\/www.cordobatimes.com\/showup\/wp-json\/wp\/v2\/tags?post=92914"}],"curies":[{"name":"wp","href":"https:\/\/api.w.org\/{rel}","templated":true}]}}