{"id":92888,"date":"2022-01-27T19:56:44","date_gmt":"2022-01-27T22:56:44","guid":{"rendered":"https:\/\/www.cordobatimes.com\/showup\/?p=92888"},"modified":"2022-01-27T19:56:44","modified_gmt":"2022-01-27T22:56:44","slug":"lali-estreno-diva-y-su-2022-parece-de-oro","status":"publish","type":"post","link":"https:\/\/www.cordobatimes.com\/showup\/musica\/2022\/01\/27\/lali-estreno-diva-y-su-2022-parece-de-oro\/","title":{"rendered":"Lali estren\u00f3 DIVA y su 2022 parece de oro"},"content":{"rendered":"<h3><strong>El regreso de la artista deja en claro su versatilidad.\u00a0<\/strong><\/h3>\n<p>Estoy todo lo diva que pensaba que iba a ser \/ Bailo como Britney \/ Visto como Cher\u00bb es uno de los versos m\u00e1s destacables de \u00abDiva\u00bb, el nuevo single de Lali y segundo tras su regreso a la m\u00fasica despu\u00e9s de un a\u00f1o. En este nuevo track, producido por Mauro De Tomasso y Dano, la artista explora los costados m\u00e1s suaves del pop jugando con elementos del R&amp;B.<\/p>\n<p>El contraste con \u00abDisciplina\u00bb es fuerte y emocionante. Ninguno de los dos estilos le resulta ajeno, todo lo contrario. A sus 30 a\u00f1os y tras cuatro discos solista, parece tener claro en d\u00f3nde no ha pisado con su m\u00fasica y qu\u00e9 herramientas tiene para hacerlo ahora.<\/p>\n<p>La letra refleja los pensamientos\u00a0de una estrella en la c\u00faspide que absorbe miradas y flashes al tiempo que se regocija de su fama y belleza (\u00abQu\u00e9 dif\u00edcil ser yo\u00bb). Esta premisa le permite a Lali salirse de los versos clich\u00e9s que suelen tener las canciones pop y demostrar que puede ir m\u00e1s all\u00e1 cuando se lo propone.<\/p>\n<p>El aporte de\u00a0Dano\u00a0se hace muy presente en este nuevo lanzamiento: el rapero argentino\u00a0radicado en Espa\u00f1a fue el encargado de producir el \u00faltimo disco de Cazzu, \u00abUna ni\u00f1a in\u00fatil\u00bb, fundado en sonidos de R&amp;B,\u00a0y ahora se ha puesto al hombro la incursi\u00f3n de Lali en el g\u00e9nero. 10\/10.<\/p>\n<p><iframe loading=\"lazy\" width=\"560\" height=\"315\" src=\"https:\/\/www.youtube.com\/embed\/S-eGusGSu8w\" title=\"YouTube video player\" frameborder=\"0\" allow=\"accelerometer; autoplay; clipboard-write; encrypted-media; gyroscope; picture-in-picture\" allowfullscreen><\/iframe><\/p>\n","protected":false},"excerpt":{"rendered":"<p>El regreso de la artista deja en claro su versatilidad.\u00a0 Estoy todo lo diva que pensaba que iba a ser \/ Bailo como Britney \/ Visto como Cher\u00bb es uno de los versos m\u00e1s destacables de \u00abDiva\u00bb, el nuevo single de Lali y segundo tras su regreso a la m\u00fasica despu\u00e9s de un a\u00f1o. En [&hellip;]<\/p>\n","protected":false},"author":1,"featured_media":92889,"comment_status":"closed","ping_status":"closed","sticky":false,"template":"","format":"standard","meta":{"_seopress_robots_primary_cat":"","_seopress_titles_title":"","_seopress_titles_desc":"","_seopress_robots_index":"","footnotes":""},"categories":[5],"tags":[34316,34317,34315],"class_list":{"0":"post-92888","1":"post","2":"type-post","3":"status-publish","4":"format-standard","5":"has-post-thumbnail","7":"category-musica","8":"tag-lali-diva","9":"tag-lali-esposito-diva","10":"tag-lali-estreno-diva"},"_links":{"self":[{"href":"https:\/\/www.cordobatimes.com\/showup\/wp-json\/wp\/v2\/posts\/92888","targetHints":{"allow":["GET"]}}],"collection":[{"href":"https:\/\/www.cordobatimes.com\/showup\/wp-json\/wp\/v2\/posts"}],"about":[{"href":"https:\/\/www.cordobatimes.com\/showup\/wp-json\/wp\/v2\/types\/post"}],"author":[{"embeddable":true,"href":"https:\/\/www.cordobatimes.com\/showup\/wp-json\/wp\/v2\/users\/1"}],"replies":[{"embeddable":true,"href":"https:\/\/www.cordobatimes.com\/showup\/wp-json\/wp\/v2\/comments?post=92888"}],"version-history":[{"count":0,"href":"https:\/\/www.cordobatimes.com\/showup\/wp-json\/wp\/v2\/posts\/92888\/revisions"}],"wp:featuredmedia":[{"embeddable":true,"href":"https:\/\/www.cordobatimes.com\/showup\/wp-json\/wp\/v2\/media\/92889"}],"wp:attachment":[{"href":"https:\/\/www.cordobatimes.com\/showup\/wp-json\/wp\/v2\/media?parent=92888"}],"wp:term":[{"taxonomy":"category","embeddable":true,"href":"https:\/\/www.cordobatimes.com\/showup\/wp-json\/wp\/v2\/categories?post=92888"},{"taxonomy":"post_tag","embeddable":true,"href":"https:\/\/www.cordobatimes.com\/showup\/wp-json\/wp\/v2\/tags?post=92888"}],"curies":[{"name":"wp","href":"https:\/\/api.w.org\/{rel}","templated":true}]}}