{"id":92802,"date":"2022-01-14T09:42:13","date_gmt":"2022-01-14T12:42:13","guid":{"rendered":"https:\/\/www.cordobatimes.com\/showup\/?p=92802"},"modified":"2022-01-14T09:42:13","modified_gmt":"2022-01-14T12:42:13","slug":"miguel-bose-tendra-su-propia-serie-biografica","status":"publish","type":"post","link":"https:\/\/www.cordobatimes.com\/showup\/cine-y-series\/2022\/01\/14\/miguel-bose-tendra-su-propia-serie-biografica\/","title":{"rendered":"Miguel Bos\u00e9 tendr\u00e1 su propia serie biogr\u00e1fica"},"content":{"rendered":"<h3>\u00a0<strong>Conoc\u00e9 a los actores que interpretar\u00e1n al cantante<\/strong><\/h3>\n<p>La vida del cantante ser\u00e1 contada a lo largo de seis episodios en\u00a0Paramount Plus. Nacido como\u00a0Luis Miguel Gonz\u00e1lez Bos\u00e9\u00a0&#8211; un nombre que irradia m\u00fasica- en Panam\u00e1 en 1956, desarroll\u00f3 su carrera en los 70 como cantante y despeg\u00f3 de manera incre\u00edble. Lleg\u00f3 a vender 30 millones de discos y grab\u00f3 20 \u00e1lbumes de estudio.<\/p>\n<p>La m\u00fasica no fue solo su pasi\u00f3n. Tambi\u00e9n particip\u00f3 de varios films entre ellos, el m\u00e1s destacado,\u00a0Tacones Lejanos\u00a0de\u00a0Pedro Almod\u00f3var\u00a0junto a\u00a0Victoria Abril\u00a0en 1991. Hijo del torero\u00a0Luis Miguel Domingu\u00edn\u00a0(1926-1996) y de la actriz\u00a0Lucia Bos\u00e9\u00a0(1931-2020) que tambi\u00e9n fue Miss Italia, Miguel tuvo unos inicios de vida con muchos saltos ya que sus padres estaban siempre de gira (por esa raz\u00f3n el naci\u00f3 en Panam\u00e1 y no en Colombia donde resid\u00eda la familia).<\/p>\n<p>Para la ficci\u00f3n que recrear\u00e1 la vida del cantante ya se anunciaron los actores que le van a dar vida a Miguel Bos\u00e9 en su juventud y en su adultez:\u00a0Iv\u00e1n S\u00e1nchez\u00a0y\u00a0Jos\u00e9 Pastor\u00a0son los elegidos. Comenzaron a grabar en Espa\u00f1a bajo la producci\u00f3n de\u00a0VIS\u00a0en colaboraci\u00f3n con\u00a0Shine Iberia (Banijay Iberia), Elefantec Global\u00a0y\u00a0Legacy Rock.<\/p>\n<p>Jos\u00e9 Pastor, nacido en M\u00e1laga, interpretar\u00e1 a Bos\u00e9 en su juventud. Pastor viene de participar en las series\u00a0La otra mirada\u00a0y\u00a0Acacias 38\u00a0por mencionar algunos de sus papeles. Iv\u00e1n S\u00e1nchez, por otro lado, ser\u00e1 el actor encargado de darle vida a Miguel Bos\u00e9 adulto. El interprete madrile\u00f1o se hizo mundialmente conocido con su participaci\u00f3n en la serie colombiana\u00a0La reina del sur\u00a0(que estrenar\u00e1 este 18 de enero su segunda parte). Tambi\u00e9n lo hemos visto en la tira\u00a0Peque\u00f1as coincidencias\u00a0producida por\u00a0Atresmedia,\u00a0mientras contin\u00faa con las grabaciones en Miami de\u00a0La Mujer de Mi Vida.<\/p>\n<p>Conocido como \u201cel chico Almod\u00f3var\u201d,\u00a0Bos\u00e9\u00a0es considerado una leyenda dentro del pop espa\u00f1ol que supo acomodarse a los nuevos estilos y las variedades musicales que le impon\u00edan los tiempos modernos. Su voz de bar\u00edtono es una marca registrada como as\u00ed tambi\u00e9n los sobresaltos de su vida privada que muchas veces ocup\u00f3 titulares de los diarios.<\/p>\n<p><img alt=\"\" loading=\"lazy\" decoding=\"async\" class=\"alignnone size-full wp-image-92804\" src=\"https:\/\/www.cordobatimes.com\/showup\/wp-content\/uploads\/2022\/01\/01-3.jpg\" alt=\"\" width=\"708\" height=\"368\" srcset=\"https:\/\/www.cordobatimes.com\/showup\/wp-content\/uploads\/2022\/01\/01-3.jpg 708w, https:\/\/www.cordobatimes.com\/showup\/wp-content\/uploads\/2022\/01\/01-3-696x362.jpg 696w\" sizes=\"auto, (max-width: 708px) 100vw, 708px\" \/><\/p>\n<p>La sinopsis de la serie nos acerca un poco a la trama de la que solo pudimos ver una adelanto de los dos actores elegidos interpretando a Bos\u00e9.: \u201cLa serie de seis episodios busca transportar a los espectadores a diferentes partes de la carrera del cantautor que comenz\u00f3 a fines de la d\u00e9cada de los setenta, revelando las historias detr\u00e1s de la inspiraci\u00f3n, composici\u00f3n y grabaci\u00f3n de algunas de sus obras m\u00e1s ic\u00f3nicas y c\u00f3mo este \u00e9xito impact\u00f3 en su vida personal\u201d.<\/p>\n<p>Justamente de su vida \u00edntima y su relaci\u00f3n de dos d\u00e9cadas con\u00a0Nacho Palau, el hombre con el que decidi\u00f3 formar una familia y tener 4 hijos nacidos de vientres subrogados, que termin\u00f3 en malos t\u00e9rminos. Bos\u00e9 tambi\u00e9n se meti\u00f3 con un tema muy pol\u00e9mico que fue su postura contra la vacunaci\u00f3n contra el Covid-19. \u201cNecesitamos apagar las televisiones de todo el mundo y dejar de escuchar mentiras y la manipulaci\u00f3n con la que est\u00e1n sometiendo a la gente\u201d, expres\u00f3 en una entrevista televisiva y agreg\u00f3: \u201cYo estoy del lado de la verdad y no me importa que me cierren las puertas. La verdad es que ellos quieren matar a todos con estas vacunas que no son vacunas, son experimentos gen\u00e9ticos. Y los primeros en caer son los que tienen la marca de la bestia en las venas\u201d.<\/p>\n<p><img alt=\"\" loading=\"lazy\" decoding=\"async\" class=\"alignnone size-full wp-image-92805\" src=\"https:\/\/www.cordobatimes.com\/showup\/wp-content\/uploads\/2022\/01\/02-3.jpg\" alt=\"\" width=\"709\" height=\"401\" srcset=\"https:\/\/www.cordobatimes.com\/showup\/wp-content\/uploads\/2022\/01\/02-3.jpg 709w, https:\/\/www.cordobatimes.com\/showup\/wp-content\/uploads\/2022\/01\/02-3-696x394.jpg 696w\" sizes=\"auto, (max-width: 709px) 100vw, 709px\" \/><\/p>\n<p>Se desconoce si la serie abarcar\u00e1 esta faceta de Bos\u00e9 o si concluir\u00e1 antes de estas declaraciones por parte del cantante.<\/p>\n","protected":false},"excerpt":{"rendered":"<p>\u00a0Conoc\u00e9 a los actores que interpretar\u00e1n al cantante La vida del cantante ser\u00e1 contada a lo largo de seis episodios en\u00a0Paramount Plus. Nacido como\u00a0Luis Miguel Gonz\u00e1lez Bos\u00e9\u00a0&#8211; un nombre que irradia m\u00fasica- en Panam\u00e1 en 1956, desarroll\u00f3 su carrera en los 70 como cantante y despeg\u00f3 de manera incre\u00edble. Lleg\u00f3 a vender 30 millones de [&hellip;]<\/p>\n","protected":false},"author":1,"featured_media":92803,"comment_status":"closed","ping_status":"closed","sticky":false,"template":"","format":"standard","meta":{"_seopress_robots_primary_cat":"","_seopress_titles_title":"","_seopress_titles_desc":"","_seopress_robots_index":"","footnotes":""},"categories":[3],"tags":[34265,34264,34266],"class_list":{"0":"post-92802","1":"post","2":"type-post","3":"status-publish","4":"format-standard","5":"has-post-thumbnail","7":"category-cine-y-series","8":"tag-miguel-bose-paramount-plus","9":"tag-serie-biografica-de-miguel-bose","10":"tag-serie-de-miguel-bose"},"_links":{"self":[{"href":"https:\/\/www.cordobatimes.com\/showup\/wp-json\/wp\/v2\/posts\/92802","targetHints":{"allow":["GET"]}}],"collection":[{"href":"https:\/\/www.cordobatimes.com\/showup\/wp-json\/wp\/v2\/posts"}],"about":[{"href":"https:\/\/www.cordobatimes.com\/showup\/wp-json\/wp\/v2\/types\/post"}],"author":[{"embeddable":true,"href":"https:\/\/www.cordobatimes.com\/showup\/wp-json\/wp\/v2\/users\/1"}],"replies":[{"embeddable":true,"href":"https:\/\/www.cordobatimes.com\/showup\/wp-json\/wp\/v2\/comments?post=92802"}],"version-history":[{"count":0,"href":"https:\/\/www.cordobatimes.com\/showup\/wp-json\/wp\/v2\/posts\/92802\/revisions"}],"wp:featuredmedia":[{"embeddable":true,"href":"https:\/\/www.cordobatimes.com\/showup\/wp-json\/wp\/v2\/media\/92803"}],"wp:attachment":[{"href":"https:\/\/www.cordobatimes.com\/showup\/wp-json\/wp\/v2\/media?parent=92802"}],"wp:term":[{"taxonomy":"category","embeddable":true,"href":"https:\/\/www.cordobatimes.com\/showup\/wp-json\/wp\/v2\/categories?post=92802"},{"taxonomy":"post_tag","embeddable":true,"href":"https:\/\/www.cordobatimes.com\/showup\/wp-json\/wp\/v2\/tags?post=92802"}],"curies":[{"name":"wp","href":"https:\/\/api.w.org\/{rel}","templated":true}]}}