{"id":92790,"date":"2022-01-12T11:30:24","date_gmt":"2022-01-12T14:30:24","guid":{"rendered":"https:\/\/www.cordobatimes.com\/showup\/?p=92790"},"modified":"2022-01-12T11:30:24","modified_gmt":"2022-01-12T14:30:24","slug":"julieta-prandi-le-respondio-a-contardi-no-tengo-que-preocuparme-por-sus-mentiras-y-amenazas","status":"publish","type":"post","link":"https:\/\/www.cordobatimes.com\/showup\/famosos\/2022\/01\/12\/julieta-prandi-le-respondio-a-contardi-no-tengo-que-preocuparme-por-sus-mentiras-y-amenazas\/","title":{"rendered":"Julieta Prandi le respondi\u00f3 a Contardi: \u201cNo tengo que preocuparme por sus mentiras y amenazas\u201d"},"content":{"rendered":"<h3><strong>La conductora de Am\u00e9rica y su abogada opinaron de la entrevista que dio el empresario.<\/strong><\/h3>\n<p>Claudio Contardi\u00a0rompi\u00f3 el silencio para hablar de la batalla legal\u00a0que tiene con\u00a0Julieta Prandi, la madre de sus hijos,\u00a0Mateo y Rocco. \u201cCada vez que el juzgado falla a favor m\u00edo aparece un titular nuevo diciendo que soy un estafador, que no le paso nunca plata, que no pago el colegio y no le compro nunca ropa, que dej\u00e9 a mis hijos tirados como bolsas de basura\u201d, asegur\u00f3 en una entrevista a la ONG\u00a0Infancia Compartida.<\/p>\n<p>Este martes, la conductora no pudo ir a trabajar al programa\u00a0Es por ah\u00ed, verano\u00a0porque dio positivo de coronavirus y se encuentra aislada. Pero sali\u00f3 a hablar por tel\u00e9fono con sus compa\u00f1eros de equipo, el\u00a0Tucu L\u00f3pez y Guido Zaffora.\u00a0\u201cEsta organizaci\u00f3n poco seria estuvo avalando y defendiendo a un violento, a un estafador, un padre ausente que no paga ni alimentos. Avalaron todo esto y desacreditaron los dichos de mis hijos\u201d, dijo, furiosa.<\/p>\n<p>Adem\u00e1s, la modelo se\u00f1al\u00f3: \u201cNo hay nada m\u00e1s contundente que las pruebas que tiene mi abogada, yo creo que la verdad va a prevalecer y que al final del camino les va a dar verg\u00fcenza todo esto.\u00a0Con la verdad uno duerme tranquilo, no tengo que preocuparme por sus mentiras y sus amenazas.\u00a0Es la lucha que llevo hace tres a\u00f1os cuidando y manteniendo a mis hijos sola. El resto est\u00e1 en la Justicia\u201d.<\/p>\n<p>La abogada de Prandi,\u00a0Alejandra Bellini,\u00a0tambi\u00e9n sali\u00f3 a trav\u00e9s de una videollamada para refutar los dichos del empresario. En primer lugar, aclar\u00f3 que el empresario\u00a0debe m\u00e1s de 2 millones de pesos por el pago de las cuotas alimentarias. \u201cEl juez solo hostiga a la madre que paga la obra social, la que los alimenta y los viste, le paga el colegio. Ella los cambia de colegio porque no lo puede pagar. Contardi no participa en nada&#8230; paga 20 mil pesos por mes cuando se le canta y algunas veces 5 mil\u201d.<\/p>\n<p>Luego, desminti\u00f3 que su clienta no permite que su ex tenga contacto con los menores. \u201cLos chicos no lo quieren ver, hay una causa por corrupci\u00f3n de menores que es grav\u00edsima&#8230; A Mateo le hicieron varias entrevistas y \u00e9l cuenta que su pap\u00e1 lo deja solo con esta ni\u00f1era que lamentablemente tiene un hijo que estar\u00eda involucrado en algunos hechos que prefiero no comentar\u201d, manifest\u00f3 la letrada. Incluso aclar\u00f3 que Contardi no est\u00e1 imputado en la causa por corrupci\u00f3n de menores, sino por abuso. Y explic\u00f3 que todav\u00eda no hay avances en la investigaci\u00f3n.<\/p>\n<p>Cuando Guido pregunt\u00f3 qu\u00e9 pensaba de la entrevista que dio su ex, Julieta respondi\u00f3 con sinceridad:\u00a0\u201cA la nota no la quise mirar. Para m\u00ed no es grato verlo, es una persona que me intimid\u00f3 siempre y que me hizo pasar por un infierno, siempre le tuve miedo. Es una persona a la que no quiero ver ni escuchar. Alejandra lo escuch\u00f3 en detalle y va a tomar cartas en el asunto\u201d.<\/p>\n<p>Adem\u00e1s, la conductora aclar\u00f3: \u201c\u00c9l dijo que la psic\u00f3loga abalaba lo que \u00e9l dec\u00eda. Pero en el Servicio de la Ni\u00f1ez de San Isidro elevaron un informe al juez en car\u00e1cter de urgencia para que suspendan el r\u00e9gimen. Las psic\u00f3logas del juzgado dijeron que Contardi fomenta la violencia, que me trata de loca y que mis hijos no quieren ver al padre. Tambi\u00e9n pidieron la suspensi\u00f3n del r\u00e9gimen. No son mis dichos, son los hechos, es la verdad es lo que est\u00e1 en la Justicia\u201d.<\/p>\n<p>Por \u00faltimo, Prandi se\u00f1al\u00f3: \u201cMe fui de mi casa con mis dos hijos, ped\u00ed un pr\u00e9stamo, alquil\u00e9 un departamento. Cuando ten\u00eda que pagar la matr\u00edcula de mis hijos, este se\u00f1or hab\u00eda alquilado mi casa de Escobar y hab\u00eda cobrado por adelantado, ten\u00eda todo ese dinero. Yo no ten\u00eda c\u00f3mo pagar la matricula.\u00a0Tuve que pedir un pr\u00e9stamo de 10 mil d\u00f3lares para pagar las deudas. Yo banco a mis hijos y \u00e9l no paga nada. Yo creo que todo es un chiste, por todos lados hace agua lo que dice\u201d.<\/p>\n<p><iframe loading=\"lazy\" width=\"560\" height=\"315\" src=\"https:\/\/www.youtube.com\/embed\/Yqiu_9YE-nM\" title=\"YouTube video player\" frameborder=\"0\" allow=\"accelerometer; autoplay; clipboard-write; encrypted-media; gyroscope; picture-in-picture\" allowfullscreen><\/iframe><\/p>\n","protected":false},"excerpt":{"rendered":"<p>La conductora de Am\u00e9rica y su abogada opinaron de la entrevista que dio el empresario. Claudio Contardi\u00a0rompi\u00f3 el silencio para hablar de la batalla legal\u00a0que tiene con\u00a0Julieta Prandi, la madre de sus hijos,\u00a0Mateo y Rocco. \u201cCada vez que el juzgado falla a favor m\u00edo aparece un titular nuevo diciendo que soy un estafador, que no [&hellip;]<\/p>\n","protected":false},"author":1,"featured_media":92791,"comment_status":"closed","ping_status":"closed","sticky":false,"template":"","format":"standard","meta":{"_seopress_robots_primary_cat":"","_seopress_titles_title":"","_seopress_titles_desc":"","_seopress_robots_index":"","footnotes":""},"categories":[4],"tags":[24747,24684],"class_list":{"0":"post-92790","1":"post","2":"type-post","3":"status-publish","4":"format-standard","5":"has-post-thumbnail","7":"category-famosos","8":"tag-conflicto-judicial-entre-julieta-prandi-y-claudio-contardi","9":"tag-julieta-prandi-y-claudio-contardi"},"_links":{"self":[{"href":"https:\/\/www.cordobatimes.com\/showup\/wp-json\/wp\/v2\/posts\/92790","targetHints":{"allow":["GET"]}}],"collection":[{"href":"https:\/\/www.cordobatimes.com\/showup\/wp-json\/wp\/v2\/posts"}],"about":[{"href":"https:\/\/www.cordobatimes.com\/showup\/wp-json\/wp\/v2\/types\/post"}],"author":[{"embeddable":true,"href":"https:\/\/www.cordobatimes.com\/showup\/wp-json\/wp\/v2\/users\/1"}],"replies":[{"embeddable":true,"href":"https:\/\/www.cordobatimes.com\/showup\/wp-json\/wp\/v2\/comments?post=92790"}],"version-history":[{"count":0,"href":"https:\/\/www.cordobatimes.com\/showup\/wp-json\/wp\/v2\/posts\/92790\/revisions"}],"wp:featuredmedia":[{"embeddable":true,"href":"https:\/\/www.cordobatimes.com\/showup\/wp-json\/wp\/v2\/media\/92791"}],"wp:attachment":[{"href":"https:\/\/www.cordobatimes.com\/showup\/wp-json\/wp\/v2\/media?parent=92790"}],"wp:term":[{"taxonomy":"category","embeddable":true,"href":"https:\/\/www.cordobatimes.com\/showup\/wp-json\/wp\/v2\/categories?post=92790"},{"taxonomy":"post_tag","embeddable":true,"href":"https:\/\/www.cordobatimes.com\/showup\/wp-json\/wp\/v2\/tags?post=92790"}],"curies":[{"name":"wp","href":"https:\/\/api.w.org\/{rel}","templated":true}]}}