{"id":92682,"date":"2022-01-10T08:57:19","date_gmt":"2022-01-10T11:57:19","guid":{"rendered":"https:\/\/www.cordobatimes.com\/showup\/?p=92682"},"modified":"2022-01-10T08:57:19","modified_gmt":"2022-01-10T11:57:19","slug":"trailer-de-la-era-de-hielo-las-aventuras-de-buck","status":"publish","type":"post","link":"https:\/\/www.cordobatimes.com\/showup\/cine-y-series\/2022\/01\/10\/trailer-de-la-era-de-hielo-las-aventuras-de-buck\/","title":{"rendered":"Tr\u00e1iler de \u201cLa era de hielo: las aventuras de Buck\u201d"},"content":{"rendered":"<h3><strong>Se estrenar\u00e1 el pr\u00f3ximo 28 de enero en Disney+<\/strong><\/h3>\n<p>El pr\u00f3ximo 28 de enero llegar\u00e1 una nueva cinta de la famosa saga animada. Se trata de\u00a0La era de hielo: las aventuras de Buck,\u00a0que como bien lo dice su nombre, tendr\u00e1 como protagonista a\u00a0Buck,\u00a0la aventurera comadreja que ya ha aparecido en la pantalla grande.<\/p>\n<p>Se conoci\u00f3 un nuevo adelanto de la producci\u00f3n en el que se puede ver a toda la manada, pero en especial a Crash y Eddie, quienes terminan cayendo en la caverna subterr\u00e1nea llena de dinosaurios, lugar en el que vive Buck.<\/p>\n<p>En las im\u00e1genes, que duran cerca de dos minutos, se puede ver que en un comienzo Crash y Eddie disfrutan de esta nueva aventura junto a la comadreja, sin embargo, con el pasar del tiempo se ir\u00e1n dando cuenta de que se trata de un lugar peligroso con criaturas que est\u00e1n dispuestas a hacer lo que sea por saciar su hambre.<\/p>\n<p>Y mientras ellos se encuentran en este mundo subterr\u00e1neo, en la superficie\u00a0Manny el mamut, Sid el perezoso y Diego el tigre de dientes de sable\u00a0(junto al resto de la manada), tambi\u00e9n est\u00e1n viviendo su propia aventura mientras intentan rescatarlos.<\/p>\n<p><iframe loading=\"lazy\" width=\"560\" height=\"315\" src=\"https:\/\/www.youtube.com\/embed\/1ECN-CIBRGk\" title=\"YouTube video player\" frameborder=\"0\" allow=\"accelerometer; autoplay; clipboard-write; encrypted-media; gyroscope; picture-in-picture\" allowfullscreen><\/iframe><\/p>\n","protected":false},"excerpt":{"rendered":"<p>Se estrenar\u00e1 el pr\u00f3ximo 28 de enero en Disney+ El pr\u00f3ximo 28 de enero llegar\u00e1 una nueva cinta de la famosa saga animada. Se trata de\u00a0La era de hielo: las aventuras de Buck,\u00a0que como bien lo dice su nombre, tendr\u00e1 como protagonista a\u00a0Buck,\u00a0la aventurera comadreja que ya ha aparecido en la pantalla grande. Se conoci\u00f3 [&hellip;]<\/p>\n","protected":false},"author":1,"featured_media":92683,"comment_status":"closed","ping_status":"closed","sticky":false,"template":"","format":"standard","meta":{"_seopress_robots_primary_cat":"","_seopress_titles_title":"","_seopress_titles_desc":"","_seopress_robots_index":"","footnotes":""},"categories":[3],"tags":[34169,34171,34168,34170],"class_list":{"0":"post-92682","1":"post","2":"type-post","3":"status-publish","4":"format-standard","5":"has-post-thumbnail","7":"category-cine-y-series","8":"tag-la-era-de-hielo-peliculas","9":"tag-la-era-de-hielo-las-aventuras-de-buck-disney","10":"tag-sexta-pelicula-de-la-era-de-hielo","11":"tag-trailer-de-la-era-de-hielo-las-aventuras-de-buck"},"_links":{"self":[{"href":"https:\/\/www.cordobatimes.com\/showup\/wp-json\/wp\/v2\/posts\/92682","targetHints":{"allow":["GET"]}}],"collection":[{"href":"https:\/\/www.cordobatimes.com\/showup\/wp-json\/wp\/v2\/posts"}],"about":[{"href":"https:\/\/www.cordobatimes.com\/showup\/wp-json\/wp\/v2\/types\/post"}],"author":[{"embeddable":true,"href":"https:\/\/www.cordobatimes.com\/showup\/wp-json\/wp\/v2\/users\/1"}],"replies":[{"embeddable":true,"href":"https:\/\/www.cordobatimes.com\/showup\/wp-json\/wp\/v2\/comments?post=92682"}],"version-history":[{"count":0,"href":"https:\/\/www.cordobatimes.com\/showup\/wp-json\/wp\/v2\/posts\/92682\/revisions"}],"wp:featuredmedia":[{"embeddable":true,"href":"https:\/\/www.cordobatimes.com\/showup\/wp-json\/wp\/v2\/media\/92683"}],"wp:attachment":[{"href":"https:\/\/www.cordobatimes.com\/showup\/wp-json\/wp\/v2\/media?parent=92682"}],"wp:term":[{"taxonomy":"category","embeddable":true,"href":"https:\/\/www.cordobatimes.com\/showup\/wp-json\/wp\/v2\/categories?post=92682"},{"taxonomy":"post_tag","embeddable":true,"href":"https:\/\/www.cordobatimes.com\/showup\/wp-json\/wp\/v2\/tags?post=92682"}],"curies":[{"name":"wp","href":"https:\/\/api.w.org\/{rel}","templated":true}]}}