{"id":92678,"date":"2022-01-10T08:42:41","date_gmt":"2022-01-10T11:42:41","guid":{"rendered":"https:\/\/www.cordobatimes.com\/showup\/?p=92678"},"modified":"2022-01-10T08:42:41","modified_gmt":"2022-01-10T11:42:41","slug":"jey-mammon-definio-su-futuro-televisivo","status":"publish","type":"post","link":"https:\/\/www.cordobatimes.com\/showup\/tv\/2022\/01\/10\/jey-mammon-definio-su-futuro-televisivo\/","title":{"rendered":"Jey Mammon defini\u00f3 su futuro televisivo"},"content":{"rendered":"<h3><strong>El conductor firm\u00f3 contrato para sumarse a la programaci\u00f3n de una emisora en la que ya hab\u00eda trabajado hace unos a\u00f1os.<\/strong><\/h3>\n<p>A poco del comienzo del 2022, los canales est\u00e1n definiendo sus programaciones para los pr\u00f3ximos meses. Luego de las especulaciones por su salida de Am\u00e9rica, Jey Mammon firm\u00f3 contrato para sumarse a Telefe.\u00a0De esta manera, se prepara para un nuevo e interesante desaf\u00edo en su carrera, con un proyecto del que todav\u00eda no se conocen muchos detalles.<\/p>\n<p>Desde la emisora le dieron una calurosa bienvenida a trav\u00e9s de las redes sociales. \u201cEste a\u00f1o, el reconocido conductor se suma a la familia de Telefe. Luego de su paso por ciclos como\u00a0La Pelu, Tu Cara me Suena y La Nave de Marley,\u00a0Jey vuelve a la pantalla de Telefe para estar al frente de una nueva propuesta llena de alegr\u00eda, humor y el estilo que lo caracteriza\u201d.\u00a0\u201cMuchas Gracias. \u00a1\u00a1\u00a1Feliz de ser parte!!! all\u00e1 vamos\u201d, escribi\u00f3 el creador del popular personaje Estelita.<\/p>\n<p><img alt=\"\" loading=\"lazy\" decoding=\"async\" class=\"alignnone size-full wp-image-92680\" src=\"https:\/\/www.cordobatimes.com\/showup\/wp-content\/uploads\/2022\/01\/twit-de-jey-mammon-a-telefe.jpg\" alt=\"\" width=\"563\" height=\"323\" \/><\/p>\n<p>Cabe recordar que el conductor tuvo un excelente a\u00f1o con el ciclo\u00a0Los Mammones\u00a0(Am\u00e9rica).\u00a0El 23 de diciembre, estuvo al frente del \u00faltimo programa\u00a0y se despidi\u00f3 con un largo y emotivo discurso en el que agradeci\u00f3 a quienes lo convocaron para hacer el programa y, tambi\u00e9n, a su fiel p\u00fablico, incluyendo en el mismo las palabras del productor, Jos\u00e9 N\u00fa\u00f1ez, quien confirm\u00f3: \u201cVamos a trabajar para mantener en 2022 un espacio de m\u00fasica, de humor, de buena energ\u00eda para los televidentes, que son los actores m\u00e1s importantes de esta historia\u201d.<\/p>\n","protected":false},"excerpt":{"rendered":"<p>El conductor firm\u00f3 contrato para sumarse a la programaci\u00f3n de una emisora en la que ya hab\u00eda trabajado hace unos a\u00f1os. A poco del comienzo del 2022, los canales est\u00e1n definiendo sus programaciones para los pr\u00f3ximos meses. Luego de las especulaciones por su salida de Am\u00e9rica, Jey Mammon firm\u00f3 contrato para sumarse a Telefe.\u00a0De esta [&hellip;]<\/p>\n","protected":false},"author":1,"featured_media":92679,"comment_status":"closed","ping_status":"closed","sticky":false,"template":"","format":"standard","meta":{"_seopress_robots_primary_cat":"","_seopress_titles_title":"","_seopress_titles_desc":"","_seopress_robots_index":"","footnotes":""},"categories":[2],"tags":[34165,34166,34167],"class_list":{"0":"post-92678","1":"post","2":"type-post","3":"status-publish","4":"format-standard","5":"has-post-thumbnail","7":"category-tv","8":"tag-jey-mammon-en-telefe","9":"tag-jey-mammon-telefe","10":"tag-nuevo-programa-de-jey-mammon"},"_links":{"self":[{"href":"https:\/\/www.cordobatimes.com\/showup\/wp-json\/wp\/v2\/posts\/92678","targetHints":{"allow":["GET"]}}],"collection":[{"href":"https:\/\/www.cordobatimes.com\/showup\/wp-json\/wp\/v2\/posts"}],"about":[{"href":"https:\/\/www.cordobatimes.com\/showup\/wp-json\/wp\/v2\/types\/post"}],"author":[{"embeddable":true,"href":"https:\/\/www.cordobatimes.com\/showup\/wp-json\/wp\/v2\/users\/1"}],"replies":[{"embeddable":true,"href":"https:\/\/www.cordobatimes.com\/showup\/wp-json\/wp\/v2\/comments?post=92678"}],"version-history":[{"count":0,"href":"https:\/\/www.cordobatimes.com\/showup\/wp-json\/wp\/v2\/posts\/92678\/revisions"}],"wp:featuredmedia":[{"embeddable":true,"href":"https:\/\/www.cordobatimes.com\/showup\/wp-json\/wp\/v2\/media\/92679"}],"wp:attachment":[{"href":"https:\/\/www.cordobatimes.com\/showup\/wp-json\/wp\/v2\/media?parent=92678"}],"wp:term":[{"taxonomy":"category","embeddable":true,"href":"https:\/\/www.cordobatimes.com\/showup\/wp-json\/wp\/v2\/categories?post=92678"},{"taxonomy":"post_tag","embeddable":true,"href":"https:\/\/www.cordobatimes.com\/showup\/wp-json\/wp\/v2\/tags?post=92678"}],"curies":[{"name":"wp","href":"https:\/\/api.w.org\/{rel}","templated":true}]}}