{"id":92643,"date":"2021-12-30T11:04:25","date_gmt":"2021-12-30T14:04:25","guid":{"rendered":"https:\/\/www.cordobatimes.com\/showup\/?p=92643"},"modified":"2021-12-30T11:04:25","modified_gmt":"2021-12-30T14:04:25","slug":"flor-vigna-se-refirio-a-la-posibilidad-de-tener-un-hijo-con-luciano-castro","status":"publish","type":"post","link":"https:\/\/www.cordobatimes.com\/showup\/tv\/2021\/12\/30\/flor-vigna-se-refirio-a-la-posibilidad-de-tener-un-hijo-con-luciano-castro\/","title":{"rendered":"Flor Vigna se refiri\u00f3 a la posibilidad de tener un hijo con Luciano Castro"},"content":{"rendered":"<h3><strong>Cada vez m\u00e1s enamorada del actor, la bailarina destac\u00f3 el v\u00ednculo con su ex y se mostr\u00f3 enfocada en sus nuevos proyectos<\/strong><\/h3>\n<p>La segunda parte del 2021 estuvo plagado de emociones de las fuertes para\u00a0Flor Vigna. El antes la mostraba soltera y con su carrera profesional enfocada en\u00a0La Academia\u00a0de\u00a0ShowMatch, donde se mostraba como una de las candidatas a ganar el premio.\u00a0El despu\u00e9s, la tiene con\u00a0una prometedora carrera como cantante, en la que ya public\u00f3 dos sencillos con sus respectivos videoclips, y muy\u00a0enamorada de\u00a0Luciano Castro,\u00a0quien la acompa\u00f1a en este desaf\u00edo, al punto que\u00a0fue el protagonista de su lanzamiento.<\/p>\n<p>En su relaci\u00f3n con el actor experiment\u00f3 adem\u00e1s una nueva sensaci\u00f3n: la de aproximarse a la idea de una familia ensamblada. Luciano es pap\u00e1 de\u00a0Esperanza y Fausto, de su relaci\u00f3n con\u00a0Sabrina Rojas.<\/p>\n<p>De este y otros temas volvi\u00f3 a hablar Flor. Lo hizo en un m\u00f3vil de\u00a0Intrusos\u00a0(Am\u00e9rica) luego de participar de\u00a0un evento exclusivo organizado por\u00a0Camila Galante, la esposa del futbolista\u00a0Leandro Paredes. All\u00ed manifest\u00f3 estar \u201cmuy bien y muy contestos\u201d\u00a0en su actualidad con Luciano y se refiri\u00f3 a la buena relaci\u00f3n con la ex de su pareja.\u00a0\u201cYo solamente puedo hablar cosas buenas de\u00a0Sabri.\u00a0Es una mujer muy copada, muy segura, me dio una bienvenida hermosa a su familia\u201d, asegur\u00f3.<\/p>\n<p>Respecto a esto, ampli\u00f3: \u201cCuando lo conoc\u00ed a Lu, me dijo que para el lo m\u00e1s importante es la familia y sus hijos y es re lindo.\u00a0Me enternece un mont\u00f3n que sea as\u00ed\u201d, se\u00f1al\u00f3. Y consultada sobre la posibilidad de formar una familia ensamblada, la actual cantante puso algunos reparos. \u201cYo le pido a la vida que por favor\u00a0aguante un cacho,\u00a0porque estoy sacando mi m\u00fasica, empezando a autogestionar y producir todos mis proyectos, s\u00e9 que necesito tiempo\u201d, se ataj\u00f3.<\/p>\n<p>Sin embargo, no descart\u00f3 convertirse en madre y de hecho se anim\u00f3 a poner plazos: \u201cMe enternece mucho. En tres, cinco a\u00f1os podr\u00eda ser\u201d, asegur\u00f3. Y cerr\u00f3 con una profunda reflexi\u00f3n sobre esta nueva etapa de su vida: \u201cYo nunca me enamor\u00e9 de alguien con hijos y\u00a0siento que la vida me quiere ense\u00f1ar algo. Yo ven\u00eda tan loca de laburo y tan exigente y\u00a0toda la parte familiar me conecta con algo que es un re disfrute de vida, es un cable a tierra\u201d, estim\u00f3.<\/p>\n<p><iframe loading=\"lazy\" title=\"YouTube video player\" src=\"https:\/\/www.youtube.com\/embed\/YPu0DeFyTmk?start=2485\" width=\"560\" height=\"315\" frameborder=\"0\" allowfullscreen=\"allowfullscreen\"><\/iframe><\/p>\n","protected":false},"excerpt":{"rendered":"<p>Cada vez m\u00e1s enamorada del actor, la bailarina destac\u00f3 el v\u00ednculo con su ex y se mostr\u00f3 enfocada en sus nuevos proyectos La segunda parte del 2021 estuvo plagado de emociones de las fuertes para\u00a0Flor Vigna. El antes la mostraba soltera y con su carrera profesional enfocada en\u00a0La Academia\u00a0de\u00a0ShowMatch, donde se mostraba como una de [&hellip;]<\/p>\n","protected":false},"author":1,"featured_media":92644,"comment_status":"closed","ping_status":"closed","sticky":false,"template":"","format":"standard","meta":{"_seopress_robots_primary_cat":"","_seopress_titles_title":"","_seopress_titles_desc":"","_seopress_robots_index":"","footnotes":""},"categories":[2],"tags":[24348,34133,33543],"class_list":{"0":"post-92643","1":"post","2":"type-post","3":"status-publish","4":"format-standard","5":"has-post-thumbnail","7":"category-tv","8":"tag-flor-vigna-en-intrusos","9":"tag-flor-vigna-luciano-castro-hijos","10":"tag-flor-vigna-y-luciano-castro"},"_links":{"self":[{"href":"https:\/\/www.cordobatimes.com\/showup\/wp-json\/wp\/v2\/posts\/92643","targetHints":{"allow":["GET"]}}],"collection":[{"href":"https:\/\/www.cordobatimes.com\/showup\/wp-json\/wp\/v2\/posts"}],"about":[{"href":"https:\/\/www.cordobatimes.com\/showup\/wp-json\/wp\/v2\/types\/post"}],"author":[{"embeddable":true,"href":"https:\/\/www.cordobatimes.com\/showup\/wp-json\/wp\/v2\/users\/1"}],"replies":[{"embeddable":true,"href":"https:\/\/www.cordobatimes.com\/showup\/wp-json\/wp\/v2\/comments?post=92643"}],"version-history":[{"count":0,"href":"https:\/\/www.cordobatimes.com\/showup\/wp-json\/wp\/v2\/posts\/92643\/revisions"}],"wp:featuredmedia":[{"embeddable":true,"href":"https:\/\/www.cordobatimes.com\/showup\/wp-json\/wp\/v2\/media\/92644"}],"wp:attachment":[{"href":"https:\/\/www.cordobatimes.com\/showup\/wp-json\/wp\/v2\/media?parent=92643"}],"wp:term":[{"taxonomy":"category","embeddable":true,"href":"https:\/\/www.cordobatimes.com\/showup\/wp-json\/wp\/v2\/categories?post=92643"},{"taxonomy":"post_tag","embeddable":true,"href":"https:\/\/www.cordobatimes.com\/showup\/wp-json\/wp\/v2\/tags?post=92643"}],"curies":[{"name":"wp","href":"https:\/\/api.w.org\/{rel}","templated":true}]}}