{"id":92611,"date":"2021-12-29T09:26:02","date_gmt":"2021-12-29T12:26:02","guid":{"rendered":"https:\/\/www.cordobatimes.com\/showup\/?p=92611"},"modified":"2021-12-29T09:26:04","modified_gmt":"2021-12-29T12:26:04","slug":"los-ganadores-de-los-premios-condor-de-plata-a-lo-mas-destacado-del-cine-argentino","status":"publish","type":"post","link":"https:\/\/www.cordobatimes.com\/showup\/cine-y-series\/2021\/12\/29\/los-ganadores-de-los-premios-condor-de-plata-a-lo-mas-destacado-del-cine-argentino\/","title":{"rendered":"Los ganadores de los Premios C\u00f3ndor de Plata a lo m\u00e1s destacado del cine argentino"},"content":{"rendered":"<h3><strong>Las siamesas de Paula Hern\u00e1ndez fue seleccionada como mejor pel\u00edcula de ficci\u00f3n. Adem\u00e1s distinguieron al documental Ni\u00f1a mam\u00e1 de Andrea Testa.<\/strong><\/h3>\n<p>La Asociaci\u00f3n de Cronistas Cinematogr\u00e1ficos de Argentina dieron a conocer a los ganadores de la 69 edici\u00f3n de los\u00a0Premios C\u00f3ndor de Plata\u00a0que distinguen lo mejor de la producci\u00f3n nacional del 2020 estrenada en cines o a trav\u00e9s de las diversas plataformas disponibles en el pa\u00eds.<\/p>\n<p>Las siamesas\u00a0de\u00a0Paula Hern\u00e1ndez\u00a0fue elegida como la pel\u00edcula del a\u00f1o. Adem\u00e1s se impuso en las categor\u00edas guion adaptado, actriz para\u00a0Valeria Lois\u00a0y direcci\u00f3n para\u00a0Paula Hern\u00e1ndez, este \u00faltimo premio compartido con\u00a0Clarisa Navas\u00a0por\u00a0Las Mil y una.<\/p>\n<p><img alt=\"\" loading=\"lazy\" decoding=\"async\" class=\"alignnone size-full wp-image-92613\" src=\"https:\/\/www.cordobatimes.com\/showup\/wp-content\/uploads\/2021\/12\/01-2.jpg\" alt=\"\" width=\"710\" height=\"394\" srcset=\"https:\/\/www.cordobatimes.com\/showup\/wp-content\/uploads\/2021\/12\/01-2.jpg 710w, https:\/\/www.cordobatimes.com\/showup\/wp-content\/uploads\/2021\/12\/01-2-696x385.jpg 696w\" sizes=\"auto, (max-width: 710px) 100vw, 710px\" \/><\/p>\n<p>Tambi\u00e9n\u00a0Ni\u00f1a mam\u00e1\u00a0de\u00a0Andrea Testa\u00a0recibi\u00f3 el C\u00f3ndor de Plata en el rubro largo documental. Mientras que\u00a0La muerte no existe y el amor tampoco\u00a0de Fernando Salem fue premiada por su banda sonora a cargo de\u00a0Santiago Motorizado, mejor fotograf\u00eda, revelaci\u00f3n femenina para\u00a0Antonella Saldicco\u00a0y actriz de reparto para\u00a0Susana Pamp\u00edn.<\/p>\n<p>Por otra parte,\u00a0Planta permanente\u00a0de\u00a0Ezequiel Radusky\u00a0y\u00a0La chancha\u00a0de\u00a0Franco Verdoia\u00a0obtuvieron los premios a la \u00f3pera prima. Mientras que\u00a0Esteban Meloni, tambi\u00e9n por\u00a0La chancha, y\u00a0Diego Vel\u00e1zquez\u00a0por\u00a0El maestro\u00a0fueron reconocidos como los mejores actores protagonistas. Por su parte,\u00a0Gabriel Goity\u00a0fue elegido mejor actor de reparto.<\/p>\n<p>La Asociaci\u00f3n de Cronistas Cinematogr\u00e1ficos de Argentina distingui\u00f3 la mejor pel\u00edcula en coproducci\u00f3n con el pa\u00eds:\u00a0Lina\u00a0de\u00a0Lima de Mar\u00eda Paz Gonz\u00e1lez\u00a0(Chile &#8211; Per\u00fa);\u00a0y Nasha Natasha\u00a0de\u00a0Mart\u00edn Sastre\u00a0(Uruguay), un filme documental sobre Natalia Oreiro que tambi\u00e9n le dio a su marido, Ricardo Mollo, el premio a la mejor canci\u00f3n original.<\/p>\n<p><img alt=\"\" loading=\"lazy\" decoding=\"async\" class=\"alignnone size-medium wp-image-92614\" src=\"https:\/\/www.cordobatimes.com\/showup\/wp-content\/uploads\/2021\/12\/02-3-740x420.jpg\" alt=\"\" width=\"740\" height=\"420\" srcset=\"https:\/\/www.cordobatimes.com\/showup\/wp-content\/uploads\/2021\/12\/02-3-740x420.jpg 740w, https:\/\/www.cordobatimes.com\/showup\/wp-content\/uploads\/2021\/12\/02-3-768x436.jpg 768w, https:\/\/www.cordobatimes.com\/showup\/wp-content\/uploads\/2021\/12\/02-3-696x395.jpg 696w, https:\/\/www.cordobatimes.com\/showup\/wp-content\/uploads\/2021\/12\/02-3.jpg 925w\" sizes=\"auto, (max-width: 740px) 100vw, 740px\" \/><\/p>\n<p>La producci\u00f3n de Netflix\u00a0Carmel \u00bfqui\u00e9n mat\u00f3 a Mar\u00eda Marta?,\u00a0dirigida por\u00a0Alejandro Hartmann, fue premiada como la serie del a\u00f1o. Adem\u00e1s,\u00a0Manual de supervivencia\u00a0(Movistar+) fue reconocida en las categor\u00edas mejor actor para\u00a0Esteban Bigliardi,\u00a0actriz compartido entre\u00a0Ver\u00f3nica Llin\u00e1s y Pilar Gamboa, y\u00a0direcci\u00f3n para\u00a0Victoria Galardi.<\/p>\n<p>La Asociaci\u00f3n de Cronistas Cinematogr\u00e1ficos de Argentina fue fundada en 1942 y, desde entonces, desarroll\u00f3 una actividad constante en la difusi\u00f3n y fortalecimiento del cine nacional, ya que entrega los Premios C\u00f3ndor de Plata. Los galardones correspondientes a la 68 y 69 edici\u00f3n ser\u00e1n entregados a sus ganadores durante un evento a realizarse los primeros meses de 2022.<\/p>\n<p class=\"paragraph\"><b>La lista de los ganadores:<\/b><\/p>\n<p class=\"paragraph\"><b>Pel\u00edcula de Ficci\u00f3n:\u00a0<\/b><i>Las siamesas\u00a0<\/i>de Paula Hern\u00e1ndez<\/p>\n<p class=\"paragraph\"><b>Pel\u00edcula Documental<\/b>:<i>\u00a0Ni\u00f1a mam\u00e1<\/i>\u00a0de Andrea Testa<\/p>\n<p class=\"paragraph\"><b>\u00d3pera Prima (Ex-aequo):<\/b>\u00a0<i>La chancha\u00a0<\/i>de Franco Verdoia y<i>\u00a0Planta permanente\u00a0<\/i>de Ezequiel Radusky<\/p>\n<p class=\"paragraph\"><b>Pel\u00edcula en Coproducci\u00f3n con Argentina (Ex-aequo)<\/b>:\u00a0<i>Lina de Lima\u00a0<\/i>de Mar\u00eda Paz Gonz\u00e1lez (Chile &#8211; Per\u00fa) y\u00a0<i>Nasha Natasha\u00a0<\/i>de Mart\u00edn Sastre (Uruguay)<\/p>\n<p class=\"paragraph\"><b>Pel\u00edcula Iberoamericana<\/b>:<i>\u00a0Bacurau<\/i>\u00a0de Kleber Mendonca Filho y Juliano Dornelles (Brasil)<\/p>\n<p class=\"paragraph\"><b>Corto de ficci\u00f3n:<\/b><i>\u00a0Las sombras<\/i>\u00a0de Paulo P\u00e9cora<\/p>\n<p class=\"paragraph\"><b>Corto documental:<\/b><i>\u00a0Homenaje a la obra de Philip Henry Gosse<\/i>\u00a0de Pablo Mart\u00edn Weber<\/p>\n<p class=\"paragraph\"><b>Direcci\u00f3n (Ex- aequo):<\/b>\u00a0Paula Hern\u00e1ndez por\u00a0<i>Las siamesas\u00a0<\/i>y Clarisa Navas por<i>\u00a0Las Mil y una<\/i><\/p>\n<p class=\"paragraph\"><b>Actriz Protag\u00f3nica<\/b>: Valeria Lois por\u00a0<i>Las siamesas<\/i><\/p>\n<p class=\"paragraph\"><b>Actor Protag\u00f3nico (Ex &#8211; aequo):<\/b>\u00a0Esteban Meloni por<i>\u00a0La chancha<\/i>\u00a0y Diego Vel\u00e1zquez por\u00a0<i>El maestro<\/i><\/p>\n<p class=\"paragraph\"><b>Actriz de Reparto:<\/b>\u00a0Susana Pamp\u00edn por\u00a0<i>La muerte no existe y el amor tampoco<\/i><\/p>\n<p class=\"paragraph\"><b>Actor de Reparto:\u00a0<\/b>Gabriel Goity por\u00a0<i>La chancha<\/i><\/p>\n<p class=\"paragraph\"><b>Revelaci\u00f3n Femenina:<\/b>\u00a0Antonella Saldicco por\u00a0<i>La muerte no existe y el amor tampoco<\/i><\/p>\n<p class=\"paragraph\"><b>Revelaci\u00f3n Masculina (Ex &#8211; aequo)<\/b>: Juan Pablo Cestaro por\u00a0<i>El cazador<\/i>\u00a0y Renato Quattordio por<i>\u00a0Yo, adolescente<\/i><\/p>\n<p class=\"paragraph\"><b>Guion Original:<\/b>\u00a0Eduardo Crespo, Lionel Braverman y Santiago Loza por\u00a0<i>Nosotros nunca moriremos<\/i><\/p>\n<p class=\"paragraph\"><b>Guion Adaptado<\/b>: Paula Hern\u00e1ndez y Leonel D\u2019Agostino por\u00a0<i>Las siamesas<\/i>, basada en el cuento hom\u00f3nimo de Guillermo Saccomanno<\/p>\n<p class=\"paragraph\"><b>Direcci\u00f3n de Fotograf\u00eda<\/b>: Georgina Pretto por\u00a0<i>La muerte no existe y el amor tampoco<\/i><\/p>\n<p class=\"paragraph\"><b>Montaje:<\/b>\u00a0Pablo Barbieri por<i>\u00a0El robo del siglo<\/i><\/p>\n<p class=\"paragraph\"><b>Sonido:<\/b>\u00a0Jos\u00e9 Luis D\u00edaz por<i>\u00a0El robo del siglo<\/i>\u00a0(In memoriam)<\/p>\n<p class=\"paragraph\"><b>M\u00fasica Original:<\/b>\u00a0Santiago Motorizado por\u00a0<i>La muerte no existe y el amor tampoco<\/i><\/p>\n<p class=\"paragraph\"><b>Canci\u00f3n Original:<\/b>\u00a0<i>Ojos de r\u00edo<\/i>\u00a0de Ricardo Mollo (Int\u00e9rprete Ricardo Mollo) &#8211;\u00a0<i>Nasha Natasha<\/i><\/p>\n<p class=\"paragraph\"><b>Dise\u00f1o de Vestuario:\u00a0<\/b>Mariana Seropian por\u00a0<i>Algo con una mujer<\/i><\/p>\n<p class=\"paragraph\"><b>Direcci\u00f3n de Arte:<\/b>\u00a0Daniel Gimelberg por<i>\u00a0El robo del siglo<\/i><\/p>\n<p class=\"paragraph\"><b>Maquillaje y Peluquer\u00eda:<\/b>\u00a0Mariela Garc\u00eda y Lucas Perrone por<i>\u00a0Algo con una mujer<\/i><\/p>\n<p class=\"paragraph\"><b>Mejor serie de ficci\u00f3n y\/o documental<\/b>:\u00a0<i>Carmel \u00bfqui\u00e9n mat\u00f3 a Mar\u00eda Marta?\u00a0<\/i>de Alejandro Hartmann (Netflix)<\/p>\n<p class=\"paragraph\"><b>Mejor actuaci\u00f3n femenina en serie (Ex -aequo<\/b>): Pilar Gamboa y Ver\u00f3nica Llin\u00e1s, ambas por\u00a0<i>Manual de supervivencia<\/i><\/p>\n<p class=\"paragraph\"><b>Mejor actuaci\u00f3n masculina en serie:\u00a0<\/b>Esteban Bigliardi por\u00a0<i>Manual de supervivencia<\/i><\/p>\n<p class=\"paragraph\"><b>Mejor direcci\u00f3n de una serie:<\/b>\u00a0Victoria Galardi por\u00a0<i>Manual de supervivencia<\/i><\/p>\n","protected":false},"excerpt":{"rendered":"<p>Las siamesas de Paula Hern\u00e1ndez fue seleccionada como mejor pel\u00edcula de ficci\u00f3n. Adem\u00e1s distinguieron al documental Ni\u00f1a mam\u00e1 de Andrea Testa. La Asociaci\u00f3n de Cronistas Cinematogr\u00e1ficos de Argentina dieron a conocer a los ganadores de la 69 edici\u00f3n de los\u00a0Premios C\u00f3ndor de Plata\u00a0que distinguen lo mejor de la producci\u00f3n nacional del 2020 estrenada en cines [&hellip;]<\/p>\n","protected":false},"author":1,"featured_media":92612,"comment_status":"closed","ping_status":"closed","sticky":false,"template":"","format":"standard","meta":{"_seopress_robots_primary_cat":"","_seopress_titles_title":"","_seopress_titles_desc":"","_seopress_robots_index":"","footnotes":""},"categories":[3],"tags":[24391,24385,34119],"class_list":{"0":"post-92611","1":"post","2":"type-post","3":"status-publish","4":"format-standard","5":"has-post-thumbnail","7":"category-cine-y-series","8":"tag-ganadores-de-los-premios-condor-de-plata","9":"tag-premios-condor-de-plata","10":"tag-premios-condor-de-plata-2020"},"_links":{"self":[{"href":"https:\/\/www.cordobatimes.com\/showup\/wp-json\/wp\/v2\/posts\/92611","targetHints":{"allow":["GET"]}}],"collection":[{"href":"https:\/\/www.cordobatimes.com\/showup\/wp-json\/wp\/v2\/posts"}],"about":[{"href":"https:\/\/www.cordobatimes.com\/showup\/wp-json\/wp\/v2\/types\/post"}],"author":[{"embeddable":true,"href":"https:\/\/www.cordobatimes.com\/showup\/wp-json\/wp\/v2\/users\/1"}],"replies":[{"embeddable":true,"href":"https:\/\/www.cordobatimes.com\/showup\/wp-json\/wp\/v2\/comments?post=92611"}],"version-history":[{"count":0,"href":"https:\/\/www.cordobatimes.com\/showup\/wp-json\/wp\/v2\/posts\/92611\/revisions"}],"wp:featuredmedia":[{"embeddable":true,"href":"https:\/\/www.cordobatimes.com\/showup\/wp-json\/wp\/v2\/media\/92612"}],"wp:attachment":[{"href":"https:\/\/www.cordobatimes.com\/showup\/wp-json\/wp\/v2\/media?parent=92611"}],"wp:term":[{"taxonomy":"category","embeddable":true,"href":"https:\/\/www.cordobatimes.com\/showup\/wp-json\/wp\/v2\/categories?post=92611"},{"taxonomy":"post_tag","embeddable":true,"href":"https:\/\/www.cordobatimes.com\/showup\/wp-json\/wp\/v2\/tags?post=92611"}],"curies":[{"name":"wp","href":"https:\/\/api.w.org\/{rel}","templated":true}]}}