{"id":92603,"date":"2021-12-28T11:41:20","date_gmt":"2021-12-28T14:41:20","guid":{"rendered":"https:\/\/www.cordobatimes.com\/showup\/?p=92603"},"modified":"2021-12-28T11:41:20","modified_gmt":"2021-12-28T14:41:20","slug":"la-justicia-le-levanto-el-bozal-legal-a-julieta-prandi-que-le-impedia-hablar-de-la-denuncia-por-violencia-de-genero","status":"publish","type":"post","link":"https:\/\/www.cordobatimes.com\/showup\/famosos\/2021\/12\/28\/la-justicia-le-levanto-el-bozal-legal-a-julieta-prandi-que-le-impedia-hablar-de-la-denuncia-por-violencia-de-genero\/","title":{"rendered":"La Justicia le levant\u00f3 el bozal legal a Julieta Prandi que le imped\u00eda hablar de la denuncia por violencia de g\u00e9nero"},"content":{"rendered":"<h3><strong>Claudio Contardi hab\u00eda interpuesto una medida para evitar que la modelo hiciera p\u00fablica la causa que inici\u00f3 contra \u00e9l y que involucra tambi\u00e9n a sus hijos.<\/strong><\/h3>\n<p>El pasado viernes 24 de diciembre, la jueza Marcela Silvia Rama, del juzgado de Familia N\u00b0 5 de San Isidro, resolvi\u00f3 levantar el bozal legal que pesaba sobre Julieta Prandi y le imped\u00eda expresarse p\u00fablicamente sobre la situaci\u00f3n que envuelve a su ex marido, Claudio Contardi, a quien denunci\u00f3 por violencia de g\u00e9nero, y a los hijos de ambos, Mateo y Rocco. Esto ocurri\u00f3 luego de que el juez Hern\u00e1n Garc\u00eda L\u00e1zaro decidiera apartarse de la causa, d\u00edas despu\u00e9s de haber intimado a la modelo a revincular a sus hijos con su ex.<\/p>\n<p>En los considerandos de la notificaci\u00f3n firmada por la jueza Rama, se aclara que Julieta es una \u201cfigura p\u00fablica, actriz y conductora con exposici\u00f3n laboral en los medios masivos de comunicaci\u00f3n\u201d, con lo cual el bozal legal solicitado por Contardi a trav\u00e9s de sus abogados, \u201cimplicar\u00eda la restricci\u00f3n o anulaci\u00f3n lisa y llana del derecho a la libertad de expresi\u00f3n volcado en medios de comunicaci\u00f3n, es decir, afectaci\u00f3n a la libertad de expresi\u00f3n y prensa de la Sra. Prandi, en el entendimiento que las personas p\u00fablicas son en s\u00ed mismas productoras de contenidos y no s\u00f3lo los medios masivos de comunicaci\u00f3n\u201d.<\/p>\n<p>\u201cContardi efectu\u00f3 una petici\u00f3n de restricci\u00f3n a la libertad de expresi\u00f3n y de prensa de una persona p\u00fablica sin m\u00e1s, adjuntando fotos de diferentes medios, de las cuales no surge su autenticidad (aunque tampoco fueron negadas por la demandada) de las cuales no puede inferirse con certeza cu\u00e1les fueron las expresiones de la Sra. Prandi y cu\u00e1les las interpretaciones de los zocaleros o periodistas, respecto de los cuales no puede hacerse responsable m\u00e1s que a esas personas o medios (cuesti\u00f3n no introducida aqu\u00ed). Lo requerido implicar\u00eda lisa y llanamente censurar a una figura p\u00fablica\u201d, se explica en el escrito.<\/p>\n<p>Asimismo, la jueza resolvi\u00f3 \u201crechazar la medida intentada por el Sr. Contardi, respecto de ordenar el cese a la exposici\u00f3n p\u00fablica de la Sra. Prandi por implicar violaci\u00f3n a la libertad de expresi\u00f3n y censura previa,\u00a0por ser violatorio de derechos de raigambre constitucional\u201d.<\/p>\n<p>\u201cEsto me parece importante no solamente por ella, sino para los medios,\u00a0por lo que pas\u00f3 con Sebasti\u00e1n Domenech\u201d, le explic\u00f3\u00a0Alejandra Bellini, abogada de Prandi, a\u00a0Teleshow. \u201cLo que quiero demostrar es que, ante una misma problem\u00e1tica, se dan dos situaciones distintas. A Domenech no lo dejan ni siquiera contar lo que le est\u00e1 pasando a \u00e9l con sus hijos. En el caso de Julieta, hay una jueza coherente que habla de los art\u00edculos de raigambre constitucional con respecto a la libertad de expresi\u00f3n, lo cual me parece muy importante en democracia\u201d, describi\u00f3 la letrada.<\/p>\n<p>\u201cElla nunca habl\u00f3 de sus hijos ni de la gravedad de lo que hay en sus causas penales que los involucra,\u00a0porque obviamente como madre nunca va a ventilar cuestiones privadas a sus hijos\u201d, agreg\u00f3. Adem\u00e1s, Bellini dijo que todav\u00eda no se sabe qui\u00e9n tomar\u00e1 la causa luego de que Garc\u00eda L\u00e1zaro se apartara de la misma. \u201cEstamos todav\u00eda preocupadas porque no sabemos donde van a recaer sus causas. Ojal\u00e1 sea en este juzgado N\u00b0 5\u201d, dijo la representante legal.<\/p>\n<p>En cuanto al bozal que se le impuso su ex a Prandi, analiz\u00f3: \u201cQue la gente no pueda hablar de lo que le pasa es incre\u00edble, m\u00e1s siendo personajes p\u00fablicos. Porque, en definitiva, son los que pueden poner la cara por un mont\u00f3n de gente que no tiene voz\u201d.<\/p>\n","protected":false},"excerpt":{"rendered":"<p>Claudio Contardi hab\u00eda interpuesto una medida para evitar que la modelo hiciera p\u00fablica la causa que inici\u00f3 contra \u00e9l y que involucra tambi\u00e9n a sus hijos. El pasado viernes 24 de diciembre, la jueza Marcela Silvia Rama, del juzgado de Familia N\u00b0 5 de San Isidro, resolvi\u00f3 levantar el bozal legal que pesaba sobre Julieta [&hellip;]<\/p>\n","protected":false},"author":1,"featured_media":92604,"comment_status":"closed","ping_status":"closed","sticky":false,"template":"","format":"standard","meta":{"_seopress_robots_primary_cat":"","_seopress_titles_title":"","_seopress_titles_desc":"","_seopress_robots_index":"","footnotes":""},"categories":[4],"tags":[34114,24747,25377,34115,24684],"class_list":{"0":"post-92603","1":"post","2":"type-post","3":"status-publish","4":"format-standard","5":"has-post-thumbnail","7":"category-famosos","8":"tag-bozal-legal-a-julieta-prandi","9":"tag-conflicto-judicial-entre-julieta-prandi-y-claudio-contardi","10":"tag-julieta-prandi-claudio-contardi","11":"tag-julieta-prandi-denuncia-por-violencia-de-genero","12":"tag-julieta-prandi-y-claudio-contardi"},"_links":{"self":[{"href":"https:\/\/www.cordobatimes.com\/showup\/wp-json\/wp\/v2\/posts\/92603","targetHints":{"allow":["GET"]}}],"collection":[{"href":"https:\/\/www.cordobatimes.com\/showup\/wp-json\/wp\/v2\/posts"}],"about":[{"href":"https:\/\/www.cordobatimes.com\/showup\/wp-json\/wp\/v2\/types\/post"}],"author":[{"embeddable":true,"href":"https:\/\/www.cordobatimes.com\/showup\/wp-json\/wp\/v2\/users\/1"}],"replies":[{"embeddable":true,"href":"https:\/\/www.cordobatimes.com\/showup\/wp-json\/wp\/v2\/comments?post=92603"}],"version-history":[{"count":0,"href":"https:\/\/www.cordobatimes.com\/showup\/wp-json\/wp\/v2\/posts\/92603\/revisions"}],"wp:featuredmedia":[{"embeddable":true,"href":"https:\/\/www.cordobatimes.com\/showup\/wp-json\/wp\/v2\/media\/92604"}],"wp:attachment":[{"href":"https:\/\/www.cordobatimes.com\/showup\/wp-json\/wp\/v2\/media?parent=92603"}],"wp:term":[{"taxonomy":"category","embeddable":true,"href":"https:\/\/www.cordobatimes.com\/showup\/wp-json\/wp\/v2\/categories?post=92603"},{"taxonomy":"post_tag","embeddable":true,"href":"https:\/\/www.cordobatimes.com\/showup\/wp-json\/wp\/v2\/tags?post=92603"}],"curies":[{"name":"wp","href":"https:\/\/api.w.org\/{rel}","templated":true}]}}