{"id":92547,"date":"2021-12-23T10:13:26","date_gmt":"2021-12-23T13:13:26","guid":{"rendered":"https:\/\/www.cordobatimes.com\/showup\/?p=92547"},"modified":"2021-12-23T10:13:26","modified_gmt":"2021-12-23T13:13:26","slug":"esperanza-para-julieta-prandi-en-la-causa-contra-su-ex-claudio-contardi","status":"publish","type":"post","link":"https:\/\/www.cordobatimes.com\/showup\/famosos\/2021\/12\/23\/esperanza-para-julieta-prandi-en-la-causa-contra-su-ex-claudio-contardi\/","title":{"rendered":"Esperanza para Julieta Prandi en la causa contra su ex, Claudio Contardi"},"content":{"rendered":"<h3><strong>Luego de la entrevista que le hizo la semana pasada el periodista Alejandro Fantino, la causa de Julieta Prandi se movi\u00f3 y hay cierto alivio para la animadora.<\/strong><\/h3>\n<p>El viernes pasado, en una extensa entrevista en Intratables, en la pantalla de Am\u00e9rica TV,\u00a0Julieta Prandi\u00a0volvi\u00f3 a visibilizar la grave situaci\u00f3n que viven sus hijos con su padre al que no quieren ver por violento, entre otras cosas, mientras que\u00a0el juez de la causa orden\u00f3 la revinculaci\u00f3n de los menores con su progenitor\u00a0sin importarle lo que piden los ni\u00f1os, caso contrario podr\u00eda quitarle la tenencia a la madre.<\/p>\n<p>Van a hacer 3 a\u00f1os desde que\u00a0Julieta Prandi\u00a0pudo salir del infierno que viv\u00eda con\u00a0Claudio Contardi, su marido y padre de sus hijos Mateo y Rocco. Con el correr del tiempo la modelo pudo sacar a la luz los habituales episodios de violencia f\u00edsica y psicol\u00f3gica a los que este hombre la somet\u00eda. As\u00ed como tambi\u00e9n de qu\u00e9 manera la estaf\u00f3, qued\u00e1ndose con todo el dinero que ella produc\u00eda fruto de su trabajo, hasta la manera en que le sac\u00f3 su departamento de soltera entre muchas otras cosas.<\/p>\n<p>Adem\u00e1s tambi\u00e9n revel\u00f3 que el mayor de sus hijos estuvo expuesto a una situaci\u00f3n de abuso en la que el padre habr\u00eda sido el facilitador. Ese es el motivo por el cual el nene ser\u00e1 sometido a una c\u00e1mara gesell pr\u00f3ximamente, dado que tras unos 8 meses pudo contar lo vivido. En tanto, los dos menores ya han hablado en el servicio de la ni\u00f1ez donde expresaron que no quieren ver a su padre, dado que le tienen miedo. Pero as\u00ed y todo, el juez de la causa Hern\u00e1n Garc\u00eda Lago dispuso la Re vinculaci\u00f3n de los chicos con su padre, asegurando que si Julieta Prandi se opone podr\u00eda perder la tenencia.<\/p>\n<p>De esta manera, tras exponer toda esta penosa situaci\u00f3n\u00a0Julieta Prandi\u00a0le habl\u00f3 desde Intratables al juez, donde asegur\u00f3 \u00abY yo te estoy mirando a vos\u00a0Hern\u00e1n Garc\u00eda L\u00e1zaro. No te tengo miedo, tampoco respeto. Alg\u00fan juez digno se va a poner el traje de juez y va a escuchar los derechos que est\u00e1s violentando de mis hijos\u00bb.<\/p>\n<p>Y agreg\u00f3 \u00abMis hijos ya fueron escuchados y no quieren ver al padre, no quieren ir con un violento: le tiene terror. Y vos me est\u00e1s amenazando que si no entrego a Rocco, en 24 hs. me vas a sacar la tenencia. \u00bfLe van a dar la tenencia a un violento? \u00bfA un persona que ni siquiera paga alimentos?, o sea le recontra importan sus hijos&#8230;\u00bb.<\/p>\n<p>Pero eso no fue todo porque cuando\u00a0Fantino\u00a0le consult\u00f3 si tiene idea de por qu\u00e9 el juez L\u00e1zaro hace esto,\u00a0Julieta Prandi\u00a0habl\u00f3 desde lo m\u00e1s profundo de sus entra\u00f1as y se\u00f1al\u00f3 \u00abPorque es un perverso. Porque si el juez ve que un padre que no paga alimentos, que yo tengo que vivir en la miseria para mantener a mis hijos, que me tengo que ir de mi propia casa&#8230; que est\u00e1 todo demostrado esto&#8230; Un padre que fue facilitador en una causa penal, en donde pasaron cosas terribles&#8230; donde los dos menores fueron escuchados y no quieren ver a su padre, \u00bfle quiere entregar igualmente un menor a su pap\u00e1?\u00bb.<\/p>\n<p><iframe loading=\"lazy\" width=\"560\" height=\"315\" src=\"https:\/\/www.youtube.com\/embed\/FN_epg4PCEA\" title=\"YouTube video player\" frameborder=\"0\" allow=\"accelerometer; autoplay; clipboard-write; encrypted-media; gyroscope; picture-in-picture\" allowfullscreen><\/iframe><\/p>\n<p>Luego de esa entrevista, el periodista\u00a0Tom\u00e1s Dente\u00a0inform\u00f3 que el Juez se apart\u00f3 de la causa y esto es una gran noticia para la conductora\u00a0Julieta Prandi.<\/p>\n<blockquote class=\"twitter-tweet\">\n<p dir=\"ltr\" lang=\"es\">Caso Prandi: se apart\u00f3 el Juez. Gran noticia!!!! <a href=\"https:\/\/t.co\/uIov6uorS5\">pic.twitter.com\/uIov6uorS5<\/a><\/p>\n<p>\u2014 Tomas Dente (TomRox) \ud83d\ude4b\u200d\u2642\ufe0f\ud83e\udd29 (@Tomasdente) <a href=\"https:\/\/twitter.com\/Tomasdente\/status\/1473709741272612864?ref_src=twsrc%5Etfw\">December 22, 2021<\/a><\/p><\/blockquote>\n<p><script async src=\"https:\/\/platform.twitter.com\/widgets.js\" charset=\"utf-8\"><\/script><\/p>\n","protected":false},"excerpt":{"rendered":"<p>Luego de la entrevista que le hizo la semana pasada el periodista Alejandro Fantino, la causa de Julieta Prandi se movi\u00f3 y hay cierto alivio para la animadora. El viernes pasado, en una extensa entrevista en Intratables, en la pantalla de Am\u00e9rica TV,\u00a0Julieta Prandi\u00a0volvi\u00f3 a visibilizar la grave situaci\u00f3n que viven sus hijos con su [&hellip;]<\/p>\n","protected":false},"author":1,"featured_media":92548,"comment_status":"closed","ping_status":"closed","sticky":false,"template":"","format":"standard","meta":{"_seopress_robots_primary_cat":"","_seopress_titles_title":"","_seopress_titles_desc":"","_seopress_robots_index":"","footnotes":""},"categories":[4],"tags":[24747,24684],"class_list":{"0":"post-92547","1":"post","2":"type-post","3":"status-publish","4":"format-standard","5":"has-post-thumbnail","7":"category-famosos","8":"tag-conflicto-judicial-entre-julieta-prandi-y-claudio-contardi","9":"tag-julieta-prandi-y-claudio-contardi"},"_links":{"self":[{"href":"https:\/\/www.cordobatimes.com\/showup\/wp-json\/wp\/v2\/posts\/92547","targetHints":{"allow":["GET"]}}],"collection":[{"href":"https:\/\/www.cordobatimes.com\/showup\/wp-json\/wp\/v2\/posts"}],"about":[{"href":"https:\/\/www.cordobatimes.com\/showup\/wp-json\/wp\/v2\/types\/post"}],"author":[{"embeddable":true,"href":"https:\/\/www.cordobatimes.com\/showup\/wp-json\/wp\/v2\/users\/1"}],"replies":[{"embeddable":true,"href":"https:\/\/www.cordobatimes.com\/showup\/wp-json\/wp\/v2\/comments?post=92547"}],"version-history":[{"count":0,"href":"https:\/\/www.cordobatimes.com\/showup\/wp-json\/wp\/v2\/posts\/92547\/revisions"}],"wp:featuredmedia":[{"embeddable":true,"href":"https:\/\/www.cordobatimes.com\/showup\/wp-json\/wp\/v2\/media\/92548"}],"wp:attachment":[{"href":"https:\/\/www.cordobatimes.com\/showup\/wp-json\/wp\/v2\/media?parent=92547"}],"wp:term":[{"taxonomy":"category","embeddable":true,"href":"https:\/\/www.cordobatimes.com\/showup\/wp-json\/wp\/v2\/categories?post=92547"},{"taxonomy":"post_tag","embeddable":true,"href":"https:\/\/www.cordobatimes.com\/showup\/wp-json\/wp\/v2\/tags?post=92547"}],"curies":[{"name":"wp","href":"https:\/\/api.w.org\/{rel}","templated":true}]}}