{"id":92538,"date":"2021-12-21T21:51:50","date_gmt":"2021-12-22T00:51:50","guid":{"rendered":"https:\/\/www.cordobatimes.com\/showup\/?p=92538"},"modified":"2021-12-21T21:51:50","modified_gmt":"2021-12-22T00:51:50","slug":"lali-esposito-publico-un-enigmatico-trailer-para-adelantar-sus-nuevos-proyectos-laborales","status":"publish","type":"post","link":"https:\/\/www.cordobatimes.com\/showup\/musica\/2021\/12\/21\/lali-esposito-publico-un-enigmatico-trailer-para-adelantar-sus-nuevos-proyectos-laborales\/","title":{"rendered":"Lali Esp\u00f3sito public\u00f3 un enigm\u00e1tico tr\u00e1iler  para adelantar sus nuevos proyectos laborales"},"content":{"rendered":"<h3><strong>La cantante dio a conocer que en el 2022 lanzar\u00e1 temas in\u00e9ditos\u00a0con un clip muy curioso.<\/strong><\/h3>\n<p>Lali Esp\u00f3sito tuvo un gran a\u00f1o laboral en el que se enfoc\u00f3 en su carrera como actriz. Luego de su participaci\u00f3n en \u00abLa Voz Argentina\u00bb como jurado, la int\u00e9rprete finaliz\u00f3 el rodaje de la pel\u00edcula \u00abEl fin del amor\u00bb, basada en la novela de Tamara Tenenbaum, y regres\u00f3 a Madrid para culminar las filmaciones de la tercera y \u00faltima temporada de \u00abSky Rojo\u00bb, mega producci\u00f3n de Netflix.<\/p>\n<p>Entre tantos proyectos exitosos, la artista tuvo que pausar su faceta como cantante por un tiempo. Ahora, parece que\u00a0la ansiada espera\u00a0de sus fan\u00e1ticos por nuevo material lleg\u00f3 a su fin, ya que en las \u00faltimas horas Esp\u00f3sito\u00a0comparti\u00f3 un video como\u00a0adelanto de lo que presentar\u00e1\u00a0el a\u00f1o que viene.<\/p>\n<p>El video de 29 segundos, lleva como t\u00edtulo \u00abLALI 2022\u00bb y muestra a la int\u00e9rprete\u00a0junto a sus bailarines realizando una coregraf\u00eda al ritmo de un tema pop,\u00a0pronto a conocerse.\u00a0Los colores que predominan son el rojo y el dorado, y lo \u00fanico que\u00a0se la escucha decir a la cantante es:\u00a0\u00abAtenci\u00f3n\u00bb.<\/p>\n<p><iframe loading=\"lazy\" title=\"YouTube video player\" src=\"https:\/\/www.youtube.com\/embed\/ilXnpL30gtQ\" width=\"560\" height=\"315\" frameborder=\"0\" allowfullscreen=\"allowfullscreen\"><\/iframe><\/p>\n","protected":false},"excerpt":{"rendered":"<p>La cantante dio a conocer que en el 2022 lanzar\u00e1 temas in\u00e9ditos\u00a0con un clip muy curioso. Lali Esp\u00f3sito tuvo un gran a\u00f1o laboral en el que se enfoc\u00f3 en su carrera como actriz. Luego de su participaci\u00f3n en \u00abLa Voz Argentina\u00bb como jurado, la int\u00e9rprete finaliz\u00f3 el rodaje de la pel\u00edcula \u00abEl fin del amor\u00bb, [&hellip;]<\/p>\n","protected":false},"author":1,"featured_media":92539,"comment_status":"closed","ping_status":"closed","sticky":false,"template":"","format":"standard","meta":{"_seopress_robots_primary_cat":"","_seopress_titles_title":"","_seopress_titles_desc":"","_seopress_robots_index":"","footnotes":""},"categories":[5],"tags":[34068,34069,34070],"class_list":{"0":"post-92538","1":"post","2":"type-post","3":"status-publish","4":"format-standard","5":"has-post-thumbnail","7":"category-musica","8":"tag-lali-2022","9":"tag-proyectos-de-lali","10":"tag-proyectos-de-lali-esposito"},"_links":{"self":[{"href":"https:\/\/www.cordobatimes.com\/showup\/wp-json\/wp\/v2\/posts\/92538","targetHints":{"allow":["GET"]}}],"collection":[{"href":"https:\/\/www.cordobatimes.com\/showup\/wp-json\/wp\/v2\/posts"}],"about":[{"href":"https:\/\/www.cordobatimes.com\/showup\/wp-json\/wp\/v2\/types\/post"}],"author":[{"embeddable":true,"href":"https:\/\/www.cordobatimes.com\/showup\/wp-json\/wp\/v2\/users\/1"}],"replies":[{"embeddable":true,"href":"https:\/\/www.cordobatimes.com\/showup\/wp-json\/wp\/v2\/comments?post=92538"}],"version-history":[{"count":0,"href":"https:\/\/www.cordobatimes.com\/showup\/wp-json\/wp\/v2\/posts\/92538\/revisions"}],"wp:featuredmedia":[{"embeddable":true,"href":"https:\/\/www.cordobatimes.com\/showup\/wp-json\/wp\/v2\/media\/92539"}],"wp:attachment":[{"href":"https:\/\/www.cordobatimes.com\/showup\/wp-json\/wp\/v2\/media?parent=92538"}],"wp:term":[{"taxonomy":"category","embeddable":true,"href":"https:\/\/www.cordobatimes.com\/showup\/wp-json\/wp\/v2\/categories?post=92538"},{"taxonomy":"post_tag","embeddable":true,"href":"https:\/\/www.cordobatimes.com\/showup\/wp-json\/wp\/v2\/tags?post=92538"}],"curies":[{"name":"wp","href":"https:\/\/api.w.org\/{rel}","templated":true}]}}