{"id":92458,"date":"2021-12-19T10:03:24","date_gmt":"2021-12-19T13:03:24","guid":{"rendered":"https:\/\/www.cordobatimes.com\/showup\/?p=92458"},"modified":"2021-12-19T10:03:24","modified_gmt":"2021-12-19T13:03:24","slug":"todos-los-ganadores-de-los-premios-martin-fierro-digital-2021","status":"publish","type":"post","link":"https:\/\/www.cordobatimes.com\/showup\/influencers\/2021\/12\/19\/todos-los-ganadores-de-los-premios-martin-fierro-digital-2021\/","title":{"rendered":"Todos los ganadores de los Premios Martin Fierro Digital 2021"},"content":{"rendered":"<h3><strong>El evento, que premia a los mejores contenidos de la web, tuvo lugar en el sal\u00f3n principal del Hotel Mood de la ciudad de Neuqu\u00e9n.<\/strong><\/h3>\n<p>La cuarta entrega de los Premios Mart\u00edn Fierro Digital se realiz\u00f3 el s\u00e1bado por la noche y por primera vez tuvo lugar en la ciudad de Neuqu\u00e9n. Este reconocimiento a los mejores contenidos en redes sociales y medios alternativos fue organizado por APTRA (Asociaci\u00f3n de Periodistas de la Televisi\u00f3n y Radiofon\u00edas Argentinas) y se distribuy\u00f3 a los nominados en 25 categor\u00edas inspiradas en segmentos del mundo virtual.<\/p>\n<p>Durante el evento habr\u00e1 dos duplas de conductores:\u00a0Barby Franco\u00a0junto a\u00a0Marito Bracus\u00a0y\u00a0Cande\u00a0Ruggeri\u00a0con\u00a0Nicol\u00e1s Occhiato. En la apertura de la ceremonia\u00a0Luis Ventura, presidente de APTRA, tom\u00f3 la palabra para expresar su gratitud: \u201cMe alegra much\u00edsimo esta edici\u00f3n que hace honor al federalismo, porque ten\u00edamos la intenci\u00f3n de pasear el Mart\u00edn Fierro por las provincias de nuestro pa\u00eds y hoy lo estamos haciendo en Neuqu\u00e9n, as\u00ed que un aplauso para esta hermosa provincia que nos recibi\u00f3 con los brazos abiertos\u201d.<\/p>\n<p>Tambi\u00e9n hubo lugar para la entrega de galardones especiales por fuera de las nominaciones: se hizo entrega de una\u00a0Menci\u00f3n a Neuqu\u00e9n capital, Ciudad moderna e innovadora (Inclusi\u00f3n Digital), y tambi\u00e9n a la artista\u00a0Lilia Lemoine, con una\u00a0Menci\u00f3n a la Curadur\u00eda de Contenido 2021 Cosplay del A\u00f1o. Luego\u00a0Omar Varela\u00a0recibi\u00f3 la\u00a0Menci\u00f3n de Productor musical del A\u00f1o, e\u00a0Iv\u00e1n Dubois\u00a0la\u00a0Menci\u00f3n a la Curador\u00eda de Contenido Twittero m\u00e1s influyente y Twitch. Adem\u00e1s se destac\u00f3 la labor solidaria de\u00a0Santi Maratea\u00a0con otra menci\u00f3n especial, y fue tambi\u00e9n el m\u00e1s votado por la gente en Instagram, as\u00ed que alz\u00f3 con orgullo sus dos premios.<\/p>\n<p class=\"paragraph\"><b>EL LISTADO DE LOS NOMINADOS Y GANADORES<\/b><\/p>\n<p class=\"paragraph\"><b>La mejor FanPage<\/b><\/p>\n<p class=\"paragraph\">Gabriel Lucero<\/p>\n<p class=\"paragraph\">Costa Salm\u00f3n<\/p>\n<p class=\"paragraph\"><mark class=\"hl_red\"><b>EAMEO GANADOR<\/b><\/mark><\/p>\n<p class=\"paragraph\"><b>Twittero m\u00e1s influyente<\/b><\/p>\n<p class=\"paragraph\"><mark class=\"hl_red\"><b>Facu Pedrini GANADOR<\/b><\/mark><\/p>\n<p class=\"paragraph\">Nacho San<\/p>\n<p class=\"paragraph\">Doc Dan<\/p>\n<p class=\"paragraph\"><b>El Mejor Youtuber<\/b><\/p>\n<p class=\"paragraph\"><mark class=\"hl_red\"><b>\u00c1ngel David Revilla Lenoci (Dross) GANADOR<\/b><\/mark><\/p>\n<p class=\"paragraph\">Juanito Say<\/p>\n<p class=\"paragraph\">Paulina Cocina<\/p>\n<p class=\"paragraph\"><b>Mejor Ficci\u00f3n Digital del a\u00f1o<\/b><\/p>\n<p class=\"paragraph\">Cross<\/p>\n<p class=\"paragraph\">Che Peruano<\/p>\n<p class=\"paragraph\"><mark class=\"hl_red\"><b>Perla Negra 2.0 GANADOR<\/b><\/mark><\/p>\n<p class=\"paragraph\"><b>Artista Musical<\/b><\/p>\n<p class=\"paragraph\"><mark class=\"hl_red\"><b>Koino Yokan GANADOR<\/b><\/mark><\/p>\n<p class=\"paragraph\">Conti<\/p>\n<p class=\"paragraph\">Yami Safdie<\/p>\n<p class=\"paragraph\"><b>Twitch<\/b><\/p>\n<p class=\"paragraph\"><mark class=\"hl_red\"><b>Oky GANADOR<\/b><\/mark><\/p>\n<p class=\"paragraph\">NIMUVT<\/p>\n<p class=\"paragraph\">Ruffus<\/p>\n<p class=\"paragraph\">Manzana<\/p>\n<p class=\"paragraph\"><b>Tik Tok<\/b><\/p>\n<p class=\"paragraph\">Martu Morales<\/p>\n<p class=\"paragraph\">Agostina Culotta<\/p>\n<p class=\"paragraph\">Laila Ali<\/p>\n<p class=\"paragraph\">Agus Battioni<\/p>\n<p class=\"paragraph\"><mark class=\"hl_red\"><b>Pablito Castillo GANADOR<\/b><\/mark><\/p>\n<p class=\"paragraph\"><b>Contenido humor\u00edstico<\/b><\/p>\n<p class=\"paragraph\">Fede Cyrulnik<\/p>\n<p class=\"paragraph\">Juli\u00e1n Bellese<\/p>\n<p class=\"paragraph\">Rub\u00e9n Tuesta (KIKO &#8211; TIKTOK)<\/p>\n<p class=\"paragraph\"><mark class=\"hl_red\"><b>Daniela Viaggiamari (La Chepi) GANADOR<\/b><\/mark><\/p>\n<p class=\"paragraph\"><b>El m\u00e1s votado en Redes<\/b><\/p>\n<p class=\"paragraph\">Santi Maratea<\/p>\n<p class=\"paragraph\"><mark class=\"hl_red\"><b>Lizardo Ponce GANADOR<\/b><\/mark><\/p>\n<p class=\"paragraph\">Barby Franco<\/p>\n<p class=\"paragraph\"><b>Influencer de opini\u00f3n<\/b><\/p>\n<p class=\"paragraph\">Tipito Enojado<\/p>\n<p class=\"paragraph\">Carlos Maslaton<\/p>\n<p class=\"paragraph\"><mark class=\"hl_red\"><b>Emmanuel Danann GANADOR<\/b><\/mark><\/p>\n<p class=\"paragraph\"><b>El m\u00e1s interactivo en Instagram<\/b><\/p>\n<p class=\"paragraph\"><mark class=\"hl_red\"><b>Barby Franco GANADOR<\/b><\/mark><\/p>\n<p class=\"paragraph\">Nico Lorenzon<\/p>\n<p class=\"paragraph\">Ignacio Sureda<\/p>\n<p class=\"paragraph\">Kate Rodr\u00edguez<\/p>\n<p class=\"paragraph\"><b>El m\u00e1s votado por la gente en Instagram<\/b><\/p>\n<p class=\"paragraph\">Marito Bracus<\/p>\n<p class=\"paragraph\">Cinthia Fern\u00e1ndez<\/p>\n<p class=\"paragraph\">Pato Horneado<\/p>\n<p class=\"paragraph\">Romina Malaspina<\/p>\n<p class=\"paragraph\"><mark class=\"hl_red\"><b>Santi Maratea GANADOR<\/b><\/mark><\/p>\n<p class=\"paragraph\"><b>Cosplayer del A\u00f1o<\/b><\/p>\n<p class=\"paragraph\">CandeStark<\/p>\n<p class=\"paragraph\">Hernan Martin Cambarere (Watercube)<\/p>\n<p class=\"paragraph\"><mark class=\"hl_red\"><b>Alexander GANADOR<\/b><\/mark><\/p>\n<p class=\"paragraph\"><b>Mejor Influencer -ALTO VALLE<\/b><\/p>\n<p class=\"paragraph\"><mark class=\"hl_red\"><b>Abril Pazos GANADOR<\/b><\/mark><\/p>\n<p class=\"paragraph\">Agos Palladino<\/p>\n<p class=\"paragraph\">Johnregatuso<\/p>\n<p class=\"paragraph\"><b>Revelaci\u00f3n Ficci\u00f3n Digital<\/b><\/p>\n<p class=\"paragraph\"><mark class=\"hl_red\"><b>Anna Del Boca (Perla Negra 2.0) GANADOR<\/b><\/mark><\/p>\n<p class=\"paragraph\">Facundo Aquinos (Che Peruano)<\/p>\n<p class=\"paragraph\">Rafael Federman (Cross)<\/p>\n<p class=\"paragraph\"><b>Mejor Contenido Tem\u00e1tico<\/b><\/p>\n<p class=\"paragraph\">Alex Destreza<\/p>\n<p class=\"paragraph\"><mark class=\"hl_red\"><b>Fede Cyrulnik GANADOR<\/b><\/mark><\/p>\n<p class=\"paragraph\">Paulina Cocina<\/p>\n<p class=\"paragraph\"><b>Mejor Contenido de TV Digital Tem\u00e1tico<\/b><\/p>\n<p class=\"paragraph\">Centro a la Olla FWTV<\/p>\n<p class=\"paragraph\"><mark class=\"hl_red\"><b>Econom\u00eda al Cuadrado &#8211; Diego Giacomini GANADOR<\/b><\/mark><\/p>\n<p class=\"paragraph\">Terapia Picante &#8211; Pilo<\/p>\n<p class=\"paragraph\"><b>Producci\u00f3n Radio Nativa Digital<\/b><\/p>\n<p class=\"paragraph\">Mano a mano con Monserrat &#8211; Diario Zonica<\/p>\n<p class=\"paragraph\"><mark class=\"hl_red\"><b>Demasiado Humano &#8211; Dar\u00edo Sztajnszrajber &#8211; Futurock GANADOR<\/b><\/mark><\/p>\n<p class=\"paragraph\">Futbol Distinguido &#8211; Jorge Barril &#8211; Diario Plus<\/p>\n<p class=\"paragraph\"><b>Radio Nativa Digital<\/b><\/p>\n<p class=\"paragraph\">Radio Zonica<\/p>\n<p class=\"paragraph\">Radio TU<\/p>\n<p class=\"paragraph\">Trend Topic<\/p>\n<p class=\"paragraph\">Conexi\u00f3n Abierta<\/p>\n<p class=\"paragraph\">Futurock<\/p>\n<p class=\"paragraph\"><b>La Mejor Conducci\u00f3n Radio Nativa Digital<\/b><\/p>\n<p class=\"paragraph\"><mark class=\"hl_red\"><b>Nico Ochiatto &#8211; Nadie dice nada &#8211; Luzu GANADOR<\/b><\/mark><\/p>\n<p class=\"paragraph\">Flor Halfon &#8211; Futurock<\/p>\n<p class=\"paragraph\">Christian Cimminelli, Elisa S\u00e1nchez y Tom\u00e1s Rebord &#8211; Caricias Significativas &#8211; El Destape<\/p>\n","protected":false},"excerpt":{"rendered":"<p>El evento, que premia a los mejores contenidos de la web, tuvo lugar en el sal\u00f3n principal del Hotel Mood de la ciudad de Neuqu\u00e9n. La cuarta entrega de los Premios Mart\u00edn Fierro Digital se realiz\u00f3 el s\u00e1bado por la noche y por primera vez tuvo lugar en la ciudad de Neuqu\u00e9n. Este reconocimiento a [&hellip;]<\/p>\n","protected":false},"author":1,"featured_media":92459,"comment_status":"closed","ping_status":"closed","sticky":false,"template":"","format":"standard","meta":{"_seopress_robots_primary_cat":"","_seopress_titles_title":"","_seopress_titles_desc":"","_seopress_robots_index":"","footnotes":""},"categories":[23136],"tags":[34033,34034],"class_list":{"0":"post-92458","1":"post","2":"type-post","3":"status-publish","4":"format-standard","5":"has-post-thumbnail","7":"category-influencers","8":"tag-ganadores-de-los-premios-martin-fierro-digital-2021","9":"tag-premios-martin-fierro-digital-2021"},"_links":{"self":[{"href":"https:\/\/www.cordobatimes.com\/showup\/wp-json\/wp\/v2\/posts\/92458","targetHints":{"allow":["GET"]}}],"collection":[{"href":"https:\/\/www.cordobatimes.com\/showup\/wp-json\/wp\/v2\/posts"}],"about":[{"href":"https:\/\/www.cordobatimes.com\/showup\/wp-json\/wp\/v2\/types\/post"}],"author":[{"embeddable":true,"href":"https:\/\/www.cordobatimes.com\/showup\/wp-json\/wp\/v2\/users\/1"}],"replies":[{"embeddable":true,"href":"https:\/\/www.cordobatimes.com\/showup\/wp-json\/wp\/v2\/comments?post=92458"}],"version-history":[{"count":0,"href":"https:\/\/www.cordobatimes.com\/showup\/wp-json\/wp\/v2\/posts\/92458\/revisions"}],"wp:featuredmedia":[{"embeddable":true,"href":"https:\/\/www.cordobatimes.com\/showup\/wp-json\/wp\/v2\/media\/92459"}],"wp:attachment":[{"href":"https:\/\/www.cordobatimes.com\/showup\/wp-json\/wp\/v2\/media?parent=92458"}],"wp:term":[{"taxonomy":"category","embeddable":true,"href":"https:\/\/www.cordobatimes.com\/showup\/wp-json\/wp\/v2\/categories?post=92458"},{"taxonomy":"post_tag","embeddable":true,"href":"https:\/\/www.cordobatimes.com\/showup\/wp-json\/wp\/v2\/tags?post=92458"}],"curies":[{"name":"wp","href":"https:\/\/api.w.org\/{rel}","templated":true}]}}