{"id":92443,"date":"2021-12-18T17:46:45","date_gmt":"2021-12-18T20:46:45","guid":{"rendered":"https:\/\/www.cordobatimes.com\/showup\/?p=92443"},"modified":"2021-12-18T17:46:45","modified_gmt":"2021-12-18T20:46:45","slug":"show-de-ricardo-arjona-en-argentina","status":"publish","type":"post","link":"https:\/\/www.cordobatimes.com\/showup\/agenda\/2021\/12\/18\/show-de-ricardo-arjona-en-argentina\/","title":{"rendered":"Show de Ricardo Arjona en Argentina"},"content":{"rendered":"<h3><strong>Es en el marco de su gira \u201cBlanco y negro tour\u201d. Se presentar\u00e1 en el Movistar Arena y las entradas salen a la venta el pr\u00f3ximo lunes 20 de diciembre.<\/strong><\/h3>\n<p>Si hay un artista que conoce de memoria al p\u00fablico argentino y los escenarios locales es\u00a0Ricardo Arjona: ha llegado a realizar 34 recitales en el estadio Luna Park, convirti\u00e9ndose en un r\u00e9cord hist\u00f3rico para nuestro pa\u00eds. Tambi\u00e9n se ha presentado ocho veces en Geba, cinco en V\u00e9lez, y otras cinco en el DirecTV Arena.<\/p>\n<p>El cantautor guatemalteco anunci\u00f3 que regresar\u00e1 a la Argentina el a\u00f1o que viene: lo har\u00e1 en el marco de su gira \u201cBlanco y negro tour\u201d y brindar\u00e1 un show el\u00a05 de agosto del 2022 en el Movistar Arena. Para ellos, las entradas estar\u00e1n a la venta a partir del pr\u00f3ximo lunes 22 de diciembre a las 20 en\u00a0<a href=\"http:\/\/www.movistararena.com.ar.\">www.movistararena.com.ar<\/a><\/p>\n<p>&nbsp;<\/p>\n<p>&nbsp;<\/p>\n","protected":false},"excerpt":{"rendered":"<p>Es en el marco de su gira \u201cBlanco y negro tour\u201d. Se presentar\u00e1 en el Movistar Arena y las entradas salen a la venta el pr\u00f3ximo lunes 20 de diciembre. Si hay un artista que conoce de memoria al p\u00fablico argentino y los escenarios locales es\u00a0Ricardo Arjona: ha llegado a realizar 34 recitales en el [&hellip;]<\/p>\n","protected":false},"author":1,"featured_media":92444,"comment_status":"closed","ping_status":"closed","sticky":false,"template":"","format":"standard","meta":{"_seopress_robots_primary_cat":"","_seopress_titles_title":"","_seopress_titles_desc":"","_seopress_robots_index":"","footnotes":""},"categories":[6],"tags":[9138,6458],"class_list":{"0":"post-92443","1":"post","2":"type-post","3":"status-publish","4":"format-standard","5":"has-post-thumbnail","7":"category-agenda","8":"tag-arjona-en-argentina","9":"tag-ricardo-arjona-en-argentina"},"_links":{"self":[{"href":"https:\/\/www.cordobatimes.com\/showup\/wp-json\/wp\/v2\/posts\/92443","targetHints":{"allow":["GET"]}}],"collection":[{"href":"https:\/\/www.cordobatimes.com\/showup\/wp-json\/wp\/v2\/posts"}],"about":[{"href":"https:\/\/www.cordobatimes.com\/showup\/wp-json\/wp\/v2\/types\/post"}],"author":[{"embeddable":true,"href":"https:\/\/www.cordobatimes.com\/showup\/wp-json\/wp\/v2\/users\/1"}],"replies":[{"embeddable":true,"href":"https:\/\/www.cordobatimes.com\/showup\/wp-json\/wp\/v2\/comments?post=92443"}],"version-history":[{"count":0,"href":"https:\/\/www.cordobatimes.com\/showup\/wp-json\/wp\/v2\/posts\/92443\/revisions"}],"wp:featuredmedia":[{"embeddable":true,"href":"https:\/\/www.cordobatimes.com\/showup\/wp-json\/wp\/v2\/media\/92444"}],"wp:attachment":[{"href":"https:\/\/www.cordobatimes.com\/showup\/wp-json\/wp\/v2\/media?parent=92443"}],"wp:term":[{"taxonomy":"category","embeddable":true,"href":"https:\/\/www.cordobatimes.com\/showup\/wp-json\/wp\/v2\/categories?post=92443"},{"taxonomy":"post_tag","embeddable":true,"href":"https:\/\/www.cordobatimes.com\/showup\/wp-json\/wp\/v2\/tags?post=92443"}],"curies":[{"name":"wp","href":"https:\/\/api.w.org\/{rel}","templated":true}]}}