{"id":92437,"date":"2021-12-17T13:35:58","date_gmt":"2021-12-17T16:35:58","guid":{"rendered":"https:\/\/www.cordobatimes.com\/showup\/?p=92437"},"modified":"2021-12-17T19:39:43","modified_gmt":"2021-12-17T22:39:43","slug":"cuando-mas-yo-soy-mas-feliz-soy-novaresio-se-despidio-del-grupo-america","status":"publish","type":"post","link":"https:\/\/www.cordobatimes.com\/showup\/tv\/2021\/12\/17\/cuando-mas-yo-soy-mas-feliz-soy-novaresio-se-despidio-del-grupo-america\/","title":{"rendered":"\u201cCuando m\u00e1s yo soy, m\u00e1s feliz soy\u201d: Novaresio se despidi\u00f3 del Grupo Am\u00e9rica"},"content":{"rendered":"<h3><strong>El periodista rosarino se aleja de los medios de comunicaci\u00f3n para dedicarse a su libro y pasar m\u00e1s tiempo con su familia.<\/strong><\/h3>\n<p>Luis Novaresio\u00a0se despidi\u00f3 del Grupo\u00a0Am\u00e9rica\u00a0despu\u00e9s de diez a\u00f1os: le dijo adi\u00f3s a su audiencia de Dicho esto (A24) y protagoniz\u00f3 un emotivo momento.<\/p>\n<p>\u201cTengo much\u00edsimo que agradecer a esta empresa porque hace diez a\u00f1os empec\u00e9 a trabajar aqu\u00ed, muy generosamente se me dio la posibilidad de transitar por distintos lugares. Le agradezco a Daniel Vila que ha tenido much\u00edsima paciencia conmigo\u201d, coment\u00f3 el rosarino.<\/p>\n<p>Aprovech\u00f3 el pase habitual con Viviana Canosa y le dedic\u00f3 unas sentidas palabras a su colega: \u201cSe gener\u00f3 un formato que no guionamos y que fue divertido. Hizo que nos conoci\u00e9ramos y que la gente nos conozca m\u00e1s\u201d.<\/p>\n<p>El periodista hizo una menci\u00f3n especial a sus compa\u00f1eros de trabajo: \u201cAprend\u00ed un mont\u00f3n, esto fue de verdad una escuela. La tele es un trabajo coral, de grupo. El que se cree que por estar delante de c\u00e1mara tiene una responsabilidad mayor, se equivoca y se atropella\u201d.<\/p>\n<p>Al hablar de los motivos que lo llevan a alejarse del Grupo Am\u00e9rica, se\u00f1al\u00f3: \u201cMe retiro porque voy a escribir pero voy a seguir trabajando de esto. Las vocaciones son como las pasiones, uno puede contarlas pero no puede explicarlas. Yo tengo pasi\u00f3n por el periodismo y voy a seguir haci\u00e9ndolo, pero me pareci\u00f3 que despu\u00e9s de 10 a\u00f1os estaba bueno hacer un parate en un momento de mi vida particular\u201d.<\/p>\n<p>Para cerrar, le dedic\u00f3 un mensaje especial a los televidentes: \u201cA vos que est\u00e1s en casa. Es un disparate que me prestes atenci\u00f3n. Es un acto de generosidad enorme. Quiero agradecerte estos diez a\u00f1os por, inexplicablemente, prestarme atenci\u00f3n. Quiero decirte que solo puedo retribuirlo con una experiencia, no con un consejo porque son muy petulantes. Cuando m\u00e1s yo he sido, m\u00e1s feliz he sido. Cuando m\u00e1s yo soy, m\u00e1s feliz soy. Cuanto m\u00e1s persigo mi deseo, m\u00e1s siento que estoy construyendo futuro. Gracias, nos estamos viendo en cualquier momento y lugar\u201d.<\/p>\n","protected":false},"excerpt":{"rendered":"<p>El periodista rosarino se aleja de los medios de comunicaci\u00f3n para dedicarse a su libro y pasar m\u00e1s tiempo con su familia. Luis Novaresio\u00a0se despidi\u00f3 del Grupo\u00a0Am\u00e9rica\u00a0despu\u00e9s de diez a\u00f1os: le dijo adi\u00f3s a su audiencia de Dicho esto (A24) y protagoniz\u00f3 un emotivo momento. \u201cTengo much\u00edsimo que agradecer a esta empresa porque hace diez [&hellip;]<\/p>\n","protected":false},"author":1,"featured_media":92439,"comment_status":"closed","ping_status":"closed","sticky":false,"template":"","format":"video","meta":{"_seopress_robots_primary_cat":"","_seopress_titles_title":"","_seopress_titles_desc":"","_seopress_robots_index":"","footnotes":""},"categories":[2],"tags":[34021,12874,34024],"class_list":{"0":"post-92437","1":"post","2":"type-post","3":"status-publish","4":"format-video","5":"has-post-thumbnail","7":"category-tv","8":"tag-grupo-america","9":"tag-luis-novaresio","10":"tag-novaresio-se-despidio-del-grupo-america","11":"post_format-post-format-video"},"_links":{"self":[{"href":"https:\/\/www.cordobatimes.com\/showup\/wp-json\/wp\/v2\/posts\/92437","targetHints":{"allow":["GET"]}}],"collection":[{"href":"https:\/\/www.cordobatimes.com\/showup\/wp-json\/wp\/v2\/posts"}],"about":[{"href":"https:\/\/www.cordobatimes.com\/showup\/wp-json\/wp\/v2\/types\/post"}],"author":[{"embeddable":true,"href":"https:\/\/www.cordobatimes.com\/showup\/wp-json\/wp\/v2\/users\/1"}],"replies":[{"embeddable":true,"href":"https:\/\/www.cordobatimes.com\/showup\/wp-json\/wp\/v2\/comments?post=92437"}],"version-history":[{"count":0,"href":"https:\/\/www.cordobatimes.com\/showup\/wp-json\/wp\/v2\/posts\/92437\/revisions"}],"wp:featuredmedia":[{"embeddable":true,"href":"https:\/\/www.cordobatimes.com\/showup\/wp-json\/wp\/v2\/media\/92439"}],"wp:attachment":[{"href":"https:\/\/www.cordobatimes.com\/showup\/wp-json\/wp\/v2\/media?parent=92437"}],"wp:term":[{"taxonomy":"category","embeddable":true,"href":"https:\/\/www.cordobatimes.com\/showup\/wp-json\/wp\/v2\/categories?post=92437"},{"taxonomy":"post_tag","embeddable":true,"href":"https:\/\/www.cordobatimes.com\/showup\/wp-json\/wp\/v2\/tags?post=92437"}],"curies":[{"name":"wp","href":"https:\/\/api.w.org\/{rel}","templated":true}]}}