{"id":92415,"date":"2021-12-17T11:46:48","date_gmt":"2021-12-17T14:46:48","guid":{"rendered":"https:\/\/www.cordobatimes.com\/showup\/?p=92415"},"modified":"2021-12-17T11:46:48","modified_gmt":"2021-12-17T14:46:48","slug":"flor-vigna-estreno-suelto-su-nuevo-tema-junto-a-miss-bolivia","status":"publish","type":"post","link":"https:\/\/www.cordobatimes.com\/showup\/musica\/2021\/12\/17\/flor-vigna-estreno-suelto-su-nuevo-tema-junto-a-miss-bolivia\/","title":{"rendered":"Flor Vigna estren\u00f3 \u201cSuelto\u201d, su nuevo tema junto a Miss Bolivia"},"content":{"rendered":"<h3><strong>Cada vez m\u00e1s contenta con su faceta de cantante, la bailarina public\u00f3 su segundo videoclip.\u00a0<\/strong><\/h3>\n<p>Luego del impacto de su primer videoclip \u201cUy!\u201d, que super\u00f3 largamente las tres millones de visualizaciones en YouTube,\u00a0Flor Vigna\u00a0contin\u00faa a paso firme su carrera como solista. Este jueves, la bailarina lanz\u00f3 el segundo tema de su incipiente camino en la m\u00fasica con \u201cSuelto\u201d, una cumbia veraniega y liberadora que cuenta con la colaboraci\u00f3n de\u00a0Miss Bolivia.<\/p>\n<p>Ahora, tanto esfuerzo dio sus frutos y la canci\u00f3n ya est\u00e1 en las plataformas digitales. Con la misma est\u00e9tica colorida de \u201cUY!\u201d, pero con un pulso mucho m\u00e1s cumbiero, Flor y la Missbo dialogan relajadas en un clima de verano urbano, con una escenograf\u00eda de reposeras en la terraza, tragos en mano y pies en la pileta. A\u00a0 horas de su publicaci\u00f3n, ya supera las 183 mil visualizaciones.<\/p>\n<p><iframe loading=\"lazy\" title=\"YouTube video player\" src=\"https:\/\/www.youtube.com\/embed\/wZeZBuzW0cw\" width=\"560\" height=\"315\" frameborder=\"0\" allowfullscreen=\"allowfullscreen\"><\/iframe><\/p>\n","protected":false},"excerpt":{"rendered":"<p>Cada vez m\u00e1s contenta con su faceta de cantante, la bailarina public\u00f3 su segundo videoclip.\u00a0 Luego del impacto de su primer videoclip \u201cUy!\u201d, que super\u00f3 largamente las tres millones de visualizaciones en YouTube,\u00a0Flor Vigna\u00a0contin\u00faa a paso firme su carrera como solista. Este jueves, la bailarina lanz\u00f3 el segundo tema de su incipiente camino en la [&hellip;]<\/p>\n","protected":false},"author":1,"featured_media":92416,"comment_status":"closed","ping_status":"closed","sticky":false,"template":"","format":"standard","meta":{"_seopress_robots_primary_cat":"","_seopress_titles_title":"","_seopress_titles_desc":"","_seopress_robots_index":"","footnotes":""},"categories":[5],"tags":[33965,33967,33966],"class_list":{"0":"post-92415","1":"post","2":"type-post","3":"status-publish","4":"format-standard","5":"has-post-thumbnail","7":"category-musica","8":"tag-flor-vigna-suelto","9":"tag-flor-vigna-y-miss-bolivia","10":"tag-flor-vigna-y-miss-bolivia-suelto"},"_links":{"self":[{"href":"https:\/\/www.cordobatimes.com\/showup\/wp-json\/wp\/v2\/posts\/92415","targetHints":{"allow":["GET"]}}],"collection":[{"href":"https:\/\/www.cordobatimes.com\/showup\/wp-json\/wp\/v2\/posts"}],"about":[{"href":"https:\/\/www.cordobatimes.com\/showup\/wp-json\/wp\/v2\/types\/post"}],"author":[{"embeddable":true,"href":"https:\/\/www.cordobatimes.com\/showup\/wp-json\/wp\/v2\/users\/1"}],"replies":[{"embeddable":true,"href":"https:\/\/www.cordobatimes.com\/showup\/wp-json\/wp\/v2\/comments?post=92415"}],"version-history":[{"count":0,"href":"https:\/\/www.cordobatimes.com\/showup\/wp-json\/wp\/v2\/posts\/92415\/revisions"}],"wp:featuredmedia":[{"embeddable":true,"href":"https:\/\/www.cordobatimes.com\/showup\/wp-json\/wp\/v2\/media\/92416"}],"wp:attachment":[{"href":"https:\/\/www.cordobatimes.com\/showup\/wp-json\/wp\/v2\/media?parent=92415"}],"wp:term":[{"taxonomy":"category","embeddable":true,"href":"https:\/\/www.cordobatimes.com\/showup\/wp-json\/wp\/v2\/categories?post=92415"},{"taxonomy":"post_tag","embeddable":true,"href":"https:\/\/www.cordobatimes.com\/showup\/wp-json\/wp\/v2\/tags?post=92415"}],"curies":[{"name":"wp","href":"https:\/\/api.w.org\/{rel}","templated":true}]}}