{"id":92408,"date":"2021-12-17T11:06:01","date_gmt":"2021-12-17T14:06:01","guid":{"rendered":"https:\/\/www.cordobatimes.com\/showup\/?p=92408"},"modified":"2021-12-17T11:06:01","modified_gmt":"2021-12-17T14:06:01","slug":"todos-los-nominados-a-los-premios-martin-fierro-digital","status":"publish","type":"post","link":"https:\/\/www.cordobatimes.com\/showup\/influencers\/2021\/12\/17\/todos-los-nominados-a-los-premios-martin-fierro-digital\/","title":{"rendered":"Todos los nominados a los premios Mart\u00edn Fierro Digital"},"content":{"rendered":"<h3><strong>Este s\u00e1bado 18 de diciembre se llevar\u00e1 a cabo la ceremonia en un multiespacio de la capital de Neuqu\u00e9n, tal como lo hab\u00eda anunciado Luis Ventura.<\/strong><\/h3>\n<p>Despu\u00e9s de un 2020 marcado por la pandemia, este 2021 las entregas de premio van volviendo de a poco en todo su esplendor. Por caso, en noviembre tuvieron lugar los\u00a0Mart\u00edn Fierro de Cable, que condujo\u00a0Carolina Pampita Ardohain\u00a0y\u00a0el Pollo \u00c1lvarez,\u00a0y este s\u00e1bado 18 de diciembre, con la trasmisi\u00f3n de\u00a0Infobae,\u00a0APTRA\u00a0(Asociaci\u00f3n de Periodistas de la Televisi\u00f3n y Radiofon\u00edas Argentinas) llevar\u00e1 a cabo el\u00a0Mart\u00edn Fierro Digital\u00a0en el sal\u00f3n sal\u00f3n principal del Hotel Comahue de la ciudad de Neuqu\u00e9n. A las 21 comenzar\u00e1 la alfombra roja, y una hora m\u00e1s tarde, la ceremonia.<\/p>\n<p class=\"paragraph\"><b>Aqu\u00ed, todos los nominados a los MF Digital<\/b>:<\/p>\n<p class=\"paragraph\"><b>La mejor FanPage<\/b><\/p>\n<p class=\"paragraph\">Gabriel Lucero<\/p>\n<p class=\"paragraph\">Costa Salm\u00f3n<\/p>\n<p class=\"paragraph\">EAMEO<\/p>\n<p class=\"paragraph\"><b>Twittero m\u00e1s influyente<\/b><\/p>\n<p class=\"paragraph\">Facu Pedrini<\/p>\n<p class=\"paragraph\">Nacho San<\/p>\n<p class=\"paragraph\">Doc Dan<\/p>\n<p class=\"paragraph\"><b>El Mejor Youtuber<\/b><\/p>\n<p class=\"paragraph\">\u00c1ngel David Revilla Lenoci (Dross)<\/p>\n<p class=\"paragraph\">Juanito Say<\/p>\n<p class=\"paragraph\">Paulina Cocina<\/p>\n<p class=\"paragraph\"><b>Mejor Ficci\u00f3n Digital del a\u00f1o<\/b><\/p>\n<p class=\"paragraph\">Cross<\/p>\n<p class=\"paragraph\">Che Peruano<\/p>\n<p class=\"paragraph\">Perla Negra 2.0<\/p>\n<p class=\"paragraph\"><b>Artista Musical<\/b><\/p>\n<p class=\"paragraph\">Koino Yokan<\/p>\n<p class=\"paragraph\">Conti<\/p>\n<p class=\"paragraph\">Yami Safdie<\/p>\n<p class=\"paragraph\"><b>Twitch<\/b><\/p>\n<p class=\"paragraph\">Oky<\/p>\n<p class=\"paragraph\">NIMUVT<\/p>\n<p class=\"paragraph\">Ruffus<\/p>\n<p class=\"paragraph\">Manzana<\/p>\n<p class=\"paragraph\"><b>Tik Tok<\/b><\/p>\n<p class=\"paragraph\">Martu Morales<\/p>\n<p class=\"paragraph\">Agostina Culotta<\/p>\n<p class=\"paragraph\">Laila Ali<\/p>\n<p class=\"paragraph\">Agus Battioni<\/p>\n<p class=\"paragraph\">Pablito Castillo<\/p>\n<p class=\"paragraph\"><b>Contenido humor\u00edstico<\/b><\/p>\n<p class=\"paragraph\">Fede Cyrulnik<\/p>\n<p class=\"paragraph\">Juli\u00e1n Bellese<\/p>\n<p class=\"paragraph\">Rub\u00e9n Tuesta (KIKO &#8211; TIKTOK)<\/p>\n<p class=\"paragraph\">Daniela Viaggiamari (La Chepi)<\/p>\n<p class=\"paragraph\"><b>El m\u00e1s votado en Redes<\/b><\/p>\n<p class=\"paragraph\">Santi Maratea<\/p>\n<p class=\"paragraph\">Lizardo Ponce<\/p>\n<p class=\"paragraph\">Barby Franco<\/p>\n<p class=\"paragraph\"><b>Influencer de opini\u00f3n<\/b><\/p>\n<p class=\"paragraph\">Tipito Enojado<\/p>\n<p class=\"paragraph\">Carlos Maslaton<\/p>\n<p class=\"paragraph\">Emmanuel Danann<\/p>\n<p class=\"paragraph\"><b>El m\u00e1s interactivo en Instagram<\/b><\/p>\n<p class=\"paragraph\">Barby Franco<\/p>\n<p class=\"paragraph\">Nico Lorenzon<\/p>\n<p class=\"paragraph\">Ignacio Sureda<\/p>\n<p class=\"paragraph\">Kate Rodr\u00edguez<\/p>\n<p class=\"paragraph\"><b>Cosplayer del A\u00f1o<\/b><\/p>\n<p class=\"paragraph\">CandeStark<\/p>\n<p class=\"paragraph\">Hernan Martin Cambarere (Watercube)<\/p>\n<p class=\"paragraph\">Alexander<\/p>\n<p class=\"paragraph\"><b>Mejor Influencer -ALTO VALLE<\/b><\/p>\n<p class=\"paragraph\">Abril Pazos<\/p>\n<p class=\"paragraph\">Agos Palladino<\/p>\n<p class=\"paragraph\">Johnregatuso<\/p>\n<p class=\"paragraph\"><b>Revelaci\u00f3n Ficci\u00f3n Digital<\/b><\/p>\n<p class=\"paragraph\">Anna Del Boca (Perla Negra 2.0)<\/p>\n<p class=\"paragraph\">Facundo Aquinos (Che Peruano)<\/p>\n<p class=\"paragraph\">Rafael Federman (Cross)<\/p>\n<p class=\"paragraph\"><b>Mejor Contenido Tem\u00e1tico<\/b><\/p>\n<p class=\"paragraph\">Alex Destreza<\/p>\n<p class=\"paragraph\">Fede Cyrulnik<\/p>\n<p class=\"paragraph\">Paulina Cocina<\/p>\n<p class=\"paragraph\"><b>Contenido Tem\u00e1tico Profesional<\/b><\/p>\n<p class=\"paragraph\">Dra. Melisa Pereyra<\/p>\n<p class=\"paragraph\">Ramiro Marra<\/p>\n<p class=\"paragraph\">Dr. Guillermo Capuya<\/p>\n<p class=\"paragraph\"><b>Mejor Plataforma de Servicios Online<\/b><\/p>\n<p class=\"paragraph\">Campus C\u00f3rdoba<\/p>\n<p class=\"paragraph\">Tienda La Pampa<\/p>\n<p class=\"paragraph\">Legislatura Provincia del Neuqu\u00e9n &#8211; Biblioteca Virtual<\/p>\n<p class=\"paragraph\">Corrientes Play<\/p>\n<p class=\"paragraph\"><b>Mejor Portal de Noticias de Espect\u00e1culos<\/b><\/p>\n<p class=\"paragraph\">Infonews<\/p>\n<p class=\"paragraph\">Teleshow<\/p>\n<p class=\"paragraph\">Ciudad Magazine<\/p>\n<p class=\"paragraph\"><b>Plataforma Destacada del A\u00f1o<\/b><\/p>\n<p class=\"paragraph\">Viv\u00ed Santa F\u00e9<\/p>\n<p class=\"paragraph\">LatePlay La Rioja<\/p>\n<p class=\"paragraph\">La Neuquina Online<\/p>\n<p class=\"paragraph\"><b>Campa\u00f1a Publicitaria Online<\/b><\/p>\n<p class=\"paragraph\">Degree Inclusive \/Unilever (Agencia Wubderman Thompson)<\/p>\n<p class=\"paragraph\">Olimpiadas \/Tulip\u00e1n (Agencia BBDO)<\/p>\n<p class=\"paragraph\">Necesitamos Voces Frescas \/ Beldent (Agencia Digitas)<\/p>\n<p class=\"paragraph\"><b>Mejor Plataforma Digital de Noticias &#8211; Alto Valle<\/b><\/p>\n<p class=\"paragraph\">MejorUno.com<\/p>\n<p class=\"paragraph\">RioNegro.com.ar<\/p>\n<p class=\"paragraph\">MejorInformado.com<\/p>\n<p class=\"paragraph\">LMNeuquen<\/p>\n<p class=\"paragraph\"><b>Mejor Contenido de TV Digital Tem\u00e1tico<\/b><\/p>\n<p class=\"paragraph\">Centro a la Olla FWTV<\/p>\n<p class=\"paragraph\">Econom\u00eda al Cuadrado &#8211; Diego Giacomini<\/p>\n<p class=\"paragraph\">Terapia Picante &#8211; Pilo<\/p>\n<p class=\"paragraph\"><b>Producci\u00f3n Radio Nativa Digital<\/b><\/p>\n<p class=\"paragraph\">Mano a mano con Monserrat &#8211; Diario Zonica<\/p>\n<p class=\"paragraph\">Demasiado Humano &#8211; Dar\u00edo Sztajnszrajber &#8211; Futurock<\/p>\n<p class=\"paragraph\">Futbol Distinguido &#8211; Jorge Barril &#8211; Diario Plus<\/p>\n<p class=\"paragraph\"><b>Radio Nativa Digital<\/b><\/p>\n<p class=\"paragraph\">Radio Zonica<\/p>\n<p class=\"paragraph\">Radio TU<\/p>\n<p class=\"paragraph\">Trend Topic<\/p>\n<p class=\"paragraph\">Conexi\u00f3n Abierta<\/p>\n<p class=\"paragraph\">Futurock<\/p>\n<p class=\"paragraph\"><b>La Mejor Conducci\u00f3n Radio Nativa Digital<\/b><\/p>\n<p class=\"paragraph\">Nico Ochiatto &#8211; Nadie dice nada &#8211; Luzu<\/p>\n<p class=\"paragraph\">Flor Halfon &#8211; Futurock<\/p>\n<p class=\"paragraph\">Christian Cimminelli, Elisa S\u00e1nchez y Tom\u00e1s Rebord &#8211; Caricias Significativas &#8211; El Destape<\/p>\n","protected":false},"excerpt":{"rendered":"<p>Este s\u00e1bado 18 de diciembre se llevar\u00e1 a cabo la ceremonia en un multiespacio de la capital de Neuqu\u00e9n, tal como lo hab\u00eda anunciado Luis Ventura. Despu\u00e9s de un 2020 marcado por la pandemia, este 2021 las entregas de premio van volviendo de a poco en todo su esplendor. Por caso, en noviembre tuvieron lugar [&hellip;]<\/p>\n","protected":false},"author":1,"featured_media":92409,"comment_status":"closed","ping_status":"closed","sticky":false,"template":"","format":"standard","meta":{"_seopress_robots_primary_cat":"","_seopress_titles_title":"","_seopress_titles_desc":"","_seopress_robots_index":"","footnotes":""},"categories":[23136],"tags":[33960,33961],"class_list":{"0":"post-92408","1":"post","2":"type-post","3":"status-publish","4":"format-standard","5":"has-post-thumbnail","7":"category-influencers","8":"tag-nominados-a-los-premios-martin-fierro-digital","9":"tag-premios-martin-fierro-digital"},"_links":{"self":[{"href":"https:\/\/www.cordobatimes.com\/showup\/wp-json\/wp\/v2\/posts\/92408","targetHints":{"allow":["GET"]}}],"collection":[{"href":"https:\/\/www.cordobatimes.com\/showup\/wp-json\/wp\/v2\/posts"}],"about":[{"href":"https:\/\/www.cordobatimes.com\/showup\/wp-json\/wp\/v2\/types\/post"}],"author":[{"embeddable":true,"href":"https:\/\/www.cordobatimes.com\/showup\/wp-json\/wp\/v2\/users\/1"}],"replies":[{"embeddable":true,"href":"https:\/\/www.cordobatimes.com\/showup\/wp-json\/wp\/v2\/comments?post=92408"}],"version-history":[{"count":0,"href":"https:\/\/www.cordobatimes.com\/showup\/wp-json\/wp\/v2\/posts\/92408\/revisions"}],"wp:featuredmedia":[{"embeddable":true,"href":"https:\/\/www.cordobatimes.com\/showup\/wp-json\/wp\/v2\/media\/92409"}],"wp:attachment":[{"href":"https:\/\/www.cordobatimes.com\/showup\/wp-json\/wp\/v2\/media?parent=92408"}],"wp:term":[{"taxonomy":"category","embeddable":true,"href":"https:\/\/www.cordobatimes.com\/showup\/wp-json\/wp\/v2\/categories?post=92408"},{"taxonomy":"post_tag","embeddable":true,"href":"https:\/\/www.cordobatimes.com\/showup\/wp-json\/wp\/v2\/tags?post=92408"}],"curies":[{"name":"wp","href":"https:\/\/api.w.org\/{rel}","templated":true}]}}