{"id":92397,"date":"2021-12-16T22:04:59","date_gmt":"2021-12-17T01:04:59","guid":{"rendered":"https:\/\/www.cordobatimes.com\/showup\/?p=92397"},"modified":"2021-12-16T22:04:59","modified_gmt":"2021-12-17T01:04:59","slug":"dua-lipa-agrego-una-nueva-fecha-en-buenos-aires","status":"publish","type":"post","link":"https:\/\/www.cordobatimes.com\/showup\/agenda\/2021\/12\/16\/dua-lipa-agrego-una-nueva-fecha-en-buenos-aires\/","title":{"rendered":"Dua Lipa agreg\u00f3 una nueva fecha en Buenos Aires"},"content":{"rendered":"<h3><strong>La artista brit\u00e1nica ya ten\u00eda vendido su show en el Hip\u00f3dromo de Palermo para el 14 de septiembre del a\u00f1o que viene y tuvo que sumar un d\u00eda.<\/strong><\/h3>\n<p>Apenas salieron a la venta las entradas, la organizaci\u00f3n tuvo que poner el cartel de \u201cagotado\u201d. Es que en menos de una hora,\u00a0la cantante Dua Lipa vendi\u00f3 todos los tickets para el show que dar\u00e1 el a\u00f1o que viene en el Hip\u00f3dromo de Palermo.\u00a0Sin m\u00e1s lugar para el 14 de septiembre, desde ma\u00f1ana estar\u00e1n a la venta las entradas para el 13 del mismo mes.<\/p>\n<p><img alt=\"\" loading=\"lazy\" decoding=\"async\" class=\"alignnone wp-image-92399 size-full\" src=\"https:\/\/www.cordobatimes.com\/showup\/wp-content\/uploads\/2021\/12\/dua.jpg\" alt=\"\" width=\"534\" height=\"637\" srcset=\"https:\/\/www.cordobatimes.com\/showup\/wp-content\/uploads\/2021\/12\/dua.jpg 534w, https:\/\/www.cordobatimes.com\/showup\/wp-content\/uploads\/2021\/12\/dua-352x420.jpg 352w\" sizes=\"auto, (max-width: 534px) 100vw, 534px\" \/><\/p>\n","protected":false},"excerpt":{"rendered":"<p>La artista brit\u00e1nica ya ten\u00eda vendido su show en el Hip\u00f3dromo de Palermo para el 14 de septiembre del a\u00f1o que viene y tuvo que sumar un d\u00eda. Apenas salieron a la venta las entradas, la organizaci\u00f3n tuvo que poner el cartel de \u201cagotado\u201d. Es que en menos de una hora,\u00a0la cantante Dua Lipa vendi\u00f3 [&hellip;]<\/p>\n","protected":false},"author":1,"featured_media":92398,"comment_status":"closed","ping_status":"closed","sticky":false,"template":"","format":"standard","meta":{"_seopress_robots_primary_cat":"","_seopress_titles_title":"","_seopress_titles_desc":"","_seopress_robots_index":"","footnotes":""},"categories":[6],"tags":[33907,33922],"class_list":{"0":"post-92397","1":"post","2":"type-post","3":"status-publish","4":"format-standard","5":"has-post-thumbnail","7":"category-agenda","8":"tag-dua-lipa-en-argentina","9":"tag-dua-lipa-en-argentina-2022"},"_links":{"self":[{"href":"https:\/\/www.cordobatimes.com\/showup\/wp-json\/wp\/v2\/posts\/92397","targetHints":{"allow":["GET"]}}],"collection":[{"href":"https:\/\/www.cordobatimes.com\/showup\/wp-json\/wp\/v2\/posts"}],"about":[{"href":"https:\/\/www.cordobatimes.com\/showup\/wp-json\/wp\/v2\/types\/post"}],"author":[{"embeddable":true,"href":"https:\/\/www.cordobatimes.com\/showup\/wp-json\/wp\/v2\/users\/1"}],"replies":[{"embeddable":true,"href":"https:\/\/www.cordobatimes.com\/showup\/wp-json\/wp\/v2\/comments?post=92397"}],"version-history":[{"count":0,"href":"https:\/\/www.cordobatimes.com\/showup\/wp-json\/wp\/v2\/posts\/92397\/revisions"}],"wp:featuredmedia":[{"embeddable":true,"href":"https:\/\/www.cordobatimes.com\/showup\/wp-json\/wp\/v2\/media\/92398"}],"wp:attachment":[{"href":"https:\/\/www.cordobatimes.com\/showup\/wp-json\/wp\/v2\/media?parent=92397"}],"wp:term":[{"taxonomy":"category","embeddable":true,"href":"https:\/\/www.cordobatimes.com\/showup\/wp-json\/wp\/v2\/categories?post=92397"},{"taxonomy":"post_tag","embeddable":true,"href":"https:\/\/www.cordobatimes.com\/showup\/wp-json\/wp\/v2\/tags?post=92397"}],"curies":[{"name":"wp","href":"https:\/\/api.w.org\/{rel}","templated":true}]}}