{"id":92370,"date":"2021-12-15T18:52:27","date_gmt":"2021-12-15T21:52:27","guid":{"rendered":"https:\/\/www.cordobatimes.com\/showup\/?p=92370"},"modified":"2021-12-15T18:52:27","modified_gmt":"2021-12-15T21:52:27","slug":"tendencias-de-moda-para-2022","status":"publish","type":"post","link":"https:\/\/www.cordobatimes.com\/showup\/moda-y-estilos\/2021\/12\/15\/tendencias-de-moda-para-2022\/","title":{"rendered":"Tendencias de moda para 2022"},"content":{"rendered":"<h3>\u00a0<strong>Tendencias de moda Primavera\/Verano 2022 m\u00e1s importantes que debes conocer en este momento.<\/strong><\/h3>\n<h3><strong>Micro Mania<\/strong><\/h3>\n<p>Justo cuando pensabas que los dobladillos no pod\u00edan ser m\u00e1s cortos, apreci\u00f3 Miuccia Prada con un desfile de Miu Miu que nos dio ganas de cortar con unas tijeras de costura cada una de las faldas en el cl\u00f3set. Estas vab por debajo de las caderas y cortadas en una tira que casi cubre a los calzones. Las minis de Miu Miu son muy picantes. Hay mucho m\u00e1s de esto: Dolce &amp; Gabbana, Versace, Bottega Veneta, Chanel e incluso Emporio Armani son parte de la tendencia. \u00bfY si alguien se atreve a censurarte por la longitud? Solo responde con el comentario que se oy\u00f3 luego del desfile de Miuccia:\u00a0\u00abLo extra\u00f1o ya no es extra\u00f1o\u00bb.<\/p>\n<h3><strong>Miu Miu<\/strong><\/h3>\n<p>Micro falda con cintur\u00f3n.<\/p>\n<p><img alt=\"\" loading=\"lazy\" decoding=\"async\" class=\"alignnone wp-image-92372 size-full\" src=\"https:\/\/www.cordobatimes.com\/showup\/wp-content\/uploads\/2021\/12\/Miu20Miu2-scaled.jpeg\" alt=\"\" width=\"1707\" height=\"2560\" srcset=\"https:\/\/www.cordobatimes.com\/showup\/wp-content\/uploads\/2021\/12\/Miu20Miu2-scaled.jpeg 1707w, https:\/\/www.cordobatimes.com\/showup\/wp-content\/uploads\/2021\/12\/Miu20Miu2-280x420.jpeg 280w, https:\/\/www.cordobatimes.com\/showup\/wp-content\/uploads\/2021\/12\/Miu20Miu2-683x1024.jpeg 683w, https:\/\/www.cordobatimes.com\/showup\/wp-content\/uploads\/2021\/12\/Miu20Miu2-768x1152.jpeg 768w, https:\/\/www.cordobatimes.com\/showup\/wp-content\/uploads\/2021\/12\/Miu20Miu2-1024x1536.jpeg 1024w, https:\/\/www.cordobatimes.com\/showup\/wp-content\/uploads\/2021\/12\/Miu20Miu2-1365x2048.jpeg 1365w, https:\/\/www.cordobatimes.com\/showup\/wp-content\/uploads\/2021\/12\/Miu20Miu2-696x1044.jpeg 696w, https:\/\/www.cordobatimes.com\/showup\/wp-content\/uploads\/2021\/12\/Miu20Miu2-1068x1602.jpeg 1068w\" sizes=\"auto, (max-width: 1707px) 100vw, 1707px\" \/><\/p>\n<h3><strong>Chanel<\/strong><\/h3>\n<p>Conjunto de sastre con minifalda.<\/p>\n<p><img alt=\"\" loading=\"lazy\" decoding=\"async\" class=\"alignnone wp-image-92373 size-full\" src=\"https:\/\/www.cordobatimes.com\/showup\/wp-content\/uploads\/2021\/12\/Chanel-scaled.jpeg\" alt=\"\" width=\"1707\" height=\"2560\" srcset=\"https:\/\/www.cordobatimes.com\/showup\/wp-content\/uploads\/2021\/12\/Chanel-scaled.jpeg 1707w, https:\/\/www.cordobatimes.com\/showup\/wp-content\/uploads\/2021\/12\/Chanel-280x420.jpeg 280w, https:\/\/www.cordobatimes.com\/showup\/wp-content\/uploads\/2021\/12\/Chanel-683x1024.jpeg 683w, https:\/\/www.cordobatimes.com\/showup\/wp-content\/uploads\/2021\/12\/Chanel-768x1152.jpeg 768w, https:\/\/www.cordobatimes.com\/showup\/wp-content\/uploads\/2021\/12\/Chanel-1024x1536.jpeg 1024w, https:\/\/www.cordobatimes.com\/showup\/wp-content\/uploads\/2021\/12\/Chanel-1365x2048.jpeg 1365w, https:\/\/www.cordobatimes.com\/showup\/wp-content\/uploads\/2021\/12\/Chanel-696x1044.jpeg 696w, https:\/\/www.cordobatimes.com\/showup\/wp-content\/uploads\/2021\/12\/Chanel-1068x1602.jpeg 1068w\" sizes=\"auto, (max-width: 1707px) 100vw, 1707px\" \/><\/p>\n<h3><strong>Motorcycle Diaries<\/strong><\/h3>\n<p>\u00bfCu\u00e1ntos a\u00f1os han pasado desde que viste una Campera de motociclista realmente buena en las tiendas? Abr\u00f3chense el cintur\u00f3n, muchachas: ha vuelto. En Acne Studios, Supriya Lele y Miu Miu, la biker nos ofrec\u00eda un mood digno de los 90, con corte ce\u00f1ido, sin solapa, con una sola correa y un acabado envejecido.<\/p>\n<p>En Balenciaga y Prada, vino con un fit m\u00e1s grande, con m\u00faltiples cierres . Y en Alexander McQueen, Simone Rocha y Richard Quinn, las cosas se pusieron un poco extravagantes: el cuero se mezcl\u00f3 con mezclilla, las solapas afiladas ven\u00edan con hombros abullonados femeninos, o todo estaba cubierto de tachuelas. Cualquiera que sea la iteraci\u00f3n que m\u00e1s te guste, este cl\u00e1sico de KateMoss est\u00e1 destinado a regresar.<\/p>\n<p><img alt=\"\" loading=\"lazy\" decoding=\"async\" class=\"alignnone wp-image-92374 size-full\" src=\"https:\/\/www.cordobatimes.com\/showup\/wp-content\/uploads\/2021\/12\/SS2220MOTORCYCLE-DIARIES.jpg\" alt=\"\" width=\"1920\" height=\"1280\" srcset=\"https:\/\/www.cordobatimes.com\/showup\/wp-content\/uploads\/2021\/12\/SS2220MOTORCYCLE-DIARIES.jpg 1920w, https:\/\/www.cordobatimes.com\/showup\/wp-content\/uploads\/2021\/12\/SS2220MOTORCYCLE-DIARIES-630x420.jpg 630w, https:\/\/www.cordobatimes.com\/showup\/wp-content\/uploads\/2021\/12\/SS2220MOTORCYCLE-DIARIES-1024x683.jpg 1024w, https:\/\/www.cordobatimes.com\/showup\/wp-content\/uploads\/2021\/12\/SS2220MOTORCYCLE-DIARIES-768x512.jpg 768w, https:\/\/www.cordobatimes.com\/showup\/wp-content\/uploads\/2021\/12\/SS2220MOTORCYCLE-DIARIES-1536x1024.jpg 1536w, https:\/\/www.cordobatimes.com\/showup\/wp-content\/uploads\/2021\/12\/SS2220MOTORCYCLE-DIARIES-696x464.jpg 696w, https:\/\/www.cordobatimes.com\/showup\/wp-content\/uploads\/2021\/12\/SS2220MOTORCYCLE-DIARIES-1068x712.jpg 1068w\" sizes=\"auto, (max-width: 1920px) 100vw, 1920px\" \/><\/p>\n<h3><strong>Colour Me Free<\/strong><\/h3>\n<p>Llegado el 2022, no hay raz\u00f3n para llevar tonos neutrales. No cuando las combinaciones de colores en las pasarelas se ven tan jugosas. Mira el desfile de Valentino, donde el marr\u00f3n chocolate, la frambuesa y el azul cer\u00faleo se mezclaron con un efecto delicioso. O Halpern, donde un vestido mandarina (desfilado en piruetas por miembros de la compa\u00f1\u00eda Royal Ballet) con fucsia, nos regal\u00f3 todo el drama. Si no sabes c\u00f3mo combinarlo, lleva uno de la cabeza a los pies.<\/p>\n<p><img alt=\"\" loading=\"lazy\" decoding=\"async\" class=\"alignnone wp-image-92375 size-full\" src=\"https:\/\/www.cordobatimes.com\/showup\/wp-content\/uploads\/2021\/12\/SS2220COLOURMEFREE-final.jpg\" alt=\"\" width=\"1920\" height=\"1280\" srcset=\"https:\/\/www.cordobatimes.com\/showup\/wp-content\/uploads\/2021\/12\/SS2220COLOURMEFREE-final.jpg 1920w, https:\/\/www.cordobatimes.com\/showup\/wp-content\/uploads\/2021\/12\/SS2220COLOURMEFREE-final-630x420.jpg 630w, https:\/\/www.cordobatimes.com\/showup\/wp-content\/uploads\/2021\/12\/SS2220COLOURMEFREE-final-1024x683.jpg 1024w, https:\/\/www.cordobatimes.com\/showup\/wp-content\/uploads\/2021\/12\/SS2220COLOURMEFREE-final-768x512.jpg 768w, https:\/\/www.cordobatimes.com\/showup\/wp-content\/uploads\/2021\/12\/SS2220COLOURMEFREE-final-1536x1024.jpg 1536w, https:\/\/www.cordobatimes.com\/showup\/wp-content\/uploads\/2021\/12\/SS2220COLOURMEFREE-final-696x464.jpg 696w, https:\/\/www.cordobatimes.com\/showup\/wp-content\/uploads\/2021\/12\/SS2220COLOURMEFREE-final-1068x712.jpg 1068w\" sizes=\"auto, (max-width: 1920px) 100vw, 1920px\" \/><\/p>\n<h3><strong>Drama At The Back<\/strong><\/h3>\n<p>A riesgo de sonar trillado, es necesario cambiar la frase \u00abhacer una entrada\u00bb por \u00abhacer una salida triunfal\u00bb cuando llegue el nuevo a\u00f1o. Ten en cuenta que no estamos abogando por una pausa social. Lejos de eso. M\u00e1s bien, te sugerimos que perfecciones una maniobra G2G definitiva, en un giro r\u00e1pido de 180 \u00b0 del que Darth Vader estar\u00eda orgulloso.<\/p>\n<p>Imagina el chasquido mientras\u00a0el minivestido con capa roja de Gucci flota detr\u00e1s de ti, al estilo Gaga. Imag\u00edna las reacciones cuando las puntas de Maximilian empujen las copas de champ\u00e1n por los aires. Piensa en las horas de disfrute que obtendr\u00e1s moviendo la cola de ese vestido en sat\u00e9n rosa de Prada, creando solo drama a tu paso. Solo ten cuidado con las puertas giratorias.<\/p>\n<p><img alt=\"\" loading=\"lazy\" decoding=\"async\" class=\"alignnone wp-image-92376 size-full\" src=\"https:\/\/www.cordobatimes.com\/showup\/wp-content\/uploads\/2021\/12\/Carolina20Herrera-scaled.jpeg\" alt=\"\" width=\"1707\" height=\"2560\" srcset=\"https:\/\/www.cordobatimes.com\/showup\/wp-content\/uploads\/2021\/12\/Carolina20Herrera-scaled.jpeg 1707w, https:\/\/www.cordobatimes.com\/showup\/wp-content\/uploads\/2021\/12\/Carolina20Herrera-280x420.jpeg 280w, https:\/\/www.cordobatimes.com\/showup\/wp-content\/uploads\/2021\/12\/Carolina20Herrera-683x1024.jpeg 683w, https:\/\/www.cordobatimes.com\/showup\/wp-content\/uploads\/2021\/12\/Carolina20Herrera-768x1152.jpeg 768w, https:\/\/www.cordobatimes.com\/showup\/wp-content\/uploads\/2021\/12\/Carolina20Herrera-1024x1536.jpeg 1024w, https:\/\/www.cordobatimes.com\/showup\/wp-content\/uploads\/2021\/12\/Carolina20Herrera-1365x2048.jpeg 1365w, https:\/\/www.cordobatimes.com\/showup\/wp-content\/uploads\/2021\/12\/Carolina20Herrera-696x1044.jpeg 696w, https:\/\/www.cordobatimes.com\/showup\/wp-content\/uploads\/2021\/12\/Carolina20Herrera-1068x1602.jpeg 1068w\" sizes=\"auto, (max-width: 1707px) 100vw, 1707px\" \/> <img alt=\"\" loading=\"lazy\" decoding=\"async\" class=\"alignnone wp-image-92377 size-full\" src=\"https:\/\/www.cordobatimes.com\/showup\/wp-content\/uploads\/2021\/12\/Collina20Strada-scaled.jpeg\" alt=\"\" width=\"1707\" height=\"2560\" srcset=\"https:\/\/www.cordobatimes.com\/showup\/wp-content\/uploads\/2021\/12\/Collina20Strada-scaled.jpeg 1707w, https:\/\/www.cordobatimes.com\/showup\/wp-content\/uploads\/2021\/12\/Collina20Strada-280x420.jpeg 280w, https:\/\/www.cordobatimes.com\/showup\/wp-content\/uploads\/2021\/12\/Collina20Strada-683x1024.jpeg 683w, https:\/\/www.cordobatimes.com\/showup\/wp-content\/uploads\/2021\/12\/Collina20Strada-768x1152.jpeg 768w, https:\/\/www.cordobatimes.com\/showup\/wp-content\/uploads\/2021\/12\/Collina20Strada-1024x1536.jpeg 1024w, https:\/\/www.cordobatimes.com\/showup\/wp-content\/uploads\/2021\/12\/Collina20Strada-1365x2048.jpeg 1365w, https:\/\/www.cordobatimes.com\/showup\/wp-content\/uploads\/2021\/12\/Collina20Strada-696x1044.jpeg 696w, https:\/\/www.cordobatimes.com\/showup\/wp-content\/uploads\/2021\/12\/Collina20Strada-1068x1602.jpeg 1068w\" sizes=\"auto, (max-width: 1707px) 100vw, 1707px\" \/> <img alt=\"\" loading=\"lazy\" decoding=\"async\" class=\"alignnone wp-image-92378 size-full\" src=\"https:\/\/www.cordobatimes.com\/showup\/wp-content\/uploads\/2021\/12\/Gucci-scaled.jpeg\" alt=\"\" width=\"1707\" height=\"2560\" srcset=\"https:\/\/www.cordobatimes.com\/showup\/wp-content\/uploads\/2021\/12\/Gucci-scaled.jpeg 1707w, https:\/\/www.cordobatimes.com\/showup\/wp-content\/uploads\/2021\/12\/Gucci-280x420.jpeg 280w, https:\/\/www.cordobatimes.com\/showup\/wp-content\/uploads\/2021\/12\/Gucci-683x1024.jpeg 683w, https:\/\/www.cordobatimes.com\/showup\/wp-content\/uploads\/2021\/12\/Gucci-768x1152.jpeg 768w, https:\/\/www.cordobatimes.com\/showup\/wp-content\/uploads\/2021\/12\/Gucci-1024x1536.jpeg 1024w, https:\/\/www.cordobatimes.com\/showup\/wp-content\/uploads\/2021\/12\/Gucci-1365x2048.jpeg 1365w, https:\/\/www.cordobatimes.com\/showup\/wp-content\/uploads\/2021\/12\/Gucci-696x1044.jpeg 696w, https:\/\/www.cordobatimes.com\/showup\/wp-content\/uploads\/2021\/12\/Gucci-1068x1602.jpeg 1068w\" sizes=\"auto, (max-width: 1707px) 100vw, 1707px\" \/> <img alt=\"\" loading=\"lazy\" decoding=\"async\" class=\"alignnone wp-image-92379 size-full\" src=\"https:\/\/www.cordobatimes.com\/showup\/wp-content\/uploads\/2021\/12\/Maximilian-scaled.jpeg\" alt=\"\" width=\"1707\" height=\"2560\" srcset=\"https:\/\/www.cordobatimes.com\/showup\/wp-content\/uploads\/2021\/12\/Maximilian-scaled.jpeg 1707w, https:\/\/www.cordobatimes.com\/showup\/wp-content\/uploads\/2021\/12\/Maximilian-280x420.jpeg 280w, https:\/\/www.cordobatimes.com\/showup\/wp-content\/uploads\/2021\/12\/Maximilian-683x1024.jpeg 683w, https:\/\/www.cordobatimes.com\/showup\/wp-content\/uploads\/2021\/12\/Maximilian-768x1152.jpeg 768w, https:\/\/www.cordobatimes.com\/showup\/wp-content\/uploads\/2021\/12\/Maximilian-1024x1536.jpeg 1024w, https:\/\/www.cordobatimes.com\/showup\/wp-content\/uploads\/2021\/12\/Maximilian-1365x2048.jpeg 1365w, https:\/\/www.cordobatimes.com\/showup\/wp-content\/uploads\/2021\/12\/Maximilian-696x1044.jpeg 696w, https:\/\/www.cordobatimes.com\/showup\/wp-content\/uploads\/2021\/12\/Maximilian-1068x1602.jpeg 1068w\" sizes=\"auto, (max-width: 1707px) 100vw, 1707px\" \/><\/p>\n<h3><strong>Between The Lines<\/strong><\/h3>\n<p>Una tendencia para aquellas que se sienten seguros de s\u00ed mismas: las rayas con flecos.\u00a0S\u00ed, a veces las tendencias son as\u00ed de precisas. Nuestros favoritos: los minivestidos de JW Anderson, los tops de fiesta de Louis Vuitton (combinados con denim azul obscuro) y el abrigo de plumas de Gucci. Si el flequillo se siente demasiado\u00a0frou-frou, simplemente dale las pinceladas cl\u00e1sicas de\u00a0marini\u00e8re, que vimos en Balmain; tambi\u00e9n puedes llevar las diagonales de la d\u00e9cada de los 70, que vimos en Fendi; o l\u00edneas libertinas, al estilo de Marni.<\/p>\n<p><img alt=\"\" loading=\"lazy\" decoding=\"async\" class=\"alignnone wp-image-92380 size-full\" src=\"https:\/\/www.cordobatimes.com\/showup\/wp-content\/uploads\/2021\/12\/SS2220between-the-lines-final.jpg\" alt=\"\" width=\"1920\" height=\"1280\" srcset=\"https:\/\/www.cordobatimes.com\/showup\/wp-content\/uploads\/2021\/12\/SS2220between-the-lines-final.jpg 1920w, https:\/\/www.cordobatimes.com\/showup\/wp-content\/uploads\/2021\/12\/SS2220between-the-lines-final-630x420.jpg 630w, https:\/\/www.cordobatimes.com\/showup\/wp-content\/uploads\/2021\/12\/SS2220between-the-lines-final-1024x683.jpg 1024w, https:\/\/www.cordobatimes.com\/showup\/wp-content\/uploads\/2021\/12\/SS2220between-the-lines-final-768x512.jpg 768w, https:\/\/www.cordobatimes.com\/showup\/wp-content\/uploads\/2021\/12\/SS2220between-the-lines-final-1536x1024.jpg 1536w, https:\/\/www.cordobatimes.com\/showup\/wp-content\/uploads\/2021\/12\/SS2220between-the-lines-final-696x464.jpg 696w, https:\/\/www.cordobatimes.com\/showup\/wp-content\/uploads\/2021\/12\/SS2220between-the-lines-final-1068x712.jpg 1068w\" sizes=\"auto, (max-width: 1920px) 100vw, 1920px\" \/><\/p>\n<h3><strong>So Fresh And So Clean<\/strong><\/h3>\n<p>Aqu\u00ed hay una tendencia para las minimalistas:\u00a0un toque de blanco como de pasta de dientes, de la cabeza a los pies; un estilo particularmente fresco para la Primavera\/Verano de 2022. Las m\u00e1s sartoriales habr\u00e1n encontrado mucho para deleitarse en The Row y Peter Do, este \u00faltimo, quien debut\u00f3 en la pasarela de Nueva York con una colecci\u00f3n que compar\u00f3 con hacer un buen Pho: \u201cReducido y editado, a una esencia\u201d. Tambi\u00e9n Ala\u00efa, donde Pieter Mulier contrast\u00f3 los cortes sinuosos con suaves algodones blancos. En Herm\u00e8s y Valentino, las versiones de traje con pantal\u00f3n blanco fueron particularmente atractivas. Y en Chlo\u00e9, el blanco de la cabeza a los pies incluso se sent\u00eda muy bohemio; un ant\u00eddoto c\u00e1lido y acogedor para los modelos m\u00e1s blancos.<\/p>\n<p><img alt=\"\" loading=\"lazy\" decoding=\"async\" class=\"alignnone wp-image-92381 size-full\" src=\"https:\/\/www.cordobatimes.com\/showup\/wp-content\/uploads\/2021\/12\/SS22-WHITE-final.jpg\" alt=\"\" width=\"1920\" height=\"1280\" srcset=\"https:\/\/www.cordobatimes.com\/showup\/wp-content\/uploads\/2021\/12\/SS22-WHITE-final.jpg 1920w, https:\/\/www.cordobatimes.com\/showup\/wp-content\/uploads\/2021\/12\/SS22-WHITE-final-630x420.jpg 630w, https:\/\/www.cordobatimes.com\/showup\/wp-content\/uploads\/2021\/12\/SS22-WHITE-final-1024x683.jpg 1024w, https:\/\/www.cordobatimes.com\/showup\/wp-content\/uploads\/2021\/12\/SS22-WHITE-final-768x512.jpg 768w, https:\/\/www.cordobatimes.com\/showup\/wp-content\/uploads\/2021\/12\/SS22-WHITE-final-1536x1024.jpg 1536w, https:\/\/www.cordobatimes.com\/showup\/wp-content\/uploads\/2021\/12\/SS22-WHITE-final-696x464.jpg 696w, https:\/\/www.cordobatimes.com\/showup\/wp-content\/uploads\/2021\/12\/SS22-WHITE-final-1068x712.jpg 1068w\" sizes=\"auto, (max-width: 1920px) 100vw, 1920px\" \/><\/p>\n<h3><strong>The New Sexy<\/strong><\/h3>\n<p>S\u00faper transparente, s\u00faper ce\u00f1ida y s\u00faper corta. Si est\u00e1 interesada en el vestido perfecto para la primavera, entonces recuerda que la clave est\u00e1 en exhibir algo de piel. Un grupo de j\u00f3venes dise\u00f1adoras lleva la antorcha de esta extravagante versi\u00f3n del \u201cnuevo sexy\u201d, liderada por la dise\u00f1adora ganadora del premio LVMH Nensi Dojaka, as\u00ed como Supriya Lele en Londres, y Ludovic de Saint Sernin y Coperni en Par\u00eds. \u00bfLa clave para darle rienda suelta al estilo? Invierte en unos c\u00f3modos pantalones de algod\u00f3n y respira con seguridad.<\/p>\n<p><img alt=\"\" loading=\"lazy\" decoding=\"async\" class=\"alignnone wp-image-92382 size-full\" src=\"https:\/\/www.cordobatimes.com\/showup\/wp-content\/uploads\/2021\/12\/SS22-THE-NEW-SEXY-final.jpg\" alt=\"\" width=\"1920\" height=\"1280\" srcset=\"https:\/\/www.cordobatimes.com\/showup\/wp-content\/uploads\/2021\/12\/SS22-THE-NEW-SEXY-final.jpg 1920w, https:\/\/www.cordobatimes.com\/showup\/wp-content\/uploads\/2021\/12\/SS22-THE-NEW-SEXY-final-630x420.jpg 630w, https:\/\/www.cordobatimes.com\/showup\/wp-content\/uploads\/2021\/12\/SS22-THE-NEW-SEXY-final-1024x683.jpg 1024w, https:\/\/www.cordobatimes.com\/showup\/wp-content\/uploads\/2021\/12\/SS22-THE-NEW-SEXY-final-768x512.jpg 768w, https:\/\/www.cordobatimes.com\/showup\/wp-content\/uploads\/2021\/12\/SS22-THE-NEW-SEXY-final-1536x1024.jpg 1536w, https:\/\/www.cordobatimes.com\/showup\/wp-content\/uploads\/2021\/12\/SS22-THE-NEW-SEXY-final-696x464.jpg 696w, https:\/\/www.cordobatimes.com\/showup\/wp-content\/uploads\/2021\/12\/SS22-THE-NEW-SEXY-final-1068x712.jpg 1068w\" sizes=\"auto, (max-width: 1920px) 100vw, 1920px\" \/><\/p>\n<h3><strong>Up All Night<\/strong><\/h3>\n<p>C\u00f3digo de vestimenta: simplemente fabuloso.Necesitabamos una escapada llena de glamour nocturno, pero \u00bfde qu\u00e9 otra manera resumir el profundo deseo de la industria de salir a brillar por la ciudad?\u00a0Lentejuelas, cotas de malla, malla brillante, cristales y estilos muy bordados\u00a0abundaban en las pasarelas. Vestir simple es, sin duda, una cosa del pasado.<\/p>\n<p><img alt=\"\" loading=\"lazy\" decoding=\"async\" class=\"alignnone wp-image-92383 size-full\" src=\"https:\/\/www.cordobatimes.com\/showup\/wp-content\/uploads\/2021\/12\/SS22-UP-ALL-NIGHT-final-.jpg\" alt=\"\" width=\"1920\" height=\"1280\" srcset=\"https:\/\/www.cordobatimes.com\/showup\/wp-content\/uploads\/2021\/12\/SS22-UP-ALL-NIGHT-final-.jpg 1920w, https:\/\/www.cordobatimes.com\/showup\/wp-content\/uploads\/2021\/12\/SS22-UP-ALL-NIGHT-final--630x420.jpg 630w, https:\/\/www.cordobatimes.com\/showup\/wp-content\/uploads\/2021\/12\/SS22-UP-ALL-NIGHT-final--1024x683.jpg 1024w, https:\/\/www.cordobatimes.com\/showup\/wp-content\/uploads\/2021\/12\/SS22-UP-ALL-NIGHT-final--768x512.jpg 768w, https:\/\/www.cordobatimes.com\/showup\/wp-content\/uploads\/2021\/12\/SS22-UP-ALL-NIGHT-final--1536x1024.jpg 1536w, https:\/\/www.cordobatimes.com\/showup\/wp-content\/uploads\/2021\/12\/SS22-UP-ALL-NIGHT-final--696x464.jpg 696w, https:\/\/www.cordobatimes.com\/showup\/wp-content\/uploads\/2021\/12\/SS22-UP-ALL-NIGHT-final--1068x712.jpg 1068w\" sizes=\"auto, (max-width: 1920px) 100vw, 1920px\" \/><\/p>\n<h3><strong>Millennium Bug<\/strong><\/h3>\n<p>Crop tops y mariposas, drapeados griegos y pantalones de talle bajo, cadenas para el cuerpo y bufandas delgadas y completamente in\u00fatiles: ser\u00e1 dif\u00edcil resistirse al canto de sirena de la d\u00e9cada de 2000 cuando llegue la Primavera de 2022. Blumarine, ahora el ep\u00edtome del estilo Y2K, hizo todo lo posible por traer este estilo de vuelta en su desfile de Mil\u00e1n, promocionando \u201chadas militares, mariposas seys, sirenas de cintura baja\u201d, como lo expres\u00f3 la estilista Lotta Volkova.<\/p>\n<p>Incluso Etro apost\u00f3 por el talle bajo y con el est\u00f3mago descubierto, mientras que los pantalones cargo aparecieron en Tom Ford y Zimmermann. Puedes apostar que Dua Lipa y el resto de la generaci\u00f3n TikTok se enamorar\u00e1n de cada look de KNWLS, Roberto Cavalli y Dolce &amp; Gabbana. Porque como Tom Ford, citando a Diana Vreeland, lo expres\u00f3 sucintamente en sus notas del programa: \u00abS\u00e9 que es mucho, pero \u00bfes suficiente?\u00bb<\/p>\n<p><img alt=\"\" loading=\"lazy\" decoding=\"async\" class=\"alignnone wp-image-92384 size-full\" src=\"https:\/\/www.cordobatimes.com\/showup\/wp-content\/uploads\/2021\/12\/01-1.jpg\" alt=\"\" width=\"1920\" height=\"1280\" srcset=\"https:\/\/www.cordobatimes.com\/showup\/wp-content\/uploads\/2021\/12\/01-1.jpg 1920w, https:\/\/www.cordobatimes.com\/showup\/wp-content\/uploads\/2021\/12\/01-1-630x420.jpg 630w, https:\/\/www.cordobatimes.com\/showup\/wp-content\/uploads\/2021\/12\/01-1-1024x683.jpg 1024w, https:\/\/www.cordobatimes.com\/showup\/wp-content\/uploads\/2021\/12\/01-1-768x512.jpg 768w, https:\/\/www.cordobatimes.com\/showup\/wp-content\/uploads\/2021\/12\/01-1-1536x1024.jpg 1536w, https:\/\/www.cordobatimes.com\/showup\/wp-content\/uploads\/2021\/12\/01-1-696x464.jpg 696w, https:\/\/www.cordobatimes.com\/showup\/wp-content\/uploads\/2021\/12\/01-1-1068x712.jpg 1068w\" sizes=\"auto, (max-width: 1920px) 100vw, 1920px\" \/><\/p>\n<h3><strong>Tinker, Tailor<\/strong><\/h3>\n<p>\u00bfQuieres buena sastrer\u00eda, as\u00ed como la frescura femenina de llevar una buena falda plisada? Est\u00e1s de suerte. La soluci\u00f3n de moda de la primavera para este reto nos propone:\u00a0una chaqueta estructurada de hombre sobre un vestido elegante.<\/p>\n<p>En Altuzarra, se ve\u00eda particularmente sencillo, en tonos de moras; en Louis Vuitton, las cosas eran un poco m\u00e1s teatrales, pero la premisa estaba igualmente impulsada por la comodidad. Por supuesto, podr\u00edas renunciar al vestido, como ocurri\u00f3 en Saint Laurent, donde Anthony Vaccarello combin\u00f3 la sastrer\u00eda de precisi\u00f3n con medias transparentes. Pero, \u00bfpor qu\u00e9 perder la oportunidad de jugar? Haz como Naomi Campbell en Alexander McQueen, con tul y una chaqueta de smoking, y as\u00ed tendr\u00e1s lo mejor de ambos mundos.<\/p>\n<p><img alt=\"\" loading=\"lazy\" decoding=\"async\" class=\"alignnone size-medium wp-image-92385\" src=\"https:\/\/www.cordobatimes.com\/showup\/wp-content\/uploads\/2021\/12\/02-1-630x420.jpg\" alt=\"\" width=\"630\" height=\"420\" srcset=\"https:\/\/www.cordobatimes.com\/showup\/wp-content\/uploads\/2021\/12\/02-1-630x420.jpg 630w, https:\/\/www.cordobatimes.com\/showup\/wp-content\/uploads\/2021\/12\/02-1-1024x683.jpg 1024w, https:\/\/www.cordobatimes.com\/showup\/wp-content\/uploads\/2021\/12\/02-1-768x512.jpg 768w, https:\/\/www.cordobatimes.com\/showup\/wp-content\/uploads\/2021\/12\/02-1-1536x1024.jpg 1536w, https:\/\/www.cordobatimes.com\/showup\/wp-content\/uploads\/2021\/12\/02-1-696x464.jpg 696w, https:\/\/www.cordobatimes.com\/showup\/wp-content\/uploads\/2021\/12\/02-1-1068x712.jpg 1068w, https:\/\/www.cordobatimes.com\/showup\/wp-content\/uploads\/2021\/12\/02-1.jpg 1920w\" sizes=\"auto, (max-width: 630px) 100vw, 630px\" \/><\/p>\n","protected":false},"excerpt":{"rendered":"<p>\u00a0Tendencias de moda Primavera\/Verano 2022 m\u00e1s importantes que debes conocer en este momento. Micro Mania Justo cuando pensabas que los dobladillos no pod\u00edan ser m\u00e1s cortos, apreci\u00f3 Miuccia Prada con un desfile de Miu Miu que nos dio ganas de cortar con unas tijeras de costura cada una de las faldas en el cl\u00f3set. Estas [&hellip;]<\/p>\n","protected":false},"author":1,"featured_media":92371,"comment_status":"closed","ping_status":"closed","sticky":false,"template":"","format":"standard","meta":{"_seopress_robots_primary_cat":"","_seopress_titles_title":"","_seopress_titles_desc":"","_seopress_robots_index":"","footnotes":""},"categories":[228],"tags":[33949,33695,33948,33950],"class_list":{"0":"post-92370","1":"post","2":"type-post","3":"status-publish","4":"format-standard","5":"has-post-thumbnail","7":"category-moda-y-estilos","8":"tag-moda-2022","9":"tag-tendencias-de-moda-2022","10":"tag-tendencias-de-moda-primavera-verano-2022","11":"tag-verano-2022"},"_links":{"self":[{"href":"https:\/\/www.cordobatimes.com\/showup\/wp-json\/wp\/v2\/posts\/92370","targetHints":{"allow":["GET"]}}],"collection":[{"href":"https:\/\/www.cordobatimes.com\/showup\/wp-json\/wp\/v2\/posts"}],"about":[{"href":"https:\/\/www.cordobatimes.com\/showup\/wp-json\/wp\/v2\/types\/post"}],"author":[{"embeddable":true,"href":"https:\/\/www.cordobatimes.com\/showup\/wp-json\/wp\/v2\/users\/1"}],"replies":[{"embeddable":true,"href":"https:\/\/www.cordobatimes.com\/showup\/wp-json\/wp\/v2\/comments?post=92370"}],"version-history":[{"count":0,"href":"https:\/\/www.cordobatimes.com\/showup\/wp-json\/wp\/v2\/posts\/92370\/revisions"}],"wp:featuredmedia":[{"embeddable":true,"href":"https:\/\/www.cordobatimes.com\/showup\/wp-json\/wp\/v2\/media\/92371"}],"wp:attachment":[{"href":"https:\/\/www.cordobatimes.com\/showup\/wp-json\/wp\/v2\/media?parent=92370"}],"wp:term":[{"taxonomy":"category","embeddable":true,"href":"https:\/\/www.cordobatimes.com\/showup\/wp-json\/wp\/v2\/categories?post=92370"},{"taxonomy":"post_tag","embeddable":true,"href":"https:\/\/www.cordobatimes.com\/showup\/wp-json\/wp\/v2\/tags?post=92370"}],"curies":[{"name":"wp","href":"https:\/\/api.w.org\/{rel}","templated":true}]}}