{"id":92351,"date":"2021-12-14T19:27:43","date_gmt":"2021-12-14T22:27:43","guid":{"rendered":"https:\/\/www.cordobatimes.com\/showup\/?p=92351"},"modified":"2021-12-14T19:27:43","modified_gmt":"2021-12-14T22:27:43","slug":"la-hija-de-dios-discovery-lanzara-docuserie-de-diego-maradona-contada-por-su-hija-dalma","status":"publish","type":"post","link":"https:\/\/www.cordobatimes.com\/showup\/cine-y-series\/2021\/12\/14\/la-hija-de-dios-discovery-lanzara-docuserie-de-diego-maradona-contada-por-su-hija-dalma\/","title":{"rendered":"\u201cLa Hija de Dios\u201d: Discovery lanzar\u00e1 docuserie de Diego Maradona contada por su hija Dalma"},"content":{"rendered":"<h3><strong>El rodaje de la serie se est\u00e1 llevando a cabo en varias de las ciudades en las que vivi\u00f3 Maradona y est\u00e1 previsto que finalice en 2022.<\/strong><\/h3>\n<p>Discovery Latin America \/ US Hispanic anuncia la producci\u00f3n de una serie exclusiva sobre la vida de\u00a0Diego Armando Maradona, basada en el relato in\u00e9dito de su hija Dalma, qui\u00e9n es, adem\u00e1s, productora ejecutiva del documental de tres episodios.<\/p>\n<p>Dalma Maradona se siente impulsada a recorrer la vida de su padre, a quien muchos consideran el mayor futbolista de todos los tiempos, a trav\u00e9s de sus experiencias y en primera persona. \u00bfQui\u00e9n fue el hombre al que todos apodaban \u201cDios\u201d? \u00bfC\u00f3mo fue crecer bajo esa sombra en apariencia todopoderosa? En \u201cLa Hija de Dios\u201d (WT), Dalma se encuentra con personas muy cercanas en la vida del astro y desde su propia mirada construye un perfil humano y personal de su padre.<\/p>\n<p>Con acceso \u00fanico a archivos y an\u00e9cdotas in\u00e9ditas de la familia Maradona, y a trav\u00e9s de momentos nunca antes compartidos, Dalma revela por primera vez sus sentimientos m\u00e1s profundos tras la muerte de su padre mientras rescata el legado del \u00eddolo, tanto en los instantes de alegr\u00eda y gloria como en las situaciones pol\u00e9micas que marcaron su vida.<\/p>\n<p>\u201cEstoy feliz y emocionada con este proyecto\u201d,\u00a0cuenta Dalma Maradona.\u00a0\u201cAgradezco la oportunidad de seguir encontr\u00e1ndome con \u00e9l, con la pasi\u00f3n de la gente por mi padre, descubrir an\u00e9cdotas \u00fanicas y seguir sintiendo vivo su fuego sagrado por la vida, el compromiso por su pa\u00eds, el sentido de justicia, de equipo y deporte. Es un recorrido lleno de amor que me hace entenderlo a\u00fan m\u00e1s\u201d,\u00a0complet\u00f3.<\/p>\n<p>\u201cA trav\u00e9s del relato \u00edntimo de Dalma, esta serie exclusiva de Discovery revive los momentos m\u00e1s importantes en su vida como la hija del m\u00e1s grande futbolista de todos los tiempos\u201d,\u00a0comenta Michela Giorelli, vicepresidenta de producci\u00f3n y desarrollo para Discovery Latin America \/ US Hispanic.\u00a0\u201cCon un acceso sin precedentes a sitios ic\u00f3nicos y a las personas m\u00e1s cercanas a Diego Maradona en diferentes rincones del planeta, sin dudas, cada instante de esta historia estar\u00e1 cargada de profundos sentimientos y emociones\u201d,\u00a0agrega.<\/p>\n<p>Para la realizadora Lorena Mu\u00f1oz,\u00a0\u201cDalma por primera vez nos invita a que la acompa\u00f1emos a recorrer la historia de Diego Maradona y la suya a trav\u00e9s de un relato \u00fanico e in\u00e9dito, desde su propia mirada, la de la hija de Dios\u201d.<\/p>\n<p>\u201cLa Hija de Dios\u201d (WT) cuenta con la direcci\u00f3n de Lorena Mu\u00f1oz, la celebrada realizadora de \u201cGilda, No Me Arrepiento de este Amor\u201d y la producci\u00f3n de Axel Kuschevatzky y Cindy Teperman para Infinity Hill; y Karina Castellano, Helen Roca y Gabriela Galaretto para Nativa, bajo la supervisi\u00f3n de Michela Giorelli, VP de producci\u00f3n y desarrollo para Discovery Latin America \/ US Hispanic.<\/p>\n","protected":false},"excerpt":{"rendered":"<p>El rodaje de la serie se est\u00e1 llevando a cabo en varias de las ciudades en las que vivi\u00f3 Maradona y est\u00e1 previsto que finalice en 2022. Discovery Latin America \/ US Hispanic anuncia la producci\u00f3n de una serie exclusiva sobre la vida de\u00a0Diego Armando Maradona, basada en el relato in\u00e9dito de su hija Dalma, [&hellip;]<\/p>\n","protected":false},"author":1,"featured_media":92352,"comment_status":"closed","ping_status":"closed","sticky":false,"template":"","format":"standard","meta":{"_seopress_robots_primary_cat":"","_seopress_titles_title":"","_seopress_titles_desc":"","_seopress_robots_index":"","footnotes":""},"categories":[3],"tags":[33936,33937],"class_list":{"0":"post-92351","1":"post","2":"type-post","3":"status-publish","4":"format-standard","5":"has-post-thumbnail","7":"category-cine-y-series","8":"tag-docuserie-de-diego-maradona-contada-por-su-hija-dalma","9":"tag-la-hija-de-dios-docuserie-de-diego-maradona"},"_links":{"self":[{"href":"https:\/\/www.cordobatimes.com\/showup\/wp-json\/wp\/v2\/posts\/92351","targetHints":{"allow":["GET"]}}],"collection":[{"href":"https:\/\/www.cordobatimes.com\/showup\/wp-json\/wp\/v2\/posts"}],"about":[{"href":"https:\/\/www.cordobatimes.com\/showup\/wp-json\/wp\/v2\/types\/post"}],"author":[{"embeddable":true,"href":"https:\/\/www.cordobatimes.com\/showup\/wp-json\/wp\/v2\/users\/1"}],"replies":[{"embeddable":true,"href":"https:\/\/www.cordobatimes.com\/showup\/wp-json\/wp\/v2\/comments?post=92351"}],"version-history":[{"count":0,"href":"https:\/\/www.cordobatimes.com\/showup\/wp-json\/wp\/v2\/posts\/92351\/revisions"}],"wp:featuredmedia":[{"embeddable":true,"href":"https:\/\/www.cordobatimes.com\/showup\/wp-json\/wp\/v2\/media\/92352"}],"wp:attachment":[{"href":"https:\/\/www.cordobatimes.com\/showup\/wp-json\/wp\/v2\/media?parent=92351"}],"wp:term":[{"taxonomy":"category","embeddable":true,"href":"https:\/\/www.cordobatimes.com\/showup\/wp-json\/wp\/v2\/categories?post=92351"},{"taxonomy":"post_tag","embeddable":true,"href":"https:\/\/www.cordobatimes.com\/showup\/wp-json\/wp\/v2\/tags?post=92351"}],"curies":[{"name":"wp","href":"https:\/\/api.w.org\/{rel}","templated":true}]}}