{"id":92345,"date":"2021-12-13T19:21:11","date_gmt":"2021-12-13T22:21:11","guid":{"rendered":"https:\/\/www.cordobatimes.com\/showup\/?p=92345"},"modified":"2021-12-13T19:21:11","modified_gmt":"2021-12-13T22:21:11","slug":"lanzaron-el-primer-y-prometedor-trailer-de-animales-fantasticos-3","status":"publish","type":"post","link":"https:\/\/www.cordobatimes.com\/showup\/cine-y-series\/2021\/12\/13\/lanzaron-el-primer-y-prometedor-trailer-de-animales-fantasticos-3\/","title":{"rendered":"Lanzaron el primer y prometedor trailer de \u201cAnimales fant\u00e1sticos 3\u201d"},"content":{"rendered":"<h3><strong>Esta \u00faltima parte se llamar\u00e1 \u201cAnimales Fant\u00e1sticos: los Secretos de Dumbledore\u201d.<\/strong><\/h3>\n<p>Cada vez falta menos para Animales fant\u00e1sticos 3, la tercera parte de esta serie de precuelas de Harry Potter, que arranc\u00f3 en 2016 con Animales fant\u00e1sticos y d\u00f3nde encontrarlos y sigui\u00f3 con Animales fant\u00e1sticos: Los Cr\u00edmenes de Grindelwald (2018).<\/p>\n<p>Esta \u00faltima parte se llamar\u00e1\u00a0Animales Fant\u00e1sticos: los Secretos de Dumbledore\u00a0y tendr\u00e1 a Eddie Redmayne (Newt Scamander) y Jude Law (Albus Dumbledore) como protagonistas junto a Mads Mikkelsen.<\/p>\n<p>David Yates, quien ya dirigi\u00f3 las dos primeras entregas, tambi\u00e9n estar\u00e1 al frente de esta tercera pel\u00edcula que, con guion de J.K. Rowling, llegar\u00e1 a los cines el 15 de julio de 2022.<\/p>\n<p>En este primer tr\u00e1iler que se presenta como muy prometedor para los fan\u00e1ticos. \u201cEl mundo tal como lo conocemos va a terminar. Lo que hoy parece inimaginable, ma\u00f1ana parecer\u00e1 inevitable. Si aceptas hacer lo que te digo, tendr\u00e1s que confiar en m\u00ed, incluso cuando tu instinto te diga que no lo hagas\u201d, le dice Albus Dumbledore al joven Newt Scamander.<\/p>\n<p><iframe loading=\"lazy\" title=\"YouTube video player\" src=\"https:\/\/www.youtube.com\/embed\/yj7qNcq77Jk\" width=\"560\" height=\"315\" frameborder=\"0\" allowfullscreen=\"allowfullscreen\"><\/iframe><\/p>\n","protected":false},"excerpt":{"rendered":"<p>Esta \u00faltima parte se llamar\u00e1 \u201cAnimales Fant\u00e1sticos: los Secretos de Dumbledore\u201d. Cada vez falta menos para Animales fant\u00e1sticos 3, la tercera parte de esta serie de precuelas de Harry Potter, que arranc\u00f3 en 2016 con Animales fant\u00e1sticos y d\u00f3nde encontrarlos y sigui\u00f3 con Animales fant\u00e1sticos: Los Cr\u00edmenes de Grindelwald (2018). Esta \u00faltima parte se llamar\u00e1\u00a0Animales [&hellip;]<\/p>\n","protected":false},"author":1,"featured_media":92346,"comment_status":"closed","ping_status":"closed","sticky":false,"template":"","format":"standard","meta":{"_seopress_robots_primary_cat":"","_seopress_titles_title":"","_seopress_titles_desc":"","_seopress_robots_index":"","footnotes":""},"categories":[3],"tags":[33933,33932],"class_list":{"0":"post-92345","1":"post","2":"type-post","3":"status-publish","4":"format-standard","5":"has-post-thumbnail","7":"category-cine-y-series","8":"tag-animales-fantasticos-los-secretos-de-dumbledore","9":"tag-trailer-de-animales-fantasticos-3"},"_links":{"self":[{"href":"https:\/\/www.cordobatimes.com\/showup\/wp-json\/wp\/v2\/posts\/92345","targetHints":{"allow":["GET"]}}],"collection":[{"href":"https:\/\/www.cordobatimes.com\/showup\/wp-json\/wp\/v2\/posts"}],"about":[{"href":"https:\/\/www.cordobatimes.com\/showup\/wp-json\/wp\/v2\/types\/post"}],"author":[{"embeddable":true,"href":"https:\/\/www.cordobatimes.com\/showup\/wp-json\/wp\/v2\/users\/1"}],"replies":[{"embeddable":true,"href":"https:\/\/www.cordobatimes.com\/showup\/wp-json\/wp\/v2\/comments?post=92345"}],"version-history":[{"count":0,"href":"https:\/\/www.cordobatimes.com\/showup\/wp-json\/wp\/v2\/posts\/92345\/revisions"}],"wp:featuredmedia":[{"embeddable":true,"href":"https:\/\/www.cordobatimes.com\/showup\/wp-json\/wp\/v2\/media\/92346"}],"wp:attachment":[{"href":"https:\/\/www.cordobatimes.com\/showup\/wp-json\/wp\/v2\/media?parent=92345"}],"wp:term":[{"taxonomy":"category","embeddable":true,"href":"https:\/\/www.cordobatimes.com\/showup\/wp-json\/wp\/v2\/categories?post=92345"},{"taxonomy":"post_tag","embeddable":true,"href":"https:\/\/www.cordobatimes.com\/showup\/wp-json\/wp\/v2\/tags?post=92345"}],"curies":[{"name":"wp","href":"https:\/\/api.w.org\/{rel}","templated":true}]}}