{"id":92306,"date":"2021-12-11T10:03:20","date_gmt":"2021-12-11T13:03:20","guid":{"rendered":"https:\/\/www.cordobatimes.com\/showup\/?p=92306"},"modified":"2021-12-11T10:03:20","modified_gmt":"2021-12-11T13:03:20","slug":"por-que-se-celebra-el-11-de-diciembre-el-dia-nacional-del-tango","status":"publish","type":"post","link":"https:\/\/www.cordobatimes.com\/showup\/curiosidades\/2021\/12\/11\/por-que-se-celebra-el-11-de-diciembre-el-dia-nacional-del-tango\/","title":{"rendered":"Por qu\u00e9 se celebra el 11 de Diciembre el D\u00eda Nacional del Tango"},"content":{"rendered":"<h3><strong>Conoc\u00e9 la historia de esta conmemoraci\u00f3n.<\/strong><\/h3>\n<p>Se celebra el D\u00eda Nacional del Tango en la Argentina. Adem\u00e1s de varias efem\u00e9rides, este s\u00e1bado es una jornada especial en nuestro pa\u00eds por esta conmemoraci\u00f3n. Conoc\u00e9 qu\u00e9 importancia tuvo Carlos Gardel para este g\u00e9nero y c\u00f3mo fue qu\u00e9 se eligi\u00f3 este d\u00eda.<\/p>\n<p><img alt=\"\" loading=\"lazy\" decoding=\"async\" class=\"alignnone size-full wp-image-92308\" src=\"https:\/\/www.cordobatimes.com\/showup\/wp-content\/uploads\/2021\/12\/dia-nacional-del-tango_416x234.jpg\" alt=\"\" width=\"416\" height=\"234\" \/><\/p>\n<h3>\u00a0<strong>Por qu\u00e9 se celebra el 11 de diciembre<\/strong><\/h3>\n<p>Este 11 de diciembre se celebra el D\u00eda Nacional del Tango en conmemoraci\u00f3n de los nacimientos de Carlos Gardel y Julio de Caro, quienes fueron dos emblemas de una de las mayores expresiones art\u00edsticas de la cultura argentina.<\/p>\n<h3>\u00a0<strong>\u00bfC\u00f3mo surgi\u00f3 esta conmemoraci\u00f3n?<\/strong><\/h3>\n<p>Esta fecha\u00a0fue propuesta por Mois\u00e9s Smolarchik Brenner, conocido popularmente como Ben Molar, quien\u00a0en 1965 present\u00f3 a la Secretaria de Cultura de la Ciudad de Buenos Aires la propuesta de declarar el 11 de diciembre D\u00eda Nacional del Tango en homenaje a la fecha en la que nacieron Gardel y De Caro.<\/p>\n<h3><strong>\u00bfDesde cu\u00e1ndo se celebra?<\/strong><\/h3>\n<p>Si bien cont\u00f3 con el apoyo de varias instituciones como Radio Rivadavia, la Sociedad Argentina de Autores y Compositores (Sadaic), la Sociedad General de Autores de la Argentina (Argentores) y la Sociedad Argentina de Escritores (SADE), entre otros,\u00a0reci\u00e9n doce a\u00f1os despu\u00e9s fue aprobada la celebraci\u00f3n mediante un Decreto Municipal, el 29 de noviembre de 1977, y Nacional el 19 de diciembre de ese mismo a\u00f1o. Desde entonces, todos los 11 de diciembre se celebra el D\u00eda Nacional del Tango.<\/p>\n","protected":false},"excerpt":{"rendered":"<p>Conoc\u00e9 la historia de esta conmemoraci\u00f3n. Se celebra el D\u00eda Nacional del Tango en la Argentina. Adem\u00e1s de varias efem\u00e9rides, este s\u00e1bado es una jornada especial en nuestro pa\u00eds por esta conmemoraci\u00f3n. Conoc\u00e9 qu\u00e9 importancia tuvo Carlos Gardel para este g\u00e9nero y c\u00f3mo fue qu\u00e9 se eligi\u00f3 este d\u00eda. \u00a0Por qu\u00e9 se celebra el 11 [&hellip;]<\/p>\n","protected":false},"author":1,"featured_media":92307,"comment_status":"closed","ping_status":"closed","sticky":false,"template":"","format":"standard","meta":{"_seopress_robots_primary_cat":"","_seopress_titles_title":"","_seopress_titles_desc":"","_seopress_robots_index":"","footnotes":""},"categories":[8],"tags":[33913,33915,33914],"class_list":{"0":"post-92306","1":"post","2":"type-post","3":"status-publish","4":"format-standard","5":"has-post-thumbnail","7":"category-curiosidades","8":"tag-dia-nacional-del-tango","9":"tag-dia-nacional-del-tango-en-la-argentina","10":"tag-porque-se-celebra-el-dia-del-tango"},"_links":{"self":[{"href":"https:\/\/www.cordobatimes.com\/showup\/wp-json\/wp\/v2\/posts\/92306","targetHints":{"allow":["GET"]}}],"collection":[{"href":"https:\/\/www.cordobatimes.com\/showup\/wp-json\/wp\/v2\/posts"}],"about":[{"href":"https:\/\/www.cordobatimes.com\/showup\/wp-json\/wp\/v2\/types\/post"}],"author":[{"embeddable":true,"href":"https:\/\/www.cordobatimes.com\/showup\/wp-json\/wp\/v2\/users\/1"}],"replies":[{"embeddable":true,"href":"https:\/\/www.cordobatimes.com\/showup\/wp-json\/wp\/v2\/comments?post=92306"}],"version-history":[{"count":0,"href":"https:\/\/www.cordobatimes.com\/showup\/wp-json\/wp\/v2\/posts\/92306\/revisions"}],"wp:featuredmedia":[{"embeddable":true,"href":"https:\/\/www.cordobatimes.com\/showup\/wp-json\/wp\/v2\/media\/92307"}],"wp:attachment":[{"href":"https:\/\/www.cordobatimes.com\/showup\/wp-json\/wp\/v2\/media?parent=92306"}],"wp:term":[{"taxonomy":"category","embeddable":true,"href":"https:\/\/www.cordobatimes.com\/showup\/wp-json\/wp\/v2\/categories?post=92306"},{"taxonomy":"post_tag","embeddable":true,"href":"https:\/\/www.cordobatimes.com\/showup\/wp-json\/wp\/v2\/tags?post=92306"}],"curies":[{"name":"wp","href":"https:\/\/api.w.org\/{rel}","templated":true}]}}