{"id":92271,"date":"2021-12-09T12:39:50","date_gmt":"2021-12-09T15:39:50","guid":{"rendered":"https:\/\/www.cordobatimes.com\/showup\/?p=92271"},"modified":"2021-12-09T12:41:00","modified_gmt":"2021-12-09T15:41:00","slug":"como-es-la-moda-slow-y-vegana","status":"publish","type":"post","link":"https:\/\/www.cordobatimes.com\/showup\/moda-y-estilos\/2021\/12\/09\/como-es-la-moda-slow-y-vegana\/","title":{"rendered":"C\u00f3mo es la moda \u201cslow\u201d y vegana"},"content":{"rendered":"<h3><strong>La post pandemia revaloriza las ra\u00edces y apuesta m\u00e1s que nunca por la sustentabilidad. Materiales nobles y reciclados, claves del nuevo lujo.<\/strong><\/h3>\n<p>En las semanas de la\u00a0moda, esto parece decantar en ciertas\u00a0tendencias fuertes\u00a0que se reiteran en los\u00a0diversos dise\u00f1adores. Mientras en el mundo la mayor impronta la deja el\u00a0regreso del mega lujo, contraste hist\u00f3rico a toda crisis, en Argentina la lectura se inclin\u00f3, sobre todo, por\u00a0la revalorizaci\u00f3n de lo propio. En un pa\u00eds sin tanto margen para la ostentaci\u00f3n,\u00a0el lujo retorn\u00f3 a las bases: la artesan\u00eda y los\u00a0materiales aut\u00f3ctonos y nobles, as\u00ed como el cuidado por\u00a0el medio ambiente\u00a0(tal vez el mayor tesoro en estos tiempos). Todo esto imper\u00f3 en\u00a0las colecciones\u00a0que se presentaron en\u00a0BAFWEEK y Designers BA.<\/p>\n<h3><strong>De tesoros y sustentabilidad<\/strong><\/h3>\n<p>\u201cLa colecci\u00f3n est\u00e1 inspirada en piezas textiles que mi abuela atesoraba, despleg\u00e1ndome el cuestionamiento de qu\u00e9 es aquello que guardamos e invit\u00e1ndome a realizar un homenaje a mi familia\u201d, destaca la dise\u00f1adora Luc\u00eda Chain, de la marca hom\u00f3nima. En sinton\u00eda con el regreso a la esencia, todas las prendas que present\u00f3 poseen adem\u00e1s\u00a0una pieza antigua reciclada\u00a0y un amuleto de plata realizado por la joyera Jimena R\u00edos, evocando al tesoro, la familia, el hogar y lo cotidiano. Es decir, todo lo que se puso de relieve en pandemia. A la vez, cre\u00f3 prendas realizadas en una producci\u00f3n sin descartes,\u00a0libres de pl\u00e1sticos\u00a0e intervenidas artesanalmente con bordados. \u201cSin estaci\u00f3n, sin g\u00e9nero, sin edad, adaptable y oversized\u201d, se presenta la colecci\u00f3n, lanzada en un fashion film.<\/p>\n<p><img alt=\"\" loading=\"lazy\" decoding=\"async\" class=\"alignnone wp-image-92273 size-full\" src=\"https:\/\/www.cordobatimes.com\/showup\/wp-content\/uploads\/2021\/12\/bomparola-1270548.jpg\" alt=\"\" width=\"800\" height=\"1200\" srcset=\"https:\/\/www.cordobatimes.com\/showup\/wp-content\/uploads\/2021\/12\/bomparola-1270548.jpg 800w, https:\/\/www.cordobatimes.com\/showup\/wp-content\/uploads\/2021\/12\/bomparola-1270548-280x420.jpg 280w, https:\/\/www.cordobatimes.com\/showup\/wp-content\/uploads\/2021\/12\/bomparola-1270548-683x1024.jpg 683w, https:\/\/www.cordobatimes.com\/showup\/wp-content\/uploads\/2021\/12\/bomparola-1270548-768x1152.jpg 768w, https:\/\/www.cordobatimes.com\/showup\/wp-content\/uploads\/2021\/12\/bomparola-1270548-696x1044.jpg 696w\" sizes=\"auto, (max-width: 800px) 100vw, 800px\" \/><\/p>\n<p><img alt=\"\" loading=\"lazy\" decoding=\"async\" class=\"alignnone wp-image-92274 size-full\" src=\"https:\/\/www.cordobatimes.com\/showup\/wp-content\/uploads\/2021\/12\/kostume-1270545.jpg\" alt=\"\" width=\"800\" height=\"1200\" srcset=\"https:\/\/www.cordobatimes.com\/showup\/wp-content\/uploads\/2021\/12\/kostume-1270545.jpg 800w, https:\/\/www.cordobatimes.com\/showup\/wp-content\/uploads\/2021\/12\/kostume-1270545-280x420.jpg 280w, https:\/\/www.cordobatimes.com\/showup\/wp-content\/uploads\/2021\/12\/kostume-1270545-683x1024.jpg 683w, https:\/\/www.cordobatimes.com\/showup\/wp-content\/uploads\/2021\/12\/kostume-1270545-768x1152.jpg 768w, https:\/\/www.cordobatimes.com\/showup\/wp-content\/uploads\/2021\/12\/kostume-1270545-696x1044.jpg 696w\" sizes=\"auto, (max-width: 800px) 100vw, 800px\" \/><\/p>\n<p><img alt=\"\" loading=\"lazy\" decoding=\"async\" class=\"alignnone wp-image-92275 size-full\" src=\"https:\/\/www.cordobatimes.com\/showup\/wp-content\/uploads\/2021\/12\/vanesa-krongold-1270547.jpg\" alt=\"\" width=\"900\" height=\"506\" srcset=\"https:\/\/www.cordobatimes.com\/showup\/wp-content\/uploads\/2021\/12\/vanesa-krongold-1270547.jpg 900w, https:\/\/www.cordobatimes.com\/showup\/wp-content\/uploads\/2021\/12\/vanesa-krongold-1270547-747x420.jpg 747w, https:\/\/www.cordobatimes.com\/showup\/wp-content\/uploads\/2021\/12\/vanesa-krongold-1270547-768x432.jpg 768w, https:\/\/www.cordobatimes.com\/showup\/wp-content\/uploads\/2021\/12\/vanesa-krongold-1270547-696x391.jpg 696w\" sizes=\"auto, (max-width: 900px) 100vw, 900px\" \/><\/p>\n<p>Tambi\u00e9n en presentaci\u00f3n con un formato digital, Uzal lanz\u00f3 \u201cBinomio\u201d, apuntando a la noci\u00f3n de lo no-binario y trabajando con el fieltro artesanal, un textil ic\u00f3nico de la marca. A la vez, decidieron innovar con la incorporaci\u00f3n de estampas generadas a trav\u00e9s de la superposici\u00f3n de fibras de lana a contratono en un trabajo 100% manual. Reconocida por su esp\u00edritu sustentable, la pandemia no hizo m\u00e1s que reivindicar su misi\u00f3n: \u201ccuando el mundo cerr\u00f3 sus f\u00e1bricas y se empez\u00f3 a evidenciar c\u00f3mo el medio ambiente iba subsanando ciertos impactos, sent\u00ed una validaci\u00f3n de nuestra b\u00fasqueda, que tiene que ver con el cuidado, con un despertar y con poder comunicar que todav\u00eda no es tan tarde\u201d, detalla Sabrina Rodr\u00edguez Uzal, dise\u00f1adora. As\u00ed, esta colecci\u00f3n acent\u00faa la l\u00ednea de prendas con fibras naturales y una molder\u00eda geom\u00e9trica que permite acercarse cada vez m\u00e1s a la premisa de desperdicio cero en el sistema de producci\u00f3n. \u201cLa elecci\u00f3n de nuestras materialidades siempre tiene que ver con materiales nobles. Buscamos que no existan en el medio m\u00e1s de lo que queramos, que de verdad no constituyan un residuo textil. Y a la vez, el hecho de conseguir materialidades nobles nos llev\u00f3 a buscar procesos que est\u00e9n alineados al respeto a ese material\u201d, detalla Rodr\u00edguez Uzal.<\/p>\n<h3><strong>Tejer redes<\/strong><\/h3>\n<p>\u201cDise\u00f1o arqueol\u00f3gico\u201d. As\u00ed denomin\u00f3 su propuesta Nous Etudions, una de las marcas con mayor proyecci\u00f3n internacional, que lleva cinco a\u00f1os plantando bandera con el \u201cslow fashion\u201d, sin g\u00e9nero y con eje vegano. Bajo esa declaraci\u00f3n de principios present\u00f3 en Designers \u201cOx\u00edmoron\u201d, una colecci\u00f3n con molder\u00edas por encastre, costuras artesanales y formas oversized. La pausa de la pandemia fue el espacio perfecto para llegar al desarrollo de una \u201cbiotecnolog\u00eda ancestral que entrelaza los materiales veganos con pr\u00e1cticas antiqu\u00edsimas de la comunidad wichi\u201d, de all\u00ed la idea de dise\u00f1o arqueol\u00f3gico. A la vez, en este impasse lograron trabajar en colaboraci\u00f3n con otros proveedores para crear un textil que imita al ecocuero pero es verdaderamente biodegradable, el gran pendiente de este producto. \u201cAvanzamos en la reflexi\u00f3n sobre la utilizaci\u00f3n de los materiales y la moda. Creemos en la uni\u00f3n entre lo nuevo y las tradiciones, y esta es una colecci\u00f3n que lleg\u00f3 para quedarse y seguir evolucionando\u201d, sintetiza Romina Cardillo, directora creativa.<\/p>\n<p>En BAFWEEK, en tanto, ciertas marcas y dise\u00f1adores hicieron su propio elogio del pasado. Fue el caso de Rev\u00f3lver, que en un desfile presencial en su local de Palermo revivi\u00f3 a los visitantes de la Mar del Plata de los a\u00f1os &#8217;80. Con materiales 100% algod\u00f3n, mucha raya y denim, apostaron a homenajear los cl\u00e1sicos edificios, monumentos y hasta puestos de comida de la \u00e9poca. A la vez, pusieron de relieve la tendencia \u201ccomfy\u201d que la pandemia tambi\u00e9n dej\u00f3 sobre el tapete, con figuras amplias y materiales que abrazan el cuerpo. Los artistas de la colecci\u00f3n fueron Alan Berry Rhys, Studio Josefa y Fran\u00e7ois Thevenet.<\/p>\n<p><img alt=\"\" loading=\"lazy\" decoding=\"async\" class=\"alignnone wp-image-92276 size-full\" src=\"https:\/\/www.cordobatimes.com\/showup\/wp-content\/uploads\/2021\/12\/nous-etudions-1270551.jpg\" alt=\"\" width=\"800\" height=\"1200\" srcset=\"https:\/\/www.cordobatimes.com\/showup\/wp-content\/uploads\/2021\/12\/nous-etudions-1270551.jpg 800w, https:\/\/www.cordobatimes.com\/showup\/wp-content\/uploads\/2021\/12\/nous-etudions-1270551-280x420.jpg 280w, https:\/\/www.cordobatimes.com\/showup\/wp-content\/uploads\/2021\/12\/nous-etudions-1270551-683x1024.jpg 683w, https:\/\/www.cordobatimes.com\/showup\/wp-content\/uploads\/2021\/12\/nous-etudions-1270551-768x1152.jpg 768w, https:\/\/www.cordobatimes.com\/showup\/wp-content\/uploads\/2021\/12\/nous-etudions-1270551-696x1044.jpg 696w\" sizes=\"auto, (max-width: 800px) 100vw, 800px\" \/><\/p>\n<p>En tanto Vanesa Krongold trajo a colaci\u00f3n una explosi\u00f3n de colores. Celebrando los 10 a\u00f1os de su firma, present\u00f3 \u201cConstrucci\u00f3n Amor\u201d en La Casa Walsh, un centro cultural donde adem\u00e1s tiene su atelier. La propuesta tendi\u00f3 puentes entre pasado y futuro: textiles de \u00faltima tecnolog\u00eda se combinaron con telas halladas y vintage para un collage muy \u00fanico y personal. Lo artesanal y lo digital se dieron la mano en uno de los desfiles m\u00e1s llamativos de esta semana de la moda, con la colaboraci\u00f3n art\u00edstica de Pablo Resoalbe, para crear una atm\u00f3sfera postapocal\u00edptica.<\/p>\n<h2><strong>Razones de peso<\/strong><\/h2>\n<p>\u201cSi bien la conciencia ambiental, social y la digitalizaci\u00f3n del retail no son temas nuevos en la agenda de la moda, esta pandemia ha dado lugar a la aceleraci\u00f3n de m\u00faltiples procesos asociados\u201d, sostiene el especialista en moda Mat\u00edas Tortello. As\u00ed, el cambio que ven\u00eda impulsado especialmente por las nuevas generaciones y la tecnolog\u00eda se consagr\u00f3 con este nuevo orden sanitario, que evidenci\u00f3 la necesidad de cambiar cantidad por calidad. Y es que los consumidores finalmente lo demandan: seg\u00fan un informe de la Sustainable Apparel Coalition, una alianza internacional con m\u00e1s de 250 empresas e instituciones de la moda, se ha detectado una demanda creciente de piezas sustentables, confeccionadas bajo t\u00e9rminos \u00e9ticos y justos. \u201cLas marcas que m\u00e1s est\u00e1n vendiendo son las que muestran alg\u00fan tipo de compromiso social: desde donar parte de sus ganancias a sectores vulnerables a priorizar la preservaci\u00f3n del medio ambiente\u201d, describe el experto.<\/p>\n<p>Por eso, hoy la elecci\u00f3n de una prenda no solo nos representa est\u00e9ticamente, tambi\u00e9n da cuenta de nuestros valores. Y seg\u00fan Tortello, este cambio de paradigma va de la mano de esta revalorizaci\u00f3n del saber-hacer aut\u00f3ctono o regional. A la vez, el \u201cupcycling\u201d, la idea de reutilizar materiales para dar nueva vida a las prendas, fue el recurso ideal en tiempos de aislamiento. \u201cOtrora ajeno a la noci\u00f3n t\u00edpica de lujo, revirti\u00f3 su connotaci\u00f3n aline\u00e1ndose con la idea de algo \u00fanico, irrepetible, sustentable y hecho a conciencia\u201d. Sucedi\u00f3 aqu\u00ed y en el exterior: nombres como Proenza Schouler, Dolce &amp; Gabbana y Balenciaga lo acreditan. Todas iniciativas que demostraron que es posible generar algo novedoso y exclusivo sin caer en la superproducci\u00f3n \u201cy abogando por un modelo de moda m\u00e1s sostenible y circular\u201d.<\/p>\n<p>&nbsp;<\/p>\n<p>&nbsp;<\/p>\n<p>&nbsp;<\/p>\n<p>&nbsp;<\/p>\n<p>&nbsp;<\/p>\n<p>&nbsp;<\/p>\n<p>&nbsp;<\/p>\n<p>&nbsp;<\/p>\n<p>&nbsp;<\/p>\n<p>&nbsp;<\/p>\n<p>&nbsp;<\/p>\n<p>&nbsp;<\/p>\n<p>&nbsp;<\/p>\n<p>&nbsp;<\/p>\n<p>&nbsp;<\/p>\n<p>&nbsp;<\/p>\n<p>&nbsp;<\/p>\n<p>&nbsp;<\/p>\n<p>&nbsp;<\/p>\n<p>&nbsp;<\/p>\n<p>&nbsp;<\/p>\n<p>&nbsp;<\/p>\n<p>&nbsp;<\/p>\n<p>&nbsp;<\/p>\n<p>&nbsp;<\/p>\n<p>&nbsp;<\/p>\n<p>&nbsp;<\/p>\n<p>&nbsp;<\/p>\n<p>&nbsp;<\/p>\n<p>&nbsp;<\/p>\n<p>&nbsp;<\/p>\n<p>&nbsp;<\/p>\n<p>&nbsp;<\/p>\n<p>&nbsp;<\/p>\n<p>&nbsp;<\/p>\n<p>&nbsp;<\/p>\n<p>&nbsp;<\/p>\n<p>&nbsp;<\/p>\n<p>&nbsp;<\/p>\n<p>&nbsp;<\/p>\n<p>&nbsp;<\/p>\n<p>&nbsp;<\/p>\n<p>&nbsp;<\/p>\n<p>&nbsp;<\/p>\n<p>&nbsp;<\/p>\n<p>&nbsp;<\/p>\n<p>&nbsp;<\/p>\n<p>&nbsp;<\/p>\n<p>&nbsp;<\/p>\n<p>&nbsp;<\/p>\n<p>&nbsp;<\/p>\n<p>&nbsp;<\/p>\n<p>&nbsp;<\/p>\n<p>&nbsp;<\/p>\n<p>&nbsp;<\/p>\n<p>&nbsp;<\/p>\n<p>&nbsp;<\/p>\n<p>&nbsp;<\/p>\n<p>&nbsp;<\/p>\n<p>&nbsp;<\/p>\n<p>&nbsp;<\/p>\n<p>&nbsp;<\/p>\n<p>&nbsp;<\/p>\n<p>&nbsp;<\/p>\n<p>&nbsp;<\/p>\n<p>&nbsp;<\/p>\n<p>&nbsp;<\/p>\n<p>&nbsp;<\/p>\n<p>&nbsp;<\/p>\n<p>&nbsp;<\/p>\n<p>&nbsp;<\/p>\n<p>&nbsp;<\/p>\n<p>&nbsp;<\/p>\n<p>&nbsp;<\/p>\n<p>&nbsp;<\/p>\n<p>&nbsp;<\/p>\n<p>&nbsp;<\/p>\n<p>&nbsp;<\/p>\n<p>&nbsp;<\/p>\n<p>&nbsp;<\/p>\n<p>&nbsp;<\/p>\n<p>&nbsp;<\/p>\n<p>&nbsp;<\/p>\n<p>&nbsp;<\/p>\n<p>&nbsp;<\/p>\n<p>&nbsp;<\/p>\n<p>&nbsp;<\/p>\n<p>&nbsp;<\/p>\n<p>&nbsp;<\/p>\n<p>&nbsp;<\/p>\n<p>&nbsp;<\/p>\n<p>&nbsp;<\/p>\n<p>&nbsp;<\/p>\n<p>&nbsp;<\/p>\n<p>&nbsp;<\/p>\n<p>&nbsp;<\/p>\n<p>&nbsp;<\/p>\n<p>&nbsp;<\/p>\n<p>&nbsp;<\/p>\n<p>&nbsp;<\/p>\n<p>&nbsp;<\/p>\n<p>&nbsp;<\/p>\n<p>&nbsp;<\/p>\n<p>&nbsp;<\/p>\n<p>&nbsp;<\/p>\n<p>&nbsp;<\/p>\n<p>&nbsp;<\/p>\n<p>&nbsp;<\/p>\n<p>&nbsp;<\/p>\n<p>&nbsp;<\/p>\n<p>&nbsp;<\/p>\n<p>&nbsp;<\/p>\n<p>&nbsp;<\/p>\n<p>&nbsp;<\/p>\n<p>&nbsp;<\/p>\n<p>&nbsp;<\/p>\n<p>&nbsp;<\/p>\n<p>&nbsp;<\/p>\n<p>&nbsp;<\/p>\n<p>&nbsp;<\/p>\n<p>&nbsp;<\/p>\n<p>&nbsp;<\/p>\n<p>&nbsp;<\/p>\n","protected":false},"excerpt":{"rendered":"<p>La post pandemia revaloriza las ra\u00edces y apuesta m\u00e1s que nunca por la sustentabilidad. Materiales nobles y reciclados, claves del nuevo lujo. En las semanas de la\u00a0moda, esto parece decantar en ciertas\u00a0tendencias fuertes\u00a0que se reiteran en los\u00a0diversos dise\u00f1adores. Mientras en el mundo la mayor impronta la deja el\u00a0regreso del mega lujo, contraste hist\u00f3rico a toda [&hellip;]<\/p>\n","protected":false},"author":1,"featured_media":92272,"comment_status":"closed","ping_status":"closed","sticky":false,"template":"","format":"standard","meta":{"_seopress_robots_primary_cat":"","_seopress_titles_title":"","_seopress_titles_desc":"","_seopress_robots_index":"","footnotes":""},"categories":[228],"tags":[33892,33891],"class_list":{"0":"post-92271","1":"post","2":"type-post","3":"status-publish","4":"format-standard","5":"has-post-thumbnail","7":"category-moda-y-estilos","8":"tag-de-que-se-trata-la-moda-slow-y-vegana","9":"tag-moda-slow-y-vegana"},"_links":{"self":[{"href":"https:\/\/www.cordobatimes.com\/showup\/wp-json\/wp\/v2\/posts\/92271","targetHints":{"allow":["GET"]}}],"collection":[{"href":"https:\/\/www.cordobatimes.com\/showup\/wp-json\/wp\/v2\/posts"}],"about":[{"href":"https:\/\/www.cordobatimes.com\/showup\/wp-json\/wp\/v2\/types\/post"}],"author":[{"embeddable":true,"href":"https:\/\/www.cordobatimes.com\/showup\/wp-json\/wp\/v2\/users\/1"}],"replies":[{"embeddable":true,"href":"https:\/\/www.cordobatimes.com\/showup\/wp-json\/wp\/v2\/comments?post=92271"}],"version-history":[{"count":0,"href":"https:\/\/www.cordobatimes.com\/showup\/wp-json\/wp\/v2\/posts\/92271\/revisions"}],"wp:featuredmedia":[{"embeddable":true,"href":"https:\/\/www.cordobatimes.com\/showup\/wp-json\/wp\/v2\/media\/92272"}],"wp:attachment":[{"href":"https:\/\/www.cordobatimes.com\/showup\/wp-json\/wp\/v2\/media?parent=92271"}],"wp:term":[{"taxonomy":"category","embeddable":true,"href":"https:\/\/www.cordobatimes.com\/showup\/wp-json\/wp\/v2\/categories?post=92271"},{"taxonomy":"post_tag","embeddable":true,"href":"https:\/\/www.cordobatimes.com\/showup\/wp-json\/wp\/v2\/tags?post=92271"}],"curies":[{"name":"wp","href":"https:\/\/api.w.org\/{rel}","templated":true}]}}