{"id":92253,"date":"2021-12-03T12:44:17","date_gmt":"2021-12-03T15:44:17","guid":{"rendered":"https:\/\/www.cordobatimes.com\/showup\/?p=92253"},"modified":"2021-12-03T12:44:17","modified_gmt":"2021-12-03T15:44:17","slug":"el-paso-que-daran-flor-vigna-y-luciano-castro-en-su-relacion","status":"publish","type":"post","link":"https:\/\/www.cordobatimes.com\/showup\/famosos\/2021\/12\/03\/el-paso-que-daran-flor-vigna-y-luciano-castro-en-su-relacion\/","title":{"rendered":"El paso que dar\u00e1n Flor Vigna y Luciano Castro en su relaci\u00f3n"},"content":{"rendered":"<h3><strong>La bailarina y el actor apuestan a un nuevo desaf\u00edo a poco de comenzar su noviazgo<\/strong><\/h3>\n<p>Flor Vigna y Luciano Castro\u00a0est\u00e1n disfrutando plenamente su romance. A pesar de que comenzaron su noviazgo hace unos meses, la bailarina y el actor decidieron dar un paso importante en la relaci\u00f3n que cada vez est\u00e1 m\u00e1s consolidada. Al parecer quieren pasar m\u00e1s tiempo juntos.<\/p>\n<p>\u201c\u00bfPuede haber convivencia con Luciano?\u201d, le pregunt\u00f3 un periodista de\u00a0Paparazzi\u00a0a la cantante que intent\u00f3 evadir la pregunta y contest\u00f3:\u00a0\u201cNos queremos mucho\u201d.\u00a0Luego de que siguieron insistiendo, finalmente ella anunci\u00f3 que s\u00ed, que\u00a0planean irse a vivir juntos antes de que termine el a\u00f1o.<\/p>\n","protected":false},"excerpt":{"rendered":"<p>La bailarina y el actor apuestan a un nuevo desaf\u00edo a poco de comenzar su noviazgo Flor Vigna y Luciano Castro\u00a0est\u00e1n disfrutando plenamente su romance. A pesar de que comenzaron su noviazgo hace unos meses, la bailarina y el actor decidieron dar un paso importante en la relaci\u00f3n que cada vez est\u00e1 m\u00e1s consolidada. Al [&hellip;]<\/p>\n","protected":false},"author":1,"featured_media":92254,"comment_status":"closed","ping_status":"closed","sticky":false,"template":"","format":"standard","meta":{"_seopress_robots_primary_cat":"","_seopress_titles_title":"","_seopress_titles_desc":"","_seopress_robots_index":"","footnotes":""},"categories":[4],"tags":[33543,33881],"class_list":{"0":"post-92253","1":"post","2":"type-post","3":"status-publish","4":"format-standard","5":"has-post-thumbnail","7":"category-famosos","8":"tag-flor-vigna-y-luciano-castro","9":"tag-flor-vigna-y-luciano-castro-convivencia"},"_links":{"self":[{"href":"https:\/\/www.cordobatimes.com\/showup\/wp-json\/wp\/v2\/posts\/92253","targetHints":{"allow":["GET"]}}],"collection":[{"href":"https:\/\/www.cordobatimes.com\/showup\/wp-json\/wp\/v2\/posts"}],"about":[{"href":"https:\/\/www.cordobatimes.com\/showup\/wp-json\/wp\/v2\/types\/post"}],"author":[{"embeddable":true,"href":"https:\/\/www.cordobatimes.com\/showup\/wp-json\/wp\/v2\/users\/1"}],"replies":[{"embeddable":true,"href":"https:\/\/www.cordobatimes.com\/showup\/wp-json\/wp\/v2\/comments?post=92253"}],"version-history":[{"count":0,"href":"https:\/\/www.cordobatimes.com\/showup\/wp-json\/wp\/v2\/posts\/92253\/revisions"}],"wp:featuredmedia":[{"embeddable":true,"href":"https:\/\/www.cordobatimes.com\/showup\/wp-json\/wp\/v2\/media\/92254"}],"wp:attachment":[{"href":"https:\/\/www.cordobatimes.com\/showup\/wp-json\/wp\/v2\/media?parent=92253"}],"wp:term":[{"taxonomy":"category","embeddable":true,"href":"https:\/\/www.cordobatimes.com\/showup\/wp-json\/wp\/v2\/categories?post=92253"},{"taxonomy":"post_tag","embeddable":true,"href":"https:\/\/www.cordobatimes.com\/showup\/wp-json\/wp\/v2\/tags?post=92253"}],"curies":[{"name":"wp","href":"https:\/\/api.w.org\/{rel}","templated":true}]}}