{"id":92246,"date":"2021-12-03T11:56:55","date_gmt":"2021-12-03T14:56:55","guid":{"rendered":"https:\/\/www.cordobatimes.com\/showup\/?p=92246"},"modified":"2021-12-03T11:56:55","modified_gmt":"2021-12-03T14:56:55","slug":"rubiusx-el-documental-que-repasa-los-10-anos-de-elrubius","status":"publish","type":"post","link":"https:\/\/www.cordobatimes.com\/showup\/influencers\/2021\/12\/03\/rubiusx-el-documental-que-repasa-los-10-anos-de-elrubius\/","title":{"rendered":"&#8216;RubiusX&#8217;, el documental que repasa los 10 a\u00f1os de ElRubius"},"content":{"rendered":"<h3><strong>Ha sido presentado este jueves\u00a0 por el creador de contenido y se estrenar\u00e1 a principios del 2022<\/strong><\/h3>\n<p>Lleva una d\u00e9cada entre nosotros, en Youtube, Twitch, en las redes sociales\u00a0o en la publicidad del medio del que reniegan cientos de miles de j\u00f3venes, la televisi\u00f3n.<\/p>\n<p>Rub\u00e9n Doblas, m\u00e1s conocido como Rubius,\u00a0cumple 10 a\u00f1os desde que subiera su primer v\u00eddeo a Youtube\u00a0y el resto de las vidas de millones de chicos y chicas que buscaban algo nuevo, cambiara para siempre. Se habr\u00eda creado un monstruo,\u00a0venido desde el norte y adorador de los gatos gordos y del anime.<\/p>\n<p>Cientos de miles de chavales\u00a0se sintieron identificados al momento\u00a0con aquel chico que compart\u00eda sus inquietudes, sus gameplays su pasi\u00f3n por aquello que \u00abestaba mal visto\u00bb en el recreo del cole.\u00a0Ahora ser friki molaba m\u00e1s que nunca.<\/p>\n<p>Por todo ello,\u00a0Rubius es uno de los creadores de contenido m\u00e1s importantes de habla hispana\u00a0y ha traspasado todas las fronteras y\u00a0desde la agencia que le representa, Vizz y la productora digital, Noob Studios,\u00a0han lanzado\u00a0un documental donde se recogen estos 10 a\u00f1os de carrera, \u00abRubius X\u00bb, que se estrenar\u00e1 a principio del a\u00f1o que viene en Amazon Prime.<\/p>\n<blockquote class=\"twitter-tweet\">\n<p dir=\"ltr\" lang=\"es\">lo que m\u00e1s me raya es la X, QU\u00c9 SIGNIFICA LA X??? <a href=\"https:\/\/twitter.com\/hashtag\/RubiusX?src=hash&amp;ref_src=twsrc%5Etfw\">#RubiusX<\/a> <a href=\"https:\/\/t.co\/zfFG6u7G42\">pic.twitter.com\/zfFG6u7G42<\/a><\/p>\n<p>\u2014 Prime Video Espa\u00f1a (@PrimeVideoES) <a href=\"https:\/\/twitter.com\/PrimeVideoES\/status\/1466500473318428673?ref_src=twsrc%5Etfw\">December 2, 2021<\/a><\/p><\/blockquote>\n<p><script async src=\"https:\/\/platform.twitter.com\/widgets.js\" charset=\"utf-8\"><\/script><\/p>\n<h3><strong>La creaci\u00f3n de una nueva industria<\/strong><\/h3>\n<p>El documental cuenta la historia de c\u00f3mo unos j\u00f3venes, sin m\u00e1s pretensi\u00f3n que la de pas\u00e1rselo bien, construyeron una nueva industria sin darse cuenta, y c\u00f3mo \u00e9sta ha evolucionado en estos \u00faltimos 10 a\u00f1os. La producci\u00f3n visitar\u00e1 con \u00e9l algunos de los lugares que han definido su vida como creador de contenido, reviviendo grandes momentos y contando la parte de Rubius menos conocida que le han llevado a ser el s\u00edmbolo de una generaci\u00f3n.<\/p>\n","protected":false},"excerpt":{"rendered":"<p>Ha sido presentado este jueves\u00a0 por el creador de contenido y se estrenar\u00e1 a principios del 2022 Lleva una d\u00e9cada entre nosotros, en Youtube, Twitch, en las redes sociales\u00a0o en la publicidad del medio del que reniegan cientos de miles de j\u00f3venes, la televisi\u00f3n. Rub\u00e9n Doblas, m\u00e1s conocido como Rubius,\u00a0cumple 10 a\u00f1os desde que subiera [&hellip;]<\/p>\n","protected":false},"author":1,"featured_media":92247,"comment_status":"closed","ping_status":"closed","sticky":false,"template":"","format":"standard","meta":{"_seopress_robots_primary_cat":"","_seopress_titles_title":"","_seopress_titles_desc":"","_seopress_robots_index":"","footnotes":""},"categories":[23136],"tags":[33877,33878],"class_list":{"0":"post-92246","1":"post","2":"type-post","3":"status-publish","4":"format-standard","5":"has-post-thumbnail","7":"category-influencers","8":"tag-rubiusx-el-documental","9":"tag-10-anos-de-elrubius"},"_links":{"self":[{"href":"https:\/\/www.cordobatimes.com\/showup\/wp-json\/wp\/v2\/posts\/92246","targetHints":{"allow":["GET"]}}],"collection":[{"href":"https:\/\/www.cordobatimes.com\/showup\/wp-json\/wp\/v2\/posts"}],"about":[{"href":"https:\/\/www.cordobatimes.com\/showup\/wp-json\/wp\/v2\/types\/post"}],"author":[{"embeddable":true,"href":"https:\/\/www.cordobatimes.com\/showup\/wp-json\/wp\/v2\/users\/1"}],"replies":[{"embeddable":true,"href":"https:\/\/www.cordobatimes.com\/showup\/wp-json\/wp\/v2\/comments?post=92246"}],"version-history":[{"count":0,"href":"https:\/\/www.cordobatimes.com\/showup\/wp-json\/wp\/v2\/posts\/92246\/revisions"}],"wp:featuredmedia":[{"embeddable":true,"href":"https:\/\/www.cordobatimes.com\/showup\/wp-json\/wp\/v2\/media\/92247"}],"wp:attachment":[{"href":"https:\/\/www.cordobatimes.com\/showup\/wp-json\/wp\/v2\/media?parent=92246"}],"wp:term":[{"taxonomy":"category","embeddable":true,"href":"https:\/\/www.cordobatimes.com\/showup\/wp-json\/wp\/v2\/categories?post=92246"},{"taxonomy":"post_tag","embeddable":true,"href":"https:\/\/www.cordobatimes.com\/showup\/wp-json\/wp\/v2\/tags?post=92246"}],"curies":[{"name":"wp","href":"https:\/\/api.w.org\/{rel}","templated":true}]}}