{"id":92114,"date":"2021-11-17T19:00:33","date_gmt":"2021-11-17T22:00:33","guid":{"rendered":"https:\/\/www.cordobatimes.com\/showup\/?p=92114"},"modified":"2021-11-17T19:00:33","modified_gmt":"2021-11-17T22:00:33","slug":"la-china-suarez-y-alvaro-morte-juntos-en-argentina-en-plena-filmacion-de-objetos","status":"publish","type":"post","link":"https:\/\/www.cordobatimes.com\/showup\/famosos\/2021\/11\/17\/la-china-suarez-y-alvaro-morte-juntos-en-argentina-en-plena-filmacion-de-objetos\/","title":{"rendered":"La china Su\u00e1rez y \u00c1lvaro Morte, juntos en Argentina en plena filmaci\u00f3n de \u201cObjetos\u201d"},"content":{"rendered":"<h3><strong>Luego de filmar un mes en Madrid la acci\u00f3n se traslad\u00f3 a Suram\u00e9rica. Se trata de una coproducci\u00f3n entre Espa\u00f1a, Argentina y Alemania.<\/strong><\/h3>\n<p>La actriz argentina Mar\u00eda Eugenia Su\u00e1rez y el actor espa\u00f1ol \u00c1lvaro Morte (\u2019El profesor\u2019 de\u00a0La casa de papel) se encuentran en la provincia de Jujuy filmando escenas del filme que protagonizan juntos llamado\u00a0Objetos. Luego de estar un mes en Espa\u00f1a, actualmente se encuentran en Humahuaca para grabar algunas partes de esta pel\u00edcula que los une.<\/p>\n<p>En medio del esc\u00e1ndalo que tuvo como protagonista a Su\u00e1rez, Wanda Nara y su marido Mauro Icardi, la actriz decidi\u00f3 refugiarse en su familia y en el trabajo que la posiciona como una posible int\u00e9rprete con vuelo internacional. Morte por su parte, logr\u00f3 ampliar sus proyectos laborales luego del \u00e9xito que implic\u00f3 darle vida a \u2018El profesor\u2019 en\u00a0La casa de papel. Lo veremos pr\u00f3ximamente en las series de Amazon\u00a0The Wheel of Time\u00a0y\u00a0Sin l\u00edmites,\u00a0dando vida al navegante espa\u00f1ol Sebasti\u00e1n Elcano.<\/p>\n<p>Seg\u00fan el diario Somos Jujuy, en la tarde de este lunes, Morte (que arrib\u00f3 a la provincia norte\u00f1a el domingo por la noche) comenz\u00f3 a grabar escenas en la plaza central de Humahuaca. Mientras tanto su compa\u00f1era de elenco, \u2018la China\u2019 Su\u00e1rez, est\u00e1 alojada con sus hijos en Huacalera (localidad cercana a Humahuaca) esperando para que comiencen sus escenas.<\/p>\n<p><img alt=\"\" loading=\"lazy\" decoding=\"async\" class=\"alignnone size-medium wp-image-92116\" src=\"https:\/\/www.cordobatimes.com\/showup\/wp-content\/uploads\/2021\/11\/alvaro-morte-750x406.jpg\" alt=\"\" width=\"750\" height=\"406\" srcset=\"https:\/\/www.cordobatimes.com\/showup\/wp-content\/uploads\/2021\/11\/alvaro-morte-750x406.jpg 750w, https:\/\/www.cordobatimes.com\/showup\/wp-content\/uploads\/2021\/11\/alvaro-morte-760x412.jpg 760w, https:\/\/www.cordobatimes.com\/showup\/wp-content\/uploads\/2021\/11\/alvaro-morte-768x416.jpg 768w, https:\/\/www.cordobatimes.com\/showup\/wp-content\/uploads\/2021\/11\/alvaro-morte-696x377.jpg 696w, https:\/\/www.cordobatimes.com\/showup\/wp-content\/uploads\/2021\/11\/alvaro-morte-775x420.jpg 775w, https:\/\/www.cordobatimes.com\/showup\/wp-content\/uploads\/2021\/11\/alvaro-morte.jpg 932w\" sizes=\"auto, (max-width: 750px) 100vw, 750px\" \/><\/p>\n<p>Este Lunes a \u00faltima hora de la noche, la actriz argentina poste\u00f3 una serie de fotos y videos en su cuenta de Instagram en las que realiz\u00f3 una rese\u00f1a de su estad\u00eda en Jujuy mientras trabaja y disfruta con sus hijos: \u201cJujuy y alguna fibra que toc\u00f3 en m\u00ed. Su m\u00fasica, sus colores, su energ\u00eda. Volv\u00ed a mi infancia en una noche. Colmada de recuerdos, im\u00e1genes de mi pap\u00e1 y mi t\u00edo masticando coca y escuchando folclore en el living de mi casa. Una noche con mis hijos comiendo humitas y empanadas, escuchando m\u00fasica y entendiendo que nunca necesit\u00e9 m\u00e1s que eso para ser feliz\u201d.<\/p>\n<p>Objetos\u00a0(dirigida por Jorge Dorado, nominado tres veces al Goya y director de la gran serie\u00a0El ministerio del tiempo) se enmarca en la categor\u00eda de thriller con caracter\u00edsticas de\u00a0film noir,\u00a0protagonizado por Su\u00e1rez y Morte, y acompa\u00f1ados en el elenco por\u00a0Ver\u00f3nica Echegui, Daniel Ar\u00e1oz, Andy Gorostiaga, Maitane San Nicol\u00e1s y Zorion Eguileor.\u00a0Dorado adapt\u00f3 el guion de Natxo L\u00f3pez, creador de\u00a0Perdida.<\/p>\n<p><img alt=\"\" loading=\"lazy\" decoding=\"async\" class=\"alignnone size-medium wp-image-92117\" src=\"https:\/\/www.cordobatimes.com\/showup\/wp-content\/uploads\/2021\/11\/china-y-alvaro-750x414.jpg\" alt=\"\" width=\"750\" height=\"414\" srcset=\"https:\/\/www.cordobatimes.com\/showup\/wp-content\/uploads\/2021\/11\/china-y-alvaro-750x414.jpg 750w, https:\/\/www.cordobatimes.com\/showup\/wp-content\/uploads\/2021\/11\/china-y-alvaro-760x420.jpg 760w, https:\/\/www.cordobatimes.com\/showup\/wp-content\/uploads\/2021\/11\/china-y-alvaro-768x424.jpg 768w, https:\/\/www.cordobatimes.com\/showup\/wp-content\/uploads\/2021\/11\/china-y-alvaro-696x385.jpg 696w, https:\/\/www.cordobatimes.com\/showup\/wp-content\/uploads\/2021\/11\/china-y-alvaro-761x420.jpg 761w, https:\/\/www.cordobatimes.com\/showup\/wp-content\/uploads\/2021\/11\/china-y-alvaro.jpg 946w\" sizes=\"auto, (max-width: 750px) 100vw, 750px\" \/><\/p>\n<p>Morte es Mario,\u00a0un hombre que trabaja en un gran almac\u00e9n de objetos perdidos que se convirti\u00f3 de alguna manera en un custodio de estas cosas que acumul\u00f3 durante muchos a\u00f1os.\u00a0As\u00ed va a ir investigando la procedencia de estos objetos con el fin de poder devolverlos a sus due\u00f1os originales.<\/p>\n<p>La llegada al almac\u00e9n de Helena, una joven polic\u00eda, va a cambiar la vida de este hombre un tanto ermita\u00f1o. Y es que un d\u00eda llega con\u00a0una maleta rescatada del fondo del r\u00edo que contiene ropa de beb\u00e9 junto con restos humanos.\u00a0As\u00ed Mario comenzar\u00e1 a investigar por su cuenta hasta llegar a conectarse con Sara, una joven atrapada desde ni\u00f1a en una organizaci\u00f3n de tr\u00e1fico de personas, que son tratadas como objetos. De all\u00ed su nombre.<\/p>\n<p>Objetos\u00a0es una coproducci\u00f3n entre Espa\u00f1a, Argentina y Alemania, con la participaci\u00f3n de RTVE, Amazon Studios, ZDF y la financiaci\u00f3n del Gobierno de Espa\u00f1a \u2013 ICAA, INCAA, Comunidad de Madrid, ICO y CREA SGR. Todav\u00eda no tiene fecha de estreno pero se estima que ser\u00e1 el a\u00f1o que viene.<\/p>\n<p>La cinta es una producci\u00f3n de Tandem Films\u00a0(la compa\u00f1\u00eda de Pablo Bossi y Cristina Zum\u00e1rraga, responsable de t\u00edtulos como la multipremiada\u00a0La boda de Rosa\u00a0y la ganadora del Goya de animaci\u00f3n,\u00a0La gallina Turuleca). Adem\u00e1s, cuenta con la coproducci\u00f3n de Setembro Cine (creadores de\u00a0Neruda\u00a0y la pel\u00edcula chilena\u00a0Una mujer fant\u00e1stica), La Maleta Perdida A.I.E., desde Espa\u00f1a, las argentinas Pampa Films (Un cuento Chino,\u00a0Nieve Negra,\u00a0Limbo) e In Post We Trust, y finalmente, la alemana Rexin Film (Grain,\u00a0Lamb).<\/p>\n","protected":false},"excerpt":{"rendered":"<p>Luego de filmar un mes en Madrid la acci\u00f3n se traslad\u00f3 a Suram\u00e9rica. Se trata de una coproducci\u00f3n entre Espa\u00f1a, Argentina y Alemania. La actriz argentina Mar\u00eda Eugenia Su\u00e1rez y el actor espa\u00f1ol \u00c1lvaro Morte (\u2019El profesor\u2019 de\u00a0La casa de papel) se encuentran en la provincia de Jujuy filmando escenas del filme que protagonizan juntos [&hellip;]<\/p>\n","protected":false},"author":1,"featured_media":92115,"comment_status":"closed","ping_status":"closed","sticky":false,"template":"","format":"standard","meta":{"_seopress_robots_primary_cat":"","_seopress_titles_title":"","_seopress_titles_desc":"","_seopress_robots_index":"","footnotes":""},"categories":[4],"tags":[33811,33812,33813],"class_list":{"0":"post-92114","1":"post","2":"type-post","3":"status-publish","4":"format-standard","5":"has-post-thumbnail","7":"category-famosos","8":"tag-china-suarez-y-alvaro-morte","9":"tag-china-suarez-y-alvaro-morte-objetos","10":"tag-mario-y-helena"},"_links":{"self":[{"href":"https:\/\/www.cordobatimes.com\/showup\/wp-json\/wp\/v2\/posts\/92114","targetHints":{"allow":["GET"]}}],"collection":[{"href":"https:\/\/www.cordobatimes.com\/showup\/wp-json\/wp\/v2\/posts"}],"about":[{"href":"https:\/\/www.cordobatimes.com\/showup\/wp-json\/wp\/v2\/types\/post"}],"author":[{"embeddable":true,"href":"https:\/\/www.cordobatimes.com\/showup\/wp-json\/wp\/v2\/users\/1"}],"replies":[{"embeddable":true,"href":"https:\/\/www.cordobatimes.com\/showup\/wp-json\/wp\/v2\/comments?post=92114"}],"version-history":[{"count":0,"href":"https:\/\/www.cordobatimes.com\/showup\/wp-json\/wp\/v2\/posts\/92114\/revisions"}],"wp:featuredmedia":[{"embeddable":true,"href":"https:\/\/www.cordobatimes.com\/showup\/wp-json\/wp\/v2\/media\/92115"}],"wp:attachment":[{"href":"https:\/\/www.cordobatimes.com\/showup\/wp-json\/wp\/v2\/media?parent=92114"}],"wp:term":[{"taxonomy":"category","embeddable":true,"href":"https:\/\/www.cordobatimes.com\/showup\/wp-json\/wp\/v2\/categories?post=92114"},{"taxonomy":"post_tag","embeddable":true,"href":"https:\/\/www.cordobatimes.com\/showup\/wp-json\/wp\/v2\/tags?post=92114"}],"curies":[{"name":"wp","href":"https:\/\/api.w.org\/{rel}","templated":true}]}}