{"id":92078,"date":"2021-11-12T10:44:44","date_gmt":"2021-11-12T13:44:44","guid":{"rendered":"https:\/\/www.cordobatimes.com\/showup\/?p=92078"},"modified":"2021-11-12T10:44:44","modified_gmt":"2021-11-12T13:44:44","slug":"flor-vigna-estreno-el-videoclip-de-uy","status":"publish","type":"post","link":"https:\/\/www.cordobatimes.com\/showup\/musica\/2021\/11\/12\/flor-vigna-estreno-el-videoclip-de-uy\/","title":{"rendered":"Flor Vigna estren\u00f3 el videoclip de \u201cUY!\u201d"},"content":{"rendered":"<h3><strong>La bailarina se lanz\u00f3 a este nuevo desaf\u00edo profesional y cont\u00f3 con la colaboraci\u00f3n especial de su novio.<\/strong><\/h3>\n<p>Flor Vigna\u00a0est\u00e1 dispuesta a dejar todo para afrontar su nuevo desaf\u00edo como cantante\u00a0y lo de dejar todo no es una frase de ocasi\u00f3n. La bailarina peg\u00f3 un volantazo en su carrera en la noche del jueves public\u00f3 el esperado estreno de \u201cUY!\u201d su primer videoclip. En \u00e9l, comparte pantalla con el productor\u00a0Tavo, un en\u00e9rgico cuerpo de baile y la actuaci\u00f3n especial y c\u00f3mplice de su novio, el actor\u00a0Luciano Castro.<\/p>\n<p>La bailarina encar\u00f3 esta nueva etapa a trav\u00e9s de la autogesti\u00f3n. Seg\u00fan cont\u00f3 la protagonista, hizo un gran esfuerzo e invirti\u00f3 todos sus ahorros para poder cumplir su sue\u00f1o de ser cantante, para lo que estudi\u00f3\u00a0y se prepar\u00f3 mucho, tomando clases con profesionales durante el \u00faltimo a\u00f1o. El pasado lunes, tom\u00f3 una decisi\u00f3n de las fuertes en el mundo virtual,\u00a0cuando decidi\u00f3\u00a0borrar u ocultar todas las fotos de su perfil de Instagram, donde la siguen casi 5 millones y medio de personas.\u00a0A la hora de lanzar el single, solo dos publicaciones se ven en su cuenta, la del anuncio del clip y la de su publicaci\u00f3n.\u00a0\u201c\u00a1Que emoci\u00f3n! Gracias a cada uno de los que sum\u00f3\u00a0pa\u00a0que esto hoy sea real\u201d, escribi\u00f3 junto al post.\u00a0Todo un s\u00edmbolo.<\/p>\n<p>A las 20 del jueves se devel\u00f3 el misterio cuando \u201cUY!\u201d irrumpi\u00f3 en las plataformas digitales. Las im\u00e1genes muestran dos cuadros de situaci\u00f3n, uno en interiores, de est\u00e9tica deportiva y retro fluorescente, en el que Flor y un cuerpo de baile muestran toda su destreza con acrob\u00e1ticas coreograf\u00edas. En simult\u00e1neo, la toma de exteriores muestra a Castro luciendo sus atributos f\u00edsicos y jugando con mu\u00f1ecas en una improvisada piscina. Parece ser el hombre aludido de la canci\u00f3n, aunque el no da cr\u00e9dito a eso, o ni se da cuenta, sino que r\u00ede despreocupado a pesar de todo lo que se dice de \u00e9l, como si sintiera orgullo de ser el\u00a0bol\u00fa\u00a0del que habla la canci\u00f3n.<\/p>\n<p><iframe loading=\"lazy\" width=\"560\" height=\"315\" src=\"https:\/\/www.youtube.com\/embed\/rHm584HgiIU\" title=\"YouTube video player\" frameborder=\"0\" allow=\"accelerometer; autoplay; clipboard-write; encrypted-media; gyroscope; picture-in-picture\" allowfullscreen><\/iframe><\/p>\n","protected":false},"excerpt":{"rendered":"<p>La bailarina se lanz\u00f3 a este nuevo desaf\u00edo profesional y cont\u00f3 con la colaboraci\u00f3n especial de su novio. Flor Vigna\u00a0est\u00e1 dispuesta a dejar todo para afrontar su nuevo desaf\u00edo como cantante\u00a0y lo de dejar todo no es una frase de ocasi\u00f3n. La bailarina peg\u00f3 un volantazo en su carrera en la noche del jueves public\u00f3 [&hellip;]<\/p>\n","protected":false},"author":1,"featured_media":92079,"comment_status":"closed","ping_status":"closed","sticky":false,"template":"","format":"standard","meta":{"_seopress_robots_primary_cat":"","_seopress_titles_title":"","_seopress_titles_desc":"","_seopress_robots_index":"","footnotes":""},"categories":[5],"tags":[33719,33747,33746],"class_list":{"0":"post-92078","1":"post","2":"type-post","3":"status-publish","4":"format-standard","5":"has-post-thumbnail","7":"category-musica","8":"tag-flor-vigna-uy","9":"tag-videoclip-de-uy","10":"tag-videoclip-de-uy-flor-vigna"},"_links":{"self":[{"href":"https:\/\/www.cordobatimes.com\/showup\/wp-json\/wp\/v2\/posts\/92078","targetHints":{"allow":["GET"]}}],"collection":[{"href":"https:\/\/www.cordobatimes.com\/showup\/wp-json\/wp\/v2\/posts"}],"about":[{"href":"https:\/\/www.cordobatimes.com\/showup\/wp-json\/wp\/v2\/types\/post"}],"author":[{"embeddable":true,"href":"https:\/\/www.cordobatimes.com\/showup\/wp-json\/wp\/v2\/users\/1"}],"replies":[{"embeddable":true,"href":"https:\/\/www.cordobatimes.com\/showup\/wp-json\/wp\/v2\/comments?post=92078"}],"version-history":[{"count":0,"href":"https:\/\/www.cordobatimes.com\/showup\/wp-json\/wp\/v2\/posts\/92078\/revisions"}],"wp:featuredmedia":[{"embeddable":true,"href":"https:\/\/www.cordobatimes.com\/showup\/wp-json\/wp\/v2\/media\/92079"}],"wp:attachment":[{"href":"https:\/\/www.cordobatimes.com\/showup\/wp-json\/wp\/v2\/media?parent=92078"}],"wp:term":[{"taxonomy":"category","embeddable":true,"href":"https:\/\/www.cordobatimes.com\/showup\/wp-json\/wp\/v2\/categories?post=92078"},{"taxonomy":"post_tag","embeddable":true,"href":"https:\/\/www.cordobatimes.com\/showup\/wp-json\/wp\/v2\/tags?post=92078"}],"curies":[{"name":"wp","href":"https:\/\/api.w.org\/{rel}","templated":true}]}}