{"id":92046,"date":"2021-11-10T17:44:51","date_gmt":"2021-11-10T20:44:51","guid":{"rendered":"https:\/\/www.cordobatimes.com\/showup\/?p=92046"},"modified":"2021-11-10T17:44:51","modified_gmt":"2021-11-10T20:44:51","slug":"como-es-la-sociedad-que-integran-wanda-nara-y-mauro-icardi","status":"publish","type":"post","link":"https:\/\/www.cordobatimes.com\/showup\/famosos\/2021\/11\/10\/como-es-la-sociedad-que-integran-wanda-nara-y-mauro-icardi\/","title":{"rendered":"C\u00f3mo es la sociedad que integran Wanda Nara y Mauro Icardi"},"content":{"rendered":"<h3><strong>Cu\u00e1ndo la crearon, qu\u00e9 bienes figuran y qu\u00e9 suceder\u00e1 si se divorcian<\/strong><\/h3>\n<p>Si bien\u00a0Wanda Nara\u00a0y\u00a0Mauro Icardi\u00a0a\u00fan no definieron cu\u00e1l ser\u00e1 el futuro de la pareja, ambos tienen en claro su situaci\u00f3n legal. Por caso, durante la primera crisis -despu\u00e9s de que descubriera su\u00a0v\u00ednculo del futbolista con la actriz\u00a0Eugenia\u00a0China\u00a0Su\u00e1rez- la empresaria le pidi\u00f3 el divorcio al futbolista y de inmediato se reunieron con sus abogados y escribanos. Es que ambos integran una sociedad que crearon en 2015 luego del nacimiento de su primera hija,\u00a0Francesca.<\/p>\n<p>La informaci\u00f3n la dio\u00a0Yanina Latorre\u00a0-quien por estos d\u00edas se convirti\u00f3 en la portavoz oficial de Wanda e Icardi al tener l\u00ednea directo con ellos, quienes hablan p\u00fablicamente a trav\u00e9s de ella-. Fue durante un debate en\u00a0Los \u00e1ngeles de la ma\u00f1ana\u00a0cuando\u00a0P\u00eda Shaw\u00a0le coment\u00f3 a su compa\u00f1era que le hab\u00eda llegado el dato de que en medio de la crisis marital, el futbolista le habr\u00eda puesto todos sus bienes a nombre de su esposa. Sin embargo, la mujer de Diego Latorre fue clara y concisa al negar aquel rumor y explicar con lujo de detalle la situaci\u00f3n legal y econ\u00f3mica del matrimonio en cuesti\u00f3n.<\/p>\n<h3><strong>All\u00ed, figuran propiedades, autos y contratos<\/strong>.<\/h3>\n<p>* El\u00a0departamento de Mil\u00e1n,\u00a0en el que viv\u00edan antes de mudarse a Par\u00eds y al que Wanda se fue cuando se desat\u00f3 la crisis matrimonial a mediados de octubre-. Se trata de un piso en una de las zonas m\u00e1s exclusivas de la ciudad, a metros del estadio del Inter de Mil\u00e1n, club en el que jugaba Icardi antes de ser transferido al PSG. Seg\u00fan mostr\u00f3 Wanda en las redes sociales, las \u00faltimas semanas lo termin\u00f3 de remodelar. Tiene un amplio living con una enorme vista, una pileta en la terraza desde la cual se ve la cancha, habitaciones para todos los integrantes de la familia, tambi\u00e9n de hu\u00e9spedes para aquellos que van de visita, y para los empleados que viven con ellos. Adem\u00e1s, cuenta con un enorme vestidor, sala de juegos, entre otras comodidades.<\/p>\n<p>La casa del campo, a las afuera de Mil\u00e1n. Se trata de una propiedad con varias hect\u00e1reas en la que tienen un establo con caballos -toda la familia hace equitaci\u00f3n- y otros animales. Una cancha de polo en la que el futbolista suele jugar con su grupo de amigos, pileta, y el casco de la estancia en la que est\u00e1 ubicada la casa que Wanda decor\u00f3 especialmente. Suelen viajar all\u00ed los fines de semana, o bien los d\u00edas que tienen libres cuando est\u00e1n en Par\u00eds. Por caso,\u00a0las \u00faltimas fotos de la pareja -en lo que parec\u00eda ser una reconciliaci\u00f3n- son de all\u00ed. La empresaria y el jugador fueron junto a\u00a0Francesca e Isabella,\u00a0ya que las menores no est\u00e1n al tanto de la crisis matrimonial y sus padres eligieron mantener su rutina familiar.<\/p>\n<p>*\u00a0La casa de Lago di Como\u00a0(Lombard\u00eda, al norte de Italia). Se trata de una propiedad que Icardi le regal\u00f3 en 2018 a Wanda, quien la defini\u00f3 como \u201cla casa de sus sue\u00f1os\u201d. Est\u00e1 ubicada a 45 kil\u00f3metros de Mil\u00e1n y en dicha localidad -de 80 mil habitantes- tambi\u00e9n tienen inmuebles Lionel Messi y su esposa Antonela Roccuzzo,\u00a0David Beckham, Madonna, Ronaldo, Silvio Berlusconi, Donatella Versace, George Clooney, entre otros famosos.<\/p>\n<p>En la sociedad, tambi\u00e9n figuran todos los autos que compraron Mauro Icardi y Wanda Nara durante estos a\u00f1os. Se trata de\u00a0veh\u00edculos de alta gama, importados y algunas piezas \u00fanicas que fueron customizadas especialmente para ellos: llevan sus iniciales en los asientos.<\/p>\n<p>Por otro lado, all\u00ed tambi\u00e9n figura cada contrato que firmaron durante todo este tiempo Mauro Icardi y Wanda Nara. Los acuerdos con el PSG, los contratos comerciales, as\u00ed como tambi\u00e9n el lanzamiento que la empresaria hizo sobre su marca de cosm\u00e9ticos.<\/p>\n<p>En tanto, cabe destacar que la mansi\u00f3n que habitan en Par\u00eds es alquilada, es por eso que dicho inmueble no figura en la sociedad WMF.<\/p>\n","protected":false},"excerpt":{"rendered":"<p>Cu\u00e1ndo la crearon, qu\u00e9 bienes figuran y qu\u00e9 suceder\u00e1 si se divorcian Si bien\u00a0Wanda Nara\u00a0y\u00a0Mauro Icardi\u00a0a\u00fan no definieron cu\u00e1l ser\u00e1 el futuro de la pareja, ambos tienen en claro su situaci\u00f3n legal. Por caso, durante la primera crisis -despu\u00e9s de que descubriera su\u00a0v\u00ednculo del futbolista con la actriz\u00a0Eugenia\u00a0China\u00a0Su\u00e1rez- la empresaria le pidi\u00f3 el divorcio al [&hellip;]<\/p>\n","protected":false},"author":1,"featured_media":92047,"comment_status":"closed","ping_status":"closed","sticky":false,"template":"","format":"standard","meta":{"_seopress_robots_primary_cat":"","_seopress_titles_title":"","_seopress_titles_desc":"","_seopress_robots_index":"","footnotes":""},"categories":[4],"tags":[33734,24700],"class_list":{"0":"post-92046","1":"post","2":"type-post","3":"status-publish","4":"format-standard","5":"has-post-thumbnail","7":"category-famosos","8":"tag-sociedad-que-integran-wanda-nara-y-mauro-icardi","9":"tag-wanda-nara-y-mauro-icardi"},"_links":{"self":[{"href":"https:\/\/www.cordobatimes.com\/showup\/wp-json\/wp\/v2\/posts\/92046","targetHints":{"allow":["GET"]}}],"collection":[{"href":"https:\/\/www.cordobatimes.com\/showup\/wp-json\/wp\/v2\/posts"}],"about":[{"href":"https:\/\/www.cordobatimes.com\/showup\/wp-json\/wp\/v2\/types\/post"}],"author":[{"embeddable":true,"href":"https:\/\/www.cordobatimes.com\/showup\/wp-json\/wp\/v2\/users\/1"}],"replies":[{"embeddable":true,"href":"https:\/\/www.cordobatimes.com\/showup\/wp-json\/wp\/v2\/comments?post=92046"}],"version-history":[{"count":0,"href":"https:\/\/www.cordobatimes.com\/showup\/wp-json\/wp\/v2\/posts\/92046\/revisions"}],"wp:featuredmedia":[{"embeddable":true,"href":"https:\/\/www.cordobatimes.com\/showup\/wp-json\/wp\/v2\/media\/92047"}],"wp:attachment":[{"href":"https:\/\/www.cordobatimes.com\/showup\/wp-json\/wp\/v2\/media?parent=92046"}],"wp:term":[{"taxonomy":"category","embeddable":true,"href":"https:\/\/www.cordobatimes.com\/showup\/wp-json\/wp\/v2\/categories?post=92046"},{"taxonomy":"post_tag","embeddable":true,"href":"https:\/\/www.cordobatimes.com\/showup\/wp-json\/wp\/v2\/tags?post=92046"}],"curies":[{"name":"wp","href":"https:\/\/api.w.org\/{rel}","templated":true}]}}