{"id":92043,"date":"2021-11-10T11:17:26","date_gmt":"2021-11-10T14:17:26","guid":{"rendered":"https:\/\/www.cordobatimes.com\/showup\/?p=92043"},"modified":"2021-11-10T11:17:26","modified_gmt":"2021-11-10T14:17:26","slug":"la-serie-diciembre-2001-que-relata-los-dias-mas-convulsionados-de-la-historia-argentina","status":"publish","type":"post","link":"https:\/\/www.cordobatimes.com\/showup\/cine-y-series\/2021\/11\/10\/la-serie-diciembre-2001-que-relata-los-dias-mas-convulsionados-de-la-historia-argentina\/","title":{"rendered":"La serie Diciembre 2001 que relata los d\u00edas m\u00e1s convulsionados de la historia argentina"},"content":{"rendered":"<h3><strong>Basada en el libro El palacio y la calle, de Miguel Bonasso, llega a Star+ esta ficci\u00f3n sobre lo sucedido los d\u00edas previos a la renuncia del por entonces presidente Fernando de la R\u00faa.<\/strong><\/h3>\n<p>Cada uno de los argentinos tiene guardado en su memoria aquel diciembre de 2001. El anuncio de un\u00a0corralito\u00a0que implicaba la imposibilidad de acceder a los ahorros bancarios provoc\u00f3 una indignaci\u00f3n en un pueblo que ya estaba ahorcado con sus finanzas. Una nueva crisis se avecinaba, y de nuevo llegaban las restricciones y la imposibilidad de poder levantar la cabeza y avizorar un futuro mejor.\u00a0La salida del entonces presidente Fernando de la R\u00faa era inminente. La renuncia ocurrida apenas unos meses antes del vicepresidente Carlos\u00a0Chacho\u00a0\u00c1lvarez hab\u00eda provocado una crisis pol\u00edtica\u00a0que no podr\u00eda resolverse f\u00e1cilmente.<\/p>\n<p>El recuerdo de ese mes tr\u00e1gico trae angustia y desaz\u00f3n a todos los argentinos, quienes observaron, incr\u00e9dulos, lo que suced\u00eda en la Plaza de Mayo: el presidente abandonaba la Casa Rosada en un helic\u00f3ptero.\u00a0El arrebato de los ahorros familiares de toda la vida hizo que cada uno de los argentinos explotara: as\u00ed regresaron los saqueos y, m\u00e1s tarde, el trueque como forma de supervivencia.\u00a0Cinco presidentes en una semana en una Argentina que volv\u00eda a enfrentar una crisis social y econ\u00f3mica, que lamentablemente no ser\u00eda la \u00fanica.<\/p>\n<p>Es por eso que un momento tan crucial de la historia del pa\u00eds no podr\u00eda dejar de ser reflejado a manera de ficci\u00f3n.\u00a0Diciembre 2001\u00a0es justamente un thriller pol\u00edtico, que adem\u00e1s de elementos de suspenso tiene tintes profundamente dram\u00e1ticos, y est\u00e1 inspirado en los hechos reales que sacudieron a la Argentina a fines de aquel a\u00f1o.<\/p>\n<p>La serie contar\u00e1 con seis episodios de una hora\u00a0y est\u00e1 producida por\u00a0Krapow. Se podr\u00e1 ver a trav\u00e9s de la plataforma\u00a0Star+,\u00a0a\u00fan sin fecha de estreno confirmada, aunque se estima que estar\u00e1 disponible en 2022.<\/p>\n<p>Diciembre 2001\u00a0utiliz\u00f3 como escenario distintas locaciones como la Casa Rosada y el Congreso de la Naci\u00f3n. El foco de esta miniserie sigue de cerca a\u00a0Javier Cach\u00a0(Diego Cremonesi), un militante pol\u00edtico que se desempe\u00f1a como asesor de la Jefatura de Gabinete.<\/p>\n<p>Este thriller pol\u00edtico\u00a0est\u00e1 dirigido por Benjam\u00edn \u00c1vila\u00a0(creador de\u00a0Infancia clandestina\u00a0y\u00a0Gilda, no me arrepiento de este amor) y cuenta con un elenco de lujo. Desde\u00a0Infobae\u00a0pudimos realizar un\u00a0set visit\u00a0donde se estaba grabando la escena en que De la R\u00faa se dirige a la sede de C\u00e1ritas para hablar con los l\u00edderes pol\u00edticos del momento sobre su inminente renuncia.<\/p>\n<p>En el rol del ex presidente de la Alianza veremos a Jean Pierre Noher,\u00a0que se calza el traje de este hombre acorralado por una crisis.\u00a0Cristian Colombo ser\u00e1 interpretado por Luis Luque,\u00a0mientras que el entonces superministro de Econom\u00eda\u00a0Domingo Cavallo estar\u00e1 a cargo de Luis Mach\u00edn. Fern\u00e1n Mir\u00e1s ser\u00e1 Chacho \u00c1lvarez y C\u00e9sar Troncoso, Eduardo Duhalde, el presidente que sucedi\u00f3 a De la R\u00faa, mientras que interpretando a su esposa,\u00a0Hilda\u00a0Chiche\u00a0Duhalde, veremos a Alejandra Fletchner.<\/p>\n<p>Adolfo Rodriguez Sa\u00e1 y Ram\u00f3n Puerta son interpretados por Jorge Suarez y Manuel Vicente,\u00a0respectivamente.\u00a0Manuel Callau se pone en la piel del expresidente Ra\u00fal Alfons\u00edn, y Vando Villamil, por su parte, le dar\u00e1 vida a Carlos Ruckauf.\u00a0Ludovico Di Santo es en esta serie Antonito de la R\u00faa,\u00a0y luego se suman algunas figuras m\u00e1s que asumen roles que son ficticios, como son los casos de\u00a0Nicol\u00e1s Furtado\u00a0(Franco Musciari),\u00a0Sergio Prina\u00a0(H\u00e9ctor\u00a0El Toba\u00a0Garc\u00eda),\u00a0Cecilia Rosetto\u00a0(In\u00e9s Bruno) y\u00a0Malena Solda\u00a0(Silvana).<\/p>\n","protected":false},"excerpt":{"rendered":"<p>Basada en el libro El palacio y la calle, de Miguel Bonasso, llega a Star+ esta ficci\u00f3n sobre lo sucedido los d\u00edas previos a la renuncia del por entonces presidente Fernando de la R\u00faa. Cada uno de los argentinos tiene guardado en su memoria aquel diciembre de 2001. El anuncio de un\u00a0corralito\u00a0que implicaba la imposibilidad [&hellip;]<\/p>\n","protected":false},"author":1,"featured_media":92044,"comment_status":"closed","ping_status":"closed","sticky":false,"template":"","format":"standard","meta":{"_seopress_robots_primary_cat":"","_seopress_titles_title":"","_seopress_titles_desc":"","_seopress_robots_index":"","footnotes":""},"categories":[3],"tags":[33733,33732,33731],"class_list":{"0":"post-92043","1":"post","2":"type-post","3":"status-publish","4":"format-standard","5":"has-post-thumbnail","7":"category-cine-y-series","8":"tag-diciembre-2001-presidente-fernando-de-la-rua","9":"tag-serie-de-la-crisis-del-2001","10":"tag-serie-diciembre-2001"},"_links":{"self":[{"href":"https:\/\/www.cordobatimes.com\/showup\/wp-json\/wp\/v2\/posts\/92043","targetHints":{"allow":["GET"]}}],"collection":[{"href":"https:\/\/www.cordobatimes.com\/showup\/wp-json\/wp\/v2\/posts"}],"about":[{"href":"https:\/\/www.cordobatimes.com\/showup\/wp-json\/wp\/v2\/types\/post"}],"author":[{"embeddable":true,"href":"https:\/\/www.cordobatimes.com\/showup\/wp-json\/wp\/v2\/users\/1"}],"replies":[{"embeddable":true,"href":"https:\/\/www.cordobatimes.com\/showup\/wp-json\/wp\/v2\/comments?post=92043"}],"version-history":[{"count":0,"href":"https:\/\/www.cordobatimes.com\/showup\/wp-json\/wp\/v2\/posts\/92043\/revisions"}],"wp:featuredmedia":[{"embeddable":true,"href":"https:\/\/www.cordobatimes.com\/showup\/wp-json\/wp\/v2\/media\/92044"}],"wp:attachment":[{"href":"https:\/\/www.cordobatimes.com\/showup\/wp-json\/wp\/v2\/media?parent=92043"}],"wp:term":[{"taxonomy":"category","embeddable":true,"href":"https:\/\/www.cordobatimes.com\/showup\/wp-json\/wp\/v2\/categories?post=92043"},{"taxonomy":"post_tag","embeddable":true,"href":"https:\/\/www.cordobatimes.com\/showup\/wp-json\/wp\/v2\/tags?post=92043"}],"curies":[{"name":"wp","href":"https:\/\/api.w.org\/{rel}","templated":true}]}}