{"id":9201,"date":"2014-01-15T09:30:46","date_gmt":"2014-01-15T12:30:46","guid":{"rendered":"http:\/\/cordobatimes.com\/showup\/?p=9201"},"modified":"2019-11-10T08:29:14","modified_gmt":"2019-11-10T11:29:14","slug":"encuentro-de-divas-guillermina-valdes-y-susana-gimenez-juntas-en-punta","status":"publish","type":"post","link":"https:\/\/www.cordobatimes.com\/showup\/famosos\/2014\/01\/15\/encuentro-de-divas-guillermina-valdes-y-susana-gimenez-juntas-en-punta\/","title":{"rendered":"Encuentro de Divas: Guillermina Vald\u00e9s y Susana Gimenez, juntas en Punta"},"content":{"rendered":"<h3 style=\"text-align: justify;\"><strong>La conductora y la modelo coincidieron en la inauguraci\u00f3n de una prestigiosa joyer\u00eda de la ciudad uruguaya. Enterate de los detalles del \u00e9pico encuentro, en esta nota<\/strong>.<\/h3>\n<p style=\"text-align: justify;\">\u00a0Su Gimenez se encuentra descansando en su problematica y super cara mansi\u00f3n en Punta del Este, mientras que Guillermina pasa los dias en familia junto a Marcelo y los chicos en la chacra que posee el conductor.<\/p>\n<p style=\"text-align: justify;\">Lo cierto es que ambas coincidieron en la inauguraci\u00f3n de Rub\u00ed Rub\u00ed, y en todo momento se mostraron sonrientes y muy c\u00f3modas, a pesar de la supuesta rivalidad que existe entre la diva de los tel\u00e9fonos y Tinelli.<\/p>\n<p style=\"text-align: justify;\">La \u00faltima vez que la conductora se refiri\u00f3 a su colega, dijo que se parec\u00eda a un lagarto por su nuevo tatuaje, adem\u00e1s de considerar imposible la competencia en cuanto a horarios con Showmatch.<\/p>\n<p style=\"text-align: justify;\"><a href=\"http:\/\/cordobatimes.com\/showup\/wp-content\/uploads\/2014\/01\/SUSANAAA.jpg\"><img loading=\"lazy\" decoding=\"async\" class=\"alignnone size-full wp-image-9203\" src=\"http:\/\/cordobatimes.com\/showup\/wp-content\/uploads\/2014\/01\/SUSANAAA.jpg\" alt=\"SUSANAAA\" width=\"770\" height=\"433\" data-id=\"9203\" srcset=\"https:\/\/www.cordobatimes.com\/showup\/wp-content\/uploads\/2014\/01\/SUSANAAA.jpg 770w, https:\/\/www.cordobatimes.com\/showup\/wp-content\/uploads\/2014\/01\/SUSANAAA-300x168.jpg 300w\" sizes=\"auto, (max-width: 770px) 100vw, 770px\" \/><\/a><\/p>\n<p style=\"text-align: justify;\"><a href=\"http:\/\/cordobatimes.com\/showup\/wp-content\/uploads\/2014\/01\/SUSANAAAA.jpg\"><img loading=\"lazy\" decoding=\"async\" class=\"alignnone size-full wp-image-9204\" src=\"http:\/\/cordobatimes.com\/showup\/wp-content\/uploads\/2014\/01\/SUSANAAAA.jpg\" alt=\"SUSANAAAA\" width=\"770\" height=\"433\" data-id=\"9204\" srcset=\"https:\/\/www.cordobatimes.com\/showup\/wp-content\/uploads\/2014\/01\/SUSANAAAA.jpg 770w, https:\/\/www.cordobatimes.com\/showup\/wp-content\/uploads\/2014\/01\/SUSANAAAA-300x168.jpg 300w\" sizes=\"auto, (max-width: 770px) 100vw, 770px\" \/><\/a><\/p>\n<p style=\"text-align: justify;\">\n","protected":false},"excerpt":{"rendered":"<p>La conductora y la modelo coincidieron en la inauguraci\u00f3n de una prestigiosa joyer\u00eda de la ciudad uruguaya. Enterate de los detalles del \u00e9pico encuentro, en esta nota. \u00a0Su Gimenez se encuentra descansando en su problematica y super cara mansi\u00f3n en Punta del Este, mientras que Guillermina pasa los dias en familia junto a Marcelo y [&hellip;]<\/p>\n","protected":false},"author":8,"featured_media":9202,"comment_status":"closed","ping_status":"closed","sticky":false,"template":"","format":"standard","meta":{"_seopress_robots_primary_cat":"","_seopress_titles_title":"","_seopress_titles_desc":"","_seopress_robots_index":"","footnotes":""},"categories":[4],"tags":[25473,25472],"class_list":{"0":"post-9201","1":"post","2":"type-post","3":"status-publish","4":"format-standard","5":"has-post-thumbnail","7":"category-famosos","8":"tag-guillermina-valdes-y-susana-gimenez-juntas-en-punta","9":"tag-guillermina-valdes-y-susana-gimenez"},"_links":{"self":[{"href":"https:\/\/www.cordobatimes.com\/showup\/wp-json\/wp\/v2\/posts\/9201","targetHints":{"allow":["GET"]}}],"collection":[{"href":"https:\/\/www.cordobatimes.com\/showup\/wp-json\/wp\/v2\/posts"}],"about":[{"href":"https:\/\/www.cordobatimes.com\/showup\/wp-json\/wp\/v2\/types\/post"}],"author":[{"embeddable":true,"href":"https:\/\/www.cordobatimes.com\/showup\/wp-json\/wp\/v2\/users\/8"}],"replies":[{"embeddable":true,"href":"https:\/\/www.cordobatimes.com\/showup\/wp-json\/wp\/v2\/comments?post=9201"}],"version-history":[{"count":0,"href":"https:\/\/www.cordobatimes.com\/showup\/wp-json\/wp\/v2\/posts\/9201\/revisions"}],"wp:featuredmedia":[{"embeddable":true,"href":"https:\/\/www.cordobatimes.com\/showup\/wp-json\/wp\/v2\/media\/9202"}],"wp:attachment":[{"href":"https:\/\/www.cordobatimes.com\/showup\/wp-json\/wp\/v2\/media?parent=9201"}],"wp:term":[{"taxonomy":"category","embeddable":true,"href":"https:\/\/www.cordobatimes.com\/showup\/wp-json\/wp\/v2\/categories?post=9201"},{"taxonomy":"post_tag","embeddable":true,"href":"https:\/\/www.cordobatimes.com\/showup\/wp-json\/wp\/v2\/tags?post=9201"}],"curies":[{"name":"wp","href":"https:\/\/api.w.org\/{rel}","templated":true}]}}