{"id":91961,"date":"2021-11-02T12:21:57","date_gmt":"2021-11-02T15:21:57","guid":{"rendered":"https:\/\/www.cordobatimes.com\/showup\/?p=91961"},"modified":"2021-11-02T12:21:57","modified_gmt":"2021-11-02T15:21:57","slug":"wanda-nara-dejo-paris-y-tomo-una-drastica-decision-respecto-a-mauro-icardi","status":"publish","type":"post","link":"https:\/\/www.cordobatimes.com\/showup\/famosos\/2021\/11\/02\/wanda-nara-dejo-paris-y-tomo-una-drastica-decision-respecto-a-mauro-icardi\/","title":{"rendered":"Wanda Nara dej\u00f3 Par\u00eds y tom\u00f3 una dr\u00e1stica decisi\u00f3n respecto a Mauro Icardi"},"content":{"rendered":"<h3><strong>La empresaria mostr\u00f3 en sus redes sociales que tom\u00f3 un vuelo abandonando la capital francesa<\/strong><\/h3>\n<p>Las \u00faltimas dos semanas fueron un torbellino de emociones para\u00a0Wanda Nara: descubri\u00f3\u00a0mensajes y llamadas entre su marido,\u00a0Mauro Icardi, y\u00a0Eugenia\u00a0China\u00a0Su\u00e1rez.\u00a0Abandon\u00f3 Par\u00eds (Francia), se fue a Mil\u00e1n (Italia), regres\u00f3, le pidi\u00f3 el divorcio al futbolista, firmaron un acuerdo. Y cuando estaban a punto de hacer legal la separaci\u00f3n, decidi\u00f3 perdonarlo. \u00bfQu\u00e9 la llev\u00f3 a cambiar de opini\u00f3n?\u00a0Una carta que nadie le hab\u00eda escrito jam\u00e1s, seg\u00fan su relato.<\/p>\n<p>Ya reconciliados, celebraron el cumplea\u00f1os de Isabella, su hija menor, tambi\u00e9n su aniversario de matrimonio. Ella volvi\u00f3 al estadio del PSG, y mientras Icardi estaba en el partido cerr\u00f3 su cuenta de Instagram -nunca se supo qui\u00e9n fue, ya que \u00e9l estaba literalmente en la cancha, sin sus pertenencias-. Y el \u00faltimo fin de semana\u00a0asistieron a una fiesta de Halloween con amigos.<\/p>\n<p>\u00bfCu\u00e1l es la \u00faltima novedad en la vida de la empresaria? En las \u00faltimas horas mostr\u00f3 en su cuenta de Instagram -red social en la que tiene casi 10 millones de seguidores- que abandon\u00f3 Par\u00eds otra vez.\u00a0\u201cChau\u201d, escribi\u00f3 en una Historia que film\u00f3 por la ventana desde arriba del avi\u00f3n que tom\u00f3 con destino incierto. Por caso, seg\u00fan la informaci\u00f3n que maneja \u00c1ngel de Brito y que la volc\u00f3 en su Twitter, la empresaria vol\u00f3 con destino a Mil\u00e1n.<\/p>\n<p><img alt=\"\" loading=\"lazy\" decoding=\"async\" class=\"alignnone size-medium wp-image-91963\" src=\"https:\/\/www.cordobatimes.com\/showup\/wp-content\/uploads\/2021\/11\/historia-de-wanda-736x420.jpg\" alt=\"\" width=\"736\" height=\"420\" srcset=\"https:\/\/www.cordobatimes.com\/showup\/wp-content\/uploads\/2021\/11\/historia-de-wanda-736x420.jpg 736w, https:\/\/www.cordobatimes.com\/showup\/wp-content\/uploads\/2021\/11\/historia-de-wanda-768x438.jpg 768w, https:\/\/www.cordobatimes.com\/showup\/wp-content\/uploads\/2021\/11\/historia-de-wanda-696x397.jpg 696w, https:\/\/www.cordobatimes.com\/showup\/wp-content\/uploads\/2021\/11\/historia-de-wanda.jpg 918w\" sizes=\"auto, (max-width: 736px) 100vw, 736px\" \/><\/p>\n<p>Lo que a\u00fan no trascendi\u00f3 es el motivo de su viaje. Si bien las primeras hip\u00f3tesis hacen poner en duda la reconciliaci\u00f3n con Mauro Icardi, tambi\u00e9n se especula la posibilidad de que haya sido por cuestiones laborales: recientemente lanz\u00f3 una nueva l\u00ednea de su marca de maquillajes. El conductor de\u00a0Los \u00e1ngeles de la ma\u00f1ana\u00a0agreg\u00f3 que Wanda viaj\u00f3 sola y no acompa\u00f1ada por sus hijos. Es que la \u00faltima vez que abandon\u00f3 Par\u00eds con\u00a0Francesca e Isabella\u00a0-sus hijas con el futbolista- fue en plena crisis marital. Ella, por su parte, no brind\u00f3 mayores detalles sobre sus d\u00edas fuera de la capital francesa. As\u00ed como tampoco se sabe cu\u00e1ndo planea regresar.<\/p>\n<p>Sin embargo, una nueva y dr\u00e1stica decisi\u00f3n de la empresaria encendi\u00f3 las alarmas sobre una posible crisis con Icardi:\u00a0elimin\u00f3 de Instagram todas las fotos y publicaciones con \u00e9l que hab\u00eda hecho desde su reconciliaci\u00f3n. Incluso la carta abierta en la que contaba por qu\u00e9 hab\u00eda decidido perdonado y apostar a la familia que formaron. Solo dej\u00f3 en sus redes sociales los posteos en los que aparece el futbolista pero en su rol de padre: por ejemplo, en las fotos que Wanda subi\u00f3 por el cumplea\u00f1os de Isabella.<\/p>\n<p><img alt=\"\" loading=\"lazy\" decoding=\"async\" class=\"alignnone size-medium wp-image-91862\" src=\"https:\/\/www.cordobatimes.com\/showup\/wp-content\/uploads\/2021\/10\/posteo-de-wanda-750x380.jpg\" alt=\"\" width=\"750\" height=\"380\" srcset=\"https:\/\/www.cordobatimes.com\/showup\/wp-content\/uploads\/2021\/10\/posteo-de-wanda-750x380.jpg 750w, https:\/\/www.cordobatimes.com\/showup\/wp-content\/uploads\/2021\/10\/posteo-de-wanda-1024x519.jpg 1024w, https:\/\/www.cordobatimes.com\/showup\/wp-content\/uploads\/2021\/10\/posteo-de-wanda-760x385.jpg 760w, https:\/\/www.cordobatimes.com\/showup\/wp-content\/uploads\/2021\/10\/posteo-de-wanda-768x389.jpg 768w, https:\/\/www.cordobatimes.com\/showup\/wp-content\/uploads\/2021\/10\/posteo-de-wanda-696x353.jpg 696w, https:\/\/www.cordobatimes.com\/showup\/wp-content\/uploads\/2021\/10\/posteo-de-wanda-1068x541.jpg 1068w, https:\/\/www.cordobatimes.com\/showup\/wp-content\/uploads\/2021\/10\/posteo-de-wanda-829x420.jpg 829w, https:\/\/www.cordobatimes.com\/showup\/wp-content\/uploads\/2021\/10\/posteo-de-wanda.jpg 1194w\" sizes=\"auto, (max-width: 750px) 100vw, 750px\" \/><\/p>\n<p>En tanto, como el jugador del PSG cerr\u00f3 su cuenta de Instagram y tampoco habl\u00f3 al respecto, poco se sabe sobre el presente de la pareja hasta que alguno de los dos se exprese al respecto. Cabe destacar que cuando estaban en plena crisis, Icardi dejaba entrever que se hab\u00edan reconciliado, mientras que Wanda lo desment\u00eda y afirmaba lo contrario.\u00a0\u201cEstoy viviendo un infierno\u201d, lleg\u00f3 a decir entre l\u00e1grimas en un audio la empresaria encerrada en una habitaci\u00f3n de la casa que compart\u00eda con su marido, a quien no quer\u00eda ver, as\u00ed como tampoco quer\u00eda que le hablase, seg\u00fan la informaci\u00f3n que dio en su momento Yanina Latorre, quien ten\u00eda contacto directo con Nara.<\/p>\n<p>En medio de las nuevas versiones de crisis, Wanda se llam\u00f3 a silencio en sus redes sociales y solo se limit\u00f3 a mostrar que hab\u00eda viajado y abandonado Par\u00eds. En tanto, su usuario sigue siendo\u00a0@wanda_icardi. De manera tal que no se quit\u00f3 el apellido de su marido, como hab\u00eda hecho en su separaci\u00f3n de Maxi L\u00f3pez a\u00f1os atr\u00e1s. Estas \u00faltimas semanas tampoco se hab\u00eda cambiado el apellido cuando explot\u00f3 el esc\u00e1ndalo por la China Su\u00e1rez.<\/p>\n","protected":false},"excerpt":{"rendered":"<p>La empresaria mostr\u00f3 en sus redes sociales que tom\u00f3 un vuelo abandonando la capital francesa Las \u00faltimas dos semanas fueron un torbellino de emociones para\u00a0Wanda Nara: descubri\u00f3\u00a0mensajes y llamadas entre su marido,\u00a0Mauro Icardi, y\u00a0Eugenia\u00a0China\u00a0Su\u00e1rez.\u00a0Abandon\u00f3 Par\u00eds (Francia), se fue a Mil\u00e1n (Italia), regres\u00f3, le pidi\u00f3 el divorcio al futbolista, firmaron un acuerdo. Y cuando estaban a [&hellip;]<\/p>\n","protected":false},"author":1,"featured_media":91962,"comment_status":"closed","ping_status":"closed","sticky":false,"template":"","format":"standard","meta":{"_seopress_robots_primary_cat":"","_seopress_titles_title":"","_seopress_titles_desc":"","_seopress_robots_index":"","footnotes":""},"categories":[4],"tags":[33699,24700],"class_list":{"0":"post-91961","1":"post","2":"type-post","3":"status-publish","4":"format-standard","5":"has-post-thumbnail","7":"category-famosos","8":"tag-wanda-nara-dejo-paris","9":"tag-wanda-nara-y-mauro-icardi"},"_links":{"self":[{"href":"https:\/\/www.cordobatimes.com\/showup\/wp-json\/wp\/v2\/posts\/91961","targetHints":{"allow":["GET"]}}],"collection":[{"href":"https:\/\/www.cordobatimes.com\/showup\/wp-json\/wp\/v2\/posts"}],"about":[{"href":"https:\/\/www.cordobatimes.com\/showup\/wp-json\/wp\/v2\/types\/post"}],"author":[{"embeddable":true,"href":"https:\/\/www.cordobatimes.com\/showup\/wp-json\/wp\/v2\/users\/1"}],"replies":[{"embeddable":true,"href":"https:\/\/www.cordobatimes.com\/showup\/wp-json\/wp\/v2\/comments?post=91961"}],"version-history":[{"count":0,"href":"https:\/\/www.cordobatimes.com\/showup\/wp-json\/wp\/v2\/posts\/91961\/revisions"}],"wp:featuredmedia":[{"embeddable":true,"href":"https:\/\/www.cordobatimes.com\/showup\/wp-json\/wp\/v2\/media\/91962"}],"wp:attachment":[{"href":"https:\/\/www.cordobatimes.com\/showup\/wp-json\/wp\/v2\/media?parent=91961"}],"wp:term":[{"taxonomy":"category","embeddable":true,"href":"https:\/\/www.cordobatimes.com\/showup\/wp-json\/wp\/v2\/categories?post=91961"},{"taxonomy":"post_tag","embeddable":true,"href":"https:\/\/www.cordobatimes.com\/showup\/wp-json\/wp\/v2\/tags?post=91961"}],"curies":[{"name":"wp","href":"https:\/\/api.w.org\/{rel}","templated":true}]}}