{"id":91887,"date":"2021-10-28T10:31:37","date_gmt":"2021-10-28T13:31:37","guid":{"rendered":"https:\/\/www.cordobatimes.com\/showup\/?p=91887"},"modified":"2021-10-28T10:31:37","modified_gmt":"2021-10-28T13:31:37","slug":"sueno-bendito-los-hechos-que-maradona-quiso-contar-en-su-serie-y-claudia-villafane-logro-sacar-del-guion","status":"publish","type":"post","link":"https:\/\/www.cordobatimes.com\/showup\/cine-y-series\/2021\/10\/28\/sueno-bendito-los-hechos-que-maradona-quiso-contar-en-su-serie-y-claudia-villafane-logro-sacar-del-guion\/","title":{"rendered":"Sue\u00f1o Bendito: los hechos que Maradona quiso contar en su serie y Claudia Villafa\u00f1e logr\u00f3 sacar del guion"},"content":{"rendered":"<h3><strong>La Justicia fall\u00f3 a favor de la empresaria, quien hab\u00eda recurrido para evitar que se reflejaran determinadas situaciones que el propio ex futbolista hab\u00eda pedido en un documento firmado.<\/strong><\/h3>\n<p>\u201cMe dirijo a usted a fin de hacer saber que bajo mi exclusiva responsabilidad autorizo a que en la mini serie que usted produce y que se encuentra en desarrollo, se traten los siguientes temas que tr\u00e1gicamente me ha tocado vivir\u201d, asegur\u00f3\u00a0Diego Maradona\u00a0en el documento que firm\u00f3 el 30 de marzo de 2019 en Culiac\u00e1n (M\u00e9xico) con destino a las autoridades de Amazon Prime Video con el objetivo de que en su biopic se contaran\u00a014 determinados episodios que involucran a su ex esposa,\u00a0Claudia Villafa\u00f1e, y tambi\u00e9n al padre de la empresaria.<\/p>\n<p>Desde entonces, se trabaj\u00f3 dentro de un hermetismo en la realizaci\u00f3n de\u00a0Maradona: Sue\u00f1o Bendito\u00a0-tal es el nombre de la ficci\u00f3n que se estrena mundialmente-. El objetivo del ex futbolista era revelar detalles sobre la madre de sus hijas Dalma y Gianinna, a quien acusa de haberle sido infiel y de haberlo estafado econ\u00f3micamente.<\/p>\n<p>Previo al estreno de\u00a0Sue\u00f1o Bendito, se dictamin\u00f3 una medida cautelar para que en la serie no pueda utilizar ninguna imagen que pueda injuriar o calumniar a Villafa\u00f1e. \u201cLa jueza acogi\u00f3 la carta documento que enviamos y\u00a0envi\u00f3 una orden a Amazon y a la productora para que no se utilice la serie para violentar a Claudia. Es decir, que no se la difamase\u201d, explic\u00f3 su abogada.<\/p>\n<p>En tanto, Marcovecchio especula que la demora en el estreno mundial de la serie -cuyo primer cap\u00edtulo se podr\u00e1 ver por la pantalla de El Nueve de manera gratuita y la temporada completa estar\u00e1 disponible en la plataforma paga- tiene que ver con la modificaci\u00f3n que se debi\u00f3 hacer sobre el guion luego de dicha medida cautelar.<\/p>\n<p>Se quitaron algunos detalles que Diego hab\u00eda pedido que estuvieran all\u00ed. Por ejemplo, en la serie no habr\u00e1 ninguna escena que haga referencia a la versi\u00f3n que relat\u00f3 el ex futbolista al sostener que el padre de Claudia lo hab\u00eda \u201cintroducido en el mundo de las drogas\u201d. As\u00ed como tampoco se contar\u00e1n otras determinadas situaciones que Maradona hab\u00eda planteado, ya que la justicia fall\u00f3 a favor de la empresaria.<\/p>\n<p>Julieta Cardinali\u00a0se puso en la piel de Claudia Villafa\u00f1e en la biopic de Amazon.\u00a0\u201cA m\u00ed lo que m\u00e1s me interesaba de esto es que sea con respeto. La serie es sobre Diego Maradona, el Diego futbolista. Est\u00e1 muy bien filmada y estoy muy contenta de que me hayan elegido\u201d, asegur\u00f3 en su momento la actriz sobre el rodaje que demand\u00f3 ocho meses y que tuvo como locaciones Italia, Espa\u00f1a, Uruguay, M\u00e9xico y Argentina.<\/p>\n<h3><strong>Los 14 puntos que Diego escribi\u00f3 en 2019 y quer\u00eda que se contaran en su biopic:<\/strong><\/h3>\n<p>1)\u00a0Las infidelidades de\u00a0Claudia Villafa\u00f1e\u00a0(hecho concreto accidente de auto) y su relaci\u00f3n con\u00a0Jorge Taiana\u00a0que comenz\u00f3 mientras nosotros a\u00fan est\u00e1bamos casados.<\/p>\n<p>2)\u00a0La defraudaci\u00f3n realizada en Miami, donde\u00a0Claudia Villafa\u00f1e compr\u00f3 7 departamentos\u00a0desde el a\u00f1o 2000 a la fecha, y por lo que actualmente estamos en juicio.<\/p>\n<p>3) El testamento que me hicieron firmar en favor de mis hijas, Dalma y Gianinna, cuando yo estaba en grave estado, a punto de perder la vida.<\/p>\n<p>4)\u00a0La utilizaci\u00f3n del poder que le hab\u00eda otorgado a Claudia Villafa\u00f1e para\u00a0poner varios bienes a su nombre y de terceros, benefici\u00e1ndose econ\u00f3micamente, en perjuicio m\u00edo.<\/p>\n<p>El apoderamiento que hizo de todos los\u00a0objetos que obtuve durante mi exitosa carrera como futbolista, que ella ten\u00eda bajo su cuidado y que termin\u00f3 rob\u00e1ndomelos.<\/p>\n<p>6)\u00a0Las dos veces que\u00a0estuve gravemente internado, en Punta del Este\u00a0y en el Sanatorio G\u00fcemes,\u00a0se aprovech\u00f3 de esa situaci\u00f3n para comprar bienes y ponerlos a su nombre.<\/p>\n<p>7)\u00a0Cuando estaba en Cuba, Villafa\u00f1e me dijo que estaba quebrado. Yo le ped\u00eda que vendiera las cosas de oro que le hab\u00eda regalado, pero ella me aseguraba que las hab\u00eda vendido para darles de comer a nuestras hijas.\u00a0Ella en ese momento estaba comprando departamentos en Miami con mi dinero.<\/p>\n<p>8)\u00a0La primera vez que consum\u00ed coca\u00edna\u00a0lo hice con el padre de Claudia, ya fallecido,\u00a0Coco Villafa\u00f1e, quien\u00a0me introdujo en el mundo de las drogas.<\/p>\n<p>9)\u00a0La imposibilidad de poder notificar a Claudia Villafa\u00f1e en cualquiera de sus domicilios, ya que nadie, por orden de ella, recibe las notificaciones.<\/p>\n<p>10)\u00a0La constante amenaza que sufr\u00ed durante a\u00f1os,\u00a0cuando quer\u00eda tener contacto con\u00a0mi hija Jana\u00a0y me lo imped\u00eda dici\u00e9ndome que no ver\u00eda m\u00e1s a mis hijas Dalma y Gianinna.<\/p>\n<p>11)\u00a0Durante mi estad\u00eda en Cuba, Villafa\u00f1e dej\u00f3 de pagarles la obra social a mis padres, personas mayores, que quedaron al azar porque ella se quedaba con el dinero que yo le giraba para tal fin y no pagaba la cuota correspondiente.<\/p>\n<p>12)\u00a0La deuda que me gener\u00f3 con el Fisco italiano, ya que cobraba el dinero de los contratos y dec\u00eda que le pagaba al Fisco, cosa que jam\u00e1s hizo,\u00a0gener\u00e1ndome un enorme problema judicial y casi la p\u00e9rdida de mi libertad.<\/p>\n<p>13)\u00a0Los contratos que gestionaba y cobraba Claudia Villafa\u00f1e como representante\/apoderada m\u00eda y que\u00a0se quedaba ella con todo el dinero.<\/p>\n<p>14) La utilizaci\u00f3n de Dalma y Gianinna, cuando ellas ten\u00edan 13 y 12 a\u00f1os, a quienes puso como vicepresidenta y tesorera de sociedades que ella armaba en Estados Unidos, falseando adem\u00e1s su estado civil y aprovech\u00e1ndose de que yo ten\u00eda denegada la visa para ingresar a ese pa\u00eds.<\/p>\n<p>&nbsp;<\/p>\n","protected":false},"excerpt":{"rendered":"<p>La Justicia fall\u00f3 a favor de la empresaria, quien hab\u00eda recurrido para evitar que se reflejaran determinadas situaciones que el propio ex futbolista hab\u00eda pedido en un documento firmado. \u201cMe dirijo a usted a fin de hacer saber que bajo mi exclusiva responsabilidad autorizo a que en la mini serie que usted produce y que [&hellip;]<\/p>\n","protected":false},"author":1,"featured_media":91888,"comment_status":"closed","ping_status":"closed","sticky":false,"template":"","format":"standard","meta":{"_seopress_robots_primary_cat":"","_seopress_titles_title":"","_seopress_titles_desc":"","_seopress_robots_index":"","footnotes":""},"categories":[3],"tags":[33653,33651,33652],"class_list":{"0":"post-91887","1":"post","2":"type-post","3":"status-publish","4":"format-standard","5":"has-post-thumbnail","7":"category-cine-y-series","8":"tag-cosas-que-no-saldran-en-la-serie-de-maradona","9":"tag-hechos-que-maradona-quiso-contar-en-su-serie-y-claudia-villafane-logro-sacar-del-guion","10":"tag-sueno-bendito-la-serie-de-maradona"},"_links":{"self":[{"href":"https:\/\/www.cordobatimes.com\/showup\/wp-json\/wp\/v2\/posts\/91887","targetHints":{"allow":["GET"]}}],"collection":[{"href":"https:\/\/www.cordobatimes.com\/showup\/wp-json\/wp\/v2\/posts"}],"about":[{"href":"https:\/\/www.cordobatimes.com\/showup\/wp-json\/wp\/v2\/types\/post"}],"author":[{"embeddable":true,"href":"https:\/\/www.cordobatimes.com\/showup\/wp-json\/wp\/v2\/users\/1"}],"replies":[{"embeddable":true,"href":"https:\/\/www.cordobatimes.com\/showup\/wp-json\/wp\/v2\/comments?post=91887"}],"version-history":[{"count":0,"href":"https:\/\/www.cordobatimes.com\/showup\/wp-json\/wp\/v2\/posts\/91887\/revisions"}],"wp:featuredmedia":[{"embeddable":true,"href":"https:\/\/www.cordobatimes.com\/showup\/wp-json\/wp\/v2\/media\/91888"}],"wp:attachment":[{"href":"https:\/\/www.cordobatimes.com\/showup\/wp-json\/wp\/v2\/media?parent=91887"}],"wp:term":[{"taxonomy":"category","embeddable":true,"href":"https:\/\/www.cordobatimes.com\/showup\/wp-json\/wp\/v2\/categories?post=91887"},{"taxonomy":"post_tag","embeddable":true,"href":"https:\/\/www.cordobatimes.com\/showup\/wp-json\/wp\/v2\/tags?post=91887"}],"curies":[{"name":"wp","href":"https:\/\/api.w.org\/{rel}","templated":true}]}}