{"id":91838,"date":"2021-10-23T10:54:27","date_gmt":"2021-10-23T13:54:27","guid":{"rendered":"https:\/\/www.cordobatimes.com\/showup\/?p=91838"},"modified":"2021-10-23T10:54:27","modified_gmt":"2021-10-23T13:54:27","slug":"el-profugo-fue-elegida-para-representar-a-la-argentina-en-la-categoria-mejor-pelicula-internacional-en-los-oscar","status":"publish","type":"post","link":"https:\/\/www.cordobatimes.com\/showup\/cine-y-series\/2021\/10\/23\/el-profugo-fue-elegida-para-representar-a-la-argentina-en-la-categoria-mejor-pelicula-internacional-en-los-oscar\/","title":{"rendered":"El Pr\u00f3fugo fue elegida para representar a la Argentina en la categor\u00eda mejor pel\u00edcula internacional en los Oscar"},"content":{"rendered":"<h3><strong>Fue seleccionada por la Academia de las Artes y Ciencias Cinematogr\u00e1ficas de nuestro pa\u00eds; a partir de este anuncio tiene posibilidades de ser nominada en la gran fiesta de la industria del cine.<\/strong><\/h3>\n<p>Mientras\u00a0El Pr\u00f3fugo\u00a0sigue en cartel en varias salas de cine,\u00a0\u00c9rica Rivas\u00a0confirm\u00f3 en su cuenta de Instagram que\u00a0el film dirigido por Natalia Meta fue elegido por la Academia de las Artes y Ciencias Cinematogr\u00e1ficas de la Argentina para representar a nuestro pa\u00eds en la categor\u00eda de mejor pel\u00edcula internacional\u00a0de los\u00a0Premios Oscar 2022.\u00a0La actriz expres\u00f3 su felicidad en las redes sociales y record\u00f3 la alegr\u00eda que sinti\u00f3 al aceptar protagonizar la historia junto a\u00a0Nahuel P\u00e9rez Bizcayart, Daniel Hendler, Cecilia Roth, y Mirta Busnelli. El hecho de que haya resultado seleccionada ubica a la producci\u00f3n en el listado de un centenar de participantes de otros tantos pa\u00edses, y de todos ellos se conformor\u00e1 la terna de 15 t\u00edtulos iniciales, que\u00a0ser\u00e1 anunciada por la Academia de Hollywood el pr\u00f3ximo 21 de diciembre.<\/p>\n<p><img alt=\"\" loading=\"lazy\" decoding=\"async\" class=\"alignnone wp-image-91840 size-full\" src=\"https:\/\/www.cordobatimes.com\/showup\/wp-content\/uploads\/2021\/10\/historia-de-erica-rivas.jpg\" alt=\"\" width=\"340\" height=\"625\" srcset=\"https:\/\/www.cordobatimes.com\/showup\/wp-content\/uploads\/2021\/10\/historia-de-erica-rivas.jpg 340w, https:\/\/www.cordobatimes.com\/showup\/wp-content\/uploads\/2021\/10\/historia-de-erica-rivas-228x420.jpg 228w\" sizes=\"auto, (max-width: 340px) 100vw, 340px\" \/><\/p>\n<p>La pel\u00edcula se estren\u00f3 en el Festival de Berl\u00edn en pandemia, y\u00a0luego de ser suspendido en varias oportunidades por el confinamiento, lleg\u00f3 a los cines locales a fin de septiembre. La trama est\u00e1 inspirada en la novela\u00a0El mal menor,\u00a0de C.E. Feiling, un thriller psicol\u00f3gico que irrumpe por momentos la comedia rom\u00e1ntica con algunos toques de humor. La historia se centra en In\u00e9s, una cantante l\u00edrica y dobladora de pel\u00edculas que comienza a tener pesadillas que se confunden con la realidad.\u00a0Ahora el film buscar\u00e1 su lugar entre las candidatas a mejor film internacional, y la decisi\u00f3n de elegirla como representante nacional fue consesuada a trav\u00e9s del voto mayoritario de los miembros de la Academia de Artes y Ciencias Cinematogr\u00e1ficas de la Argentina.<\/p>\n<p>Tal como suele ocurrir todos los a\u00f1os,\u00a0ser\u00e1 la Academia de Hollywood la que defina primero quince posibles candidatas para la terna en diciembre pr\u00f3ximo, y luego se conocer\u00e1n Los cinco nominados definitivos el 8 de febrero de 2022. En este sentido, cabe recordar que la gran fiesta que corresponde a la edici\u00f3n n\u00famero 94 de la ceremonia de los Oscar est\u00e1 prevista para el 27 de marzo del pr\u00f3ximo a\u00f1o.<\/p>\n<p>La \u00faltima pel\u00edcula argentina que fue seleccionada y luego compiti\u00f3 como pel\u00edcula internacional fue\u00a0Relatos salvajes, de Dami\u00e1n Szifr\u00f3n, en 2014, pero no pudo conseguir la estatuilla dorada. Por otro lado, hubo films argentinos que llegaron a ser propuestos, pero despu\u00e9s quedaron afuera de la categor\u00eda: algunos ejemplos son\u00a0El clan\u00a0de Pablo Trapero;\u00a0Los son\u00e1mbulos, de Paula Hern\u00e1ndez;\u00a0El ciudadano ilustre,\u00a0de Mariano Cohn y Gast\u00f3n Duprat;\u00a0Zama\u00a0de Lucracia Martel;\u00a0El angel\u00a0de Luis Ortega;\u00a0La odisea de los giles,\u00a0de Sebasti\u00e1n Borensztein.<\/p>\n<p><iframe loading=\"lazy\" width=\"560\" height=\"315\" src=\"https:\/\/www.youtube.com\/embed\/QZm7_-WfzV0\" title=\"YouTube video player\" frameborder=\"0\" allow=\"accelerometer; autoplay; clipboard-write; encrypted-media; gyroscope; picture-in-picture\" allowfullscreen><\/iframe><\/p>\n","protected":false},"excerpt":{"rendered":"<p>Fue seleccionada por la Academia de las Artes y Ciencias Cinematogr\u00e1ficas de nuestro pa\u00eds; a partir de este anuncio tiene posibilidades de ser nominada en la gran fiesta de la industria del cine. Mientras\u00a0El Pr\u00f3fugo\u00a0sigue en cartel en varias salas de cine,\u00a0\u00c9rica Rivas\u00a0confirm\u00f3 en su cuenta de Instagram que\u00a0el film dirigido por Natalia Meta fue [&hellip;]<\/p>\n","protected":false},"author":1,"featured_media":91839,"comment_status":"closed","ping_status":"closed","sticky":false,"template":"","format":"standard","meta":{"_seopress_robots_primary_cat":"","_seopress_titles_title":"","_seopress_titles_desc":"","_seopress_robots_index":"","footnotes":""},"categories":[3],"tags":[33627,33628],"class_list":{"0":"post-91838","1":"post","2":"type-post","3":"status-publish","4":"format-standard","5":"has-post-thumbnail","7":"category-cine-y-series","8":"tag-el-profugo-a-mejor-pelicula-internacional-en-los-oscar","9":"tag-el-profugo-en-los-oscar"},"_links":{"self":[{"href":"https:\/\/www.cordobatimes.com\/showup\/wp-json\/wp\/v2\/posts\/91838","targetHints":{"allow":["GET"]}}],"collection":[{"href":"https:\/\/www.cordobatimes.com\/showup\/wp-json\/wp\/v2\/posts"}],"about":[{"href":"https:\/\/www.cordobatimes.com\/showup\/wp-json\/wp\/v2\/types\/post"}],"author":[{"embeddable":true,"href":"https:\/\/www.cordobatimes.com\/showup\/wp-json\/wp\/v2\/users\/1"}],"replies":[{"embeddable":true,"href":"https:\/\/www.cordobatimes.com\/showup\/wp-json\/wp\/v2\/comments?post=91838"}],"version-history":[{"count":0,"href":"https:\/\/www.cordobatimes.com\/showup\/wp-json\/wp\/v2\/posts\/91838\/revisions"}],"wp:featuredmedia":[{"embeddable":true,"href":"https:\/\/www.cordobatimes.com\/showup\/wp-json\/wp\/v2\/media\/91839"}],"wp:attachment":[{"href":"https:\/\/www.cordobatimes.com\/showup\/wp-json\/wp\/v2\/media?parent=91838"}],"wp:term":[{"taxonomy":"category","embeddable":true,"href":"https:\/\/www.cordobatimes.com\/showup\/wp-json\/wp\/v2\/categories?post=91838"},{"taxonomy":"post_tag","embeddable":true,"href":"https:\/\/www.cordobatimes.com\/showup\/wp-json\/wp\/v2\/tags?post=91838"}],"curies":[{"name":"wp","href":"https:\/\/api.w.org\/{rel}","templated":true}]}}